{"id":30913,"date":"2023-10-07T16:28:36","date_gmt":"2023-10-07T16:28:36","guid":{"rendered":"https:\/\/tintafresca.net\/?p=30913"},"modified":"2023-10-07T16:35:26","modified_gmt":"2023-10-07T16:35:26","slug":"deputado-do-chega-eleito-pelo-distrito-de-santarem-realiza-visita-institucional-a-nersant","status":"publish","type":"post","link":"https:\/\/tintafresca.net\/index.php\/2023\/10\/07\/deputado-do-chega-eleito-pelo-distrito-de-santarem-realiza-visita-institucional-a-nersant\/","title":{"rendered":"Deputado do Chega eleito pelo Distrito de Santar\u00e9m realiza visita institucional \u00e0 Nersant"},"content":{"rendered":"<div id=\"attachment_30916\" style=\"width: 510px\" class=\"wp-caption alignleft\"><img loading=\"lazy\" decoding=\"async\" aria-describedby=\"caption-attachment-30916\" class=\"wp-image-30916 size-full\" src=\"https:\/\/tintafresca.net\/wp-content\/uploads\/2023\/10\/Santarem_Chega_Nersant10.jpg\" alt=\"\" width=\"500\" height=\"333\" srcset=\"https:\/\/tintafresca.net\/wp-content\/uploads\/2023\/10\/Santarem_Chega_Nersant10.jpg 500w, https:\/\/tintafresca.net\/wp-content\/uploads\/2023\/10\/Santarem_Chega_Nersant10-300x200.jpg 300w\" sizes=\"auto, (max-width: 500px) 100vw, 500px\" \/><p id=\"caption-attachment-30916\" class=\"wp-caption-text\">Delega\u00e7\u00e3o do Chega com a Dire\u00e7\u00e3o da Nersant<\/p><\/div>\n<p>O deputado do Chega \u00e0 Assembleia da Rep\u00fablica pelo distrito de Santar\u00e9m, Pedro Fraz\u00e3o, visitou no dia 2 de outubro, a Nersant &#8211; Associa\u00e7\u00e3o Empresarial da Regi\u00e3o de Santar\u00e9m, tendo reunido com o presidente e vice-presidente da Dire\u00e7\u00e3o, Ant\u00f3nio Pedroso Leal e Rui Serrano.<\/p>\n<p>A visita institucional do Chega teve como objetivo a apresenta\u00e7\u00e3o do deputado \u00e0 nova dire\u00e7\u00e3o da Nersant, tendo este partido pol\u00edtico reiterado a sua disponibilidade para trabalhar em conjunto em prol da regi\u00e3o de Santar\u00e9m.<\/p>\n<p>No \u00e2mbito da reuni\u00e3o, os membros da dire\u00e7\u00e3o da Nersant presentes expuseram algumas as preocupa\u00e7\u00f5es, desafios e anseios para o desenvolvimento da regi\u00e3o, tendo sido abordadas quest\u00f5es como o pagamento de portagens na A23, a necessidade de constru\u00e7\u00e3o de uma nova ponte sobre o Tejo e o projeto de constru\u00e7\u00e3o de um novo aeroporto em Santar\u00e9m.<\/p>\n<p>A necessidade de aumentar a m\u00e3o de obra qualificada foi outro dos assuntos abordados neste encontro, tendo a associa\u00e7\u00e3o referido estar em an\u00e1lise por parte do Governo uma candidatura conjunta entre a Escola Profissional de Torres Novas, Munic\u00edpio torrejano, ACIS e Nersant, para a cria\u00e7\u00e3o de um Centro Tecnol\u00f3gico no pavilh\u00e3o de exposi\u00e7\u00f5es da associa\u00e7\u00e3o, com o objetivo de oferecer programas formativos que se adequem \u00e0s exig\u00eancias do tecido empresarial regional, concretamente \u00e0s empresas da \u00e1rea industrial.<\/p>\n","protected":false},"excerpt":{"rendered":"<p>O deputado do Chega \u00e0 Assembleia da Rep\u00fablica pelo distrito de Santar\u00e9m, Pedro Fraz\u00e3o, visitou no dia 2 de outubro, a Nersant &#8211; Associa\u00e7\u00e3o Empresarial da Regi\u00e3o de Santar\u00e9m, tendo reunido com o presidente e vice-presidente da Dire\u00e7\u00e3o, Ant\u00f3nio Pedroso Leal e Rui Serrano. A visita institucional do Chega teve como objetivo a apresenta\u00e7\u00e3o do [&hellip;]<\/p>\n","protected":false},"author":2,"featured_media":30917,"comment_status":"open","ping_status":"open","sticky":false,"template":"","format":"standard","meta":{"footnotes":""},"categories":[7,11],"tags":[],"class_list":["post-30913","post","type-post","status-publish","format-standard","has-post-thumbnail","hentry","category-economia","category-sociedade"],"_links":{"self":[{"href":"https:\/\/tintafresca.net\/index.php\/wp-json\/wp\/v2\/posts\/30913","targetHints":{"allow":["GET"]}}],"collection":[{"href":"https:\/\/tintafresca.net\/index.php\/wp-json\/wp\/v2\/posts"}],"about":[{"href":"https:\/\/tintafresca.net\/index.php\/wp-json\/wp\/v2\/types\/post"}],"author":[{"embeddable":true,"href":"https:\/\/tintafresca.net\/index.php\/wp-json\/wp\/v2\/users\/2"}],"replies":[{"embeddable":true,"href":"https:\/\/tintafresca.net\/index.php\/wp-json\/wp\/v2\/comments?post=30913"}],"version-history":[{"count":3,"href":"https:\/\/tintafresca.net\/index.php\/wp-json\/wp\/v2\/posts\/30913\/revisions"}],"predecessor-version":[{"id":30918,"href":"https:\/\/tintafresca.net\/index.php\/wp-json\/wp\/v2\/posts\/30913\/revisions\/30918"}],"wp:featuredmedia":[{"embeddable":true,"href":"https:\/\/tintafresca.net\/index.php\/wp-json\/wp\/v2\/media\/30917"}],"wp:attachment":[{"href":"https:\/\/tintafresca.net\/index.php\/wp-json\/wp\/v2\/media?parent=30913"}],"wp:term":[{"taxonomy":"category","embeddable":true,"href":"https:\/\/tintafresca.net\/index.php\/wp-json\/wp\/v2\/categories?post=30913"},{"taxonomy":"post_tag","embeddable":true,"href":"https:\/\/tintafresca.net\/index.php\/wp-json\/wp\/v2\/tags?post=30913"}],"curies":[{"name":"wp","href":"https:\/\/api.w.org\/{rel}","templated":true}]}}