{"id":30937,"date":"2023-10-08T12:32:17","date_gmt":"2023-10-08T12:32:17","guid":{"rendered":"https:\/\/tintafresca.net\/?p=30937"},"modified":"2023-10-08T12:32:17","modified_gmt":"2023-10-08T12:32:17","slug":"servico-de-urgencia-do-hospital-de-torres-vedras-ja-concluiu-as-obras-de-remodelacao","status":"publish","type":"post","link":"https:\/\/tintafresca.net\/index.php\/2023\/10\/08\/servico-de-urgencia-do-hospital-de-torres-vedras-ja-concluiu-as-obras-de-remodelacao\/","title":{"rendered":"Servi\u00e7o de Urg\u00eancia do Hospital de Torres Vedras j\u00e1 concluiu as obras de remodela\u00e7\u00e3o"},"content":{"rendered":"<div id=\"attachment_30939\" style=\"width: 510px\" class=\"wp-caption alignleft\"><img loading=\"lazy\" decoding=\"async\" aria-describedby=\"caption-attachment-30939\" class=\"wp-image-30939 size-full\" src=\"https:\/\/tintafresca.net\/wp-content\/uploads\/2023\/10\/Torres-Vedras_sala-de-emergencia_SU10.jpg\" alt=\"\" width=\"500\" height=\"333\" srcset=\"https:\/\/tintafresca.net\/wp-content\/uploads\/2023\/10\/Torres-Vedras_sala-de-emergencia_SU10.jpg 500w, https:\/\/tintafresca.net\/wp-content\/uploads\/2023\/10\/Torres-Vedras_sala-de-emergencia_SU10-300x200.jpg 300w\" sizes=\"auto, (max-width: 500px) 100vw, 500px\" \/><p id=\"caption-attachment-30939\" class=\"wp-caption-text\">Sala remodelada do Servi\u00e7o de Urg\u00eancia<\/p><\/div>\n<p>O Conselho de Administra\u00e7\u00e3o do Centro Hospitalar do Oeste informou, no dia 6 de outubro, que est\u00e3o conclu\u00eddas as obras de remodela\u00e7\u00e3o da Urg\u00eancia M\u00e9dico-Cir\u00fargica da Unidade de Torres Vedras, que decorreram com o objetivo de melhorar a qualidade do acolhimento, do conforto e do atendimento aos doentes.\u00a0Tamb\u00e9m os profissionais que diariamente exercem as suas fun\u00e7\u00f5es neste Servi\u00e7o ir\u00e3o ver melhoradas as suas condi\u00e7\u00f5es de trabalho, com melhores instala\u00e7\u00f5es e equipamentos, que permitir\u00e3o aumentar a capacidade de resposta \u00e0 atividade do Servi\u00e7o.<\/p>\n<p>Recorde-se que esta empreitada, iniciada em julho de 2022, visou\u00a0criar uma estrutura mais funcional, coerente e segura, aumentando a capacidade da sala de observa\u00e7\u00e3o (S.O.) de 16 para 24 camas, aumentar os gabinetes m\u00e9dicos, melhorar as \u00e1reas de espera no interior da urg\u00eancia, aumentar o conforto e a seguran\u00e7a dos doentes e dos seus acompanhantes, dotar a triagem de dois gabinetes,\u00a0dotar o servi\u00e7o com uma sala de emerg\u00eancia com liga\u00e7\u00e3o direta ao exterior, permitindo uma maior rapidez no seu acesso e consequentemente uma maior rapidez na presta\u00e7\u00e3o de cuidados m\u00e9dicos.<\/p>\n<p>Esta empreitada representou um investimento de\u00a0760.539,64 \u20ac\u00a0(IVA inclu\u00eddo), encontrando-se inclu\u00edda numa candidatura do programa CENTRO 2020 (FEDER), com cofinanciamento de 85%.<\/p>\n<p>At\u00e9 30 de setembro de 2023 foram registados\u00a037.970\u00a0atendimentos no Servi\u00e7o de Urg\u00eancia da Unidade de Torres Vedras, mais 409 atendimentos do que em igual per\u00edodo de 2022.<\/p>\n<p>O Conselho de Administra\u00e7\u00e3o do Centro Hospitalar do Oeste agradece aos utentes e aos profissionais toda a compreens\u00e3o demonstrada durante esta fase de obras. De notar que o Servi\u00e7o de Urg\u00eancia, apesar dos constrangimentos inerentes \u00e0 obra, continuou sempre a funcionar e a prestar os cuidados necess\u00e1rios \u00e0 popula\u00e7\u00e3o.<\/p>\n<p>O Centro Hospitalar do Oeste integra os hospitais de Caldas da Rainha, Peniche e Torres Vedras, tendo uma \u00e1rea de influ\u00eancia constitu\u00edda pelas popula\u00e7\u00f5es dos concelhos de Caldas da Rainha, \u00d3bidos, Peniche, Bombarral, Torres Vedras, Cadaval e Lourinh\u00e3 e de parte dos concelhos de Alcoba\u00e7a (freguesias de Alfeizer\u00e3o, Benedita e S\u00e3o Martinho do Porto) e de Mafra (com exce\u00e7\u00e3o das freguesias de Malveira, Milharado, Santo Est\u00eav\u00e3o das Gal\u00e9s e Venda do Pinheiro), abrangendo 298.390 habitantes.<\/p>\n<p><strong>\u00a0 \u00a0 \u00a0Fonte: GC|CHO<\/strong><\/p>\n","protected":false},"excerpt":{"rendered":"<p>O Conselho de Administra\u00e7\u00e3o do Centro Hospitalar do Oeste informou, no dia 6 de outubro, que est\u00e3o conclu\u00eddas as obras de remodela\u00e7\u00e3o da Urg\u00eancia M\u00e9dico-Cir\u00fargica da Unidade de Torres Vedras, que decorreram com o objetivo de melhorar a qualidade do acolhimento, do conforto e do atendimento aos doentes.\u00a0Tamb\u00e9m os profissionais que diariamente exercem as suas [&hellip;]<\/p>\n","protected":false},"author":2,"featured_media":30940,"comment_status":"open","ping_status":"open","sticky":false,"template":"","format":"standard","meta":{"footnotes":""},"categories":[6],"tags":[],"class_list":["post-30937","post","type-post","status-publish","format-standard","has-post-thumbnail","hentry","category-saude"],"_links":{"self":[{"href":"https:\/\/tintafresca.net\/index.php\/wp-json\/wp\/v2\/posts\/30937","targetHints":{"allow":["GET"]}}],"collection":[{"href":"https:\/\/tintafresca.net\/index.php\/wp-json\/wp\/v2\/posts"}],"about":[{"href":"https:\/\/tintafresca.net\/index.php\/wp-json\/wp\/v2\/types\/post"}],"author":[{"embeddable":true,"href":"https:\/\/tintafresca.net\/index.php\/wp-json\/wp\/v2\/users\/2"}],"replies":[{"embeddable":true,"href":"https:\/\/tintafresca.net\/index.php\/wp-json\/wp\/v2\/comments?post=30937"}],"version-history":[{"count":2,"href":"https:\/\/tintafresca.net\/index.php\/wp-json\/wp\/v2\/posts\/30937\/revisions"}],"predecessor-version":[{"id":30941,"href":"https:\/\/tintafresca.net\/index.php\/wp-json\/wp\/v2\/posts\/30937\/revisions\/30941"}],"wp:featuredmedia":[{"embeddable":true,"href":"https:\/\/tintafresca.net\/index.php\/wp-json\/wp\/v2\/media\/30940"}],"wp:attachment":[{"href":"https:\/\/tintafresca.net\/index.php\/wp-json\/wp\/v2\/media?parent=30937"}],"wp:term":[{"taxonomy":"category","embeddable":true,"href":"https:\/\/tintafresca.net\/index.php\/wp-json\/wp\/v2\/categories?post=30937"},{"taxonomy":"post_tag","embeddable":true,"href":"https:\/\/tintafresca.net\/index.php\/wp-json\/wp\/v2\/tags?post=30937"}],"curies":[{"name":"wp","href":"https:\/\/api.w.org\/{rel}","templated":true}]}}