{"id":30959,"date":"2023-10-09T09:27:37","date_gmt":"2023-10-09T09:27:37","guid":{"rendered":"https:\/\/tintafresca.net\/?p=30959"},"modified":"2023-10-10T10:38:46","modified_gmt":"2023-10-10T10:38:46","slug":"cadaval-recebe-24-a-festa-das-adiafas-e-festival-nacional-do-vinho-leve-de-14-a-22-de-outubro","status":"publish","type":"post","link":"https:\/\/tintafresca.net\/index.php\/2023\/10\/09\/cadaval-recebe-24-a-festa-das-adiafas-e-festival-nacional-do-vinho-leve-de-14-a-22-de-outubro\/","title":{"rendered":"Cadaval recebe 24.\u00aa Festa das Adiafas e Festival Nacional do Vinho Leve de 14 a 22 de outubro"},"content":{"rendered":"<div id=\"attachment_30961\" style=\"width: 510px\" class=\"wp-caption alignleft\"><img loading=\"lazy\" decoding=\"async\" aria-describedby=\"caption-attachment-30961\" class=\"wp-image-30961 size-full\" src=\"https:\/\/tintafresca.net\/wp-content\/uploads\/2023\/10\/Cadaval_adiafas_publico10.jpg\" alt=\"\" width=\"500\" height=\"280\" srcset=\"https:\/\/tintafresca.net\/wp-content\/uploads\/2023\/10\/Cadaval_adiafas_publico10.jpg 500w, https:\/\/tintafresca.net\/wp-content\/uploads\/2023\/10\/Cadaval_adiafas_publico10-300x168.jpg 300w\" sizes=\"auto, (max-width: 500px) 100vw, 500px\" \/><p id=\"caption-attachment-30961\" class=\"wp-caption-text\">P\u00fablico das Adiafas<\/p><\/div>\n<p>O Cadaval prepara-se para receber a 24.\u00aa edi\u00e7\u00e3o da Festa das Adiafas, na qual se insere o XX Festival Nacional do Vinho Leve. De 14 a 22 de outubro, o Pavilh\u00e3o Jo\u00e3o Francisco Ribeiro Corr\u00eaa voltar\u00e1 a receber o evento que celebra o final das colheitas e no qual n\u00e3o faltar\u00e1 anima\u00e7\u00e3o musical, atividades equestres, gastronomia, espa\u00e7os de conversa sobre o setor produtivo e artesanato, com um total de 47 expositores. O Concurso de Vinhos Leves de Lisboa e a elei\u00e7\u00e3o da Rainha das Adiafas 2023 tamb\u00e9m voltam a ser parte integrante da programa\u00e7\u00e3o desta edi\u00e7\u00e3o, que ter\u00e1 entradas livres.<\/p>\n<p>Apesar da finalidade do evento ser a celebra\u00e7\u00e3o do final das colheitas, de um modo geral, \u00e9 ineg\u00e1vel que o destaque para a Pera Rocha do Oeste e Vinho Leve da Regi\u00e3o de Lisboa, sendo o Cadaval o principal produtor e exportador de Pera Rocha, destacando-se tamb\u00e9m como l\u00edder no que se refere \u00e0 produ\u00e7\u00e3o deste vinho de caracter\u00edsticas peculiares \u2013 o Vinho Leve.<\/p>\n<p>Numa breve an\u00e1lise \u00e0 anima\u00e7\u00e3o musical programada, o vice-presidente da C\u00e2mara Municipal do Cadaval, Ricardo Pinteus, destaca as atua\u00e7\u00f5es de segunda, ter\u00e7a e quarta-feira, dias 16, 17 e 18, com as atua\u00e7\u00f5es de Jo\u00e3o Pedro Pais, \u201c<em>The Lucky Duckies<\/em>\u201d e a Orquestra Ligeira do Ex\u00e9rcito, respetivamente. \u00abN\u00e3o \u00e9 por acaso que a aposta em nomes mais sonantes se dirigiu \u00e0s noites de segunda, ter\u00e7a e quarta-feira. S\u00e3o os dias em que esperar\u00edamos alguma quebra de aflu\u00eancia\u00bb, mas com as atra\u00e7\u00f5es musicais escolhidas, a autarquia almeja manter \u2018casa cheia\u2019 durante os nove dias de festa.<\/p>\n<p>\u00abAquilo que se espera \u00e9 que, durante esta semana com dois fins de semana, haja sempre aqui um leque de atividades que mantenha as pessoas ocupadas e que permita momentos de conv\u00edvio e refei\u00e7\u00e3o\u00bb, salientou o autarca.<\/p>\n<p>Ano ap\u00f3s ano, a autarquia tem-se deparado com a adversidade da falta de espa\u00e7o. Como tal, os expositores do XX Festival Nacional do Vinho Leve estar\u00e3o localizados numa tenda \u00e0 parte, situa\u00e7\u00e3o que se espera que seja tempor\u00e1ria. Segundo Ricardo Pinteus, \u00abeste ano a entrada do certame ser\u00e1 feita por essa tenda, onde estar\u00e3o expostos os Vinhos Leves, que achamos que deve ser sempre a entrada do certame\u00bb. Desse modo, a autarquia pretende facilitar a circula\u00e7\u00e3o dos visitantes por todo o espa\u00e7o do evento.<\/p>\n<p>Para al\u00e9m dos j\u00e1 referidos destaques, \u00e9 tamb\u00e9m de salientar a elei\u00e7\u00e3o da Rainha das Adiafas 2023, que contar\u00e1 com a apresenta\u00e7\u00e3o do cadavalense Duarte Siopa, na companhia de Joana Alvarenga, tendo in\u00edcio marcado para as 21h30 de 22 de outubro, derradeira noite da presente edi\u00e7\u00e3o da Festa das Adiafas. Recorde-se que, anteriormente, o concurso era designado de Miss Adiafas. No entanto, com o objetivo de aproxima\u00e7\u00e3o ao concurso nacional da Rainha das Vindimas e \u00e0 tradicional elei\u00e7\u00e3o da Rainha das Vindimas do Cadaval, o nome do concurso foi alterado nesta edi\u00e7\u00e3o para \u201cRainha das Adiafas\u201d.<\/p>\n<p>No primeiro dia do evento, 14 de outubro, pelas 12h00, ser\u00e1 dada a abertura do espa\u00e7o de restaurantes e tasquinhas da festa, onde treze associa\u00e7\u00f5es do concelho ir\u00e3o garantir o servi\u00e7o de refei\u00e7\u00f5es. No entanto, a Inaugura\u00e7\u00e3o Oficial do Certame est\u00e1 agendada para as 16h30, contando com a sonoridade da Fanfarra da Associa\u00e7\u00e3o Humanit\u00e1ria do Bombeiros Volunt\u00e1rios do Cadaval.<\/p>\n<p>Site oficial do evento: <a href=\"https:\/\/festadasadiafas.pt\/\">https:\/\/festadasadiafas.pt\/<\/a><\/p>\n<p><strong>\u00a0 \u00a0 \u00a0 Fonte: EGC|SCRP|CMC<\/strong><\/p>\n","protected":false},"excerpt":{"rendered":"<p>O Cadaval prepara-se para receber a 24.\u00aa edi\u00e7\u00e3o da Festa das Adiafas, na qual se insere o XX Festival Nacional do Vinho Leve. De 14 a 22 de outubro, o Pavilh\u00e3o Jo\u00e3o Francisco Ribeiro Corr\u00eaa voltar\u00e1 a receber o evento que celebra o final das colheitas e no qual n\u00e3o faltar\u00e1 anima\u00e7\u00e3o musical, atividades equestres, [&hellip;]<\/p>\n","protected":false},"author":2,"featured_media":30963,"comment_status":"open","ping_status":"open","sticky":false,"template":"","format":"standard","meta":{"footnotes":""},"categories":[7],"tags":[],"class_list":["post-30959","post","type-post","status-publish","format-standard","has-post-thumbnail","hentry","category-economia"],"_links":{"self":[{"href":"https:\/\/tintafresca.net\/index.php\/wp-json\/wp\/v2\/posts\/30959","targetHints":{"allow":["GET"]}}],"collection":[{"href":"https:\/\/tintafresca.net\/index.php\/wp-json\/wp\/v2\/posts"}],"about":[{"href":"https:\/\/tintafresca.net\/index.php\/wp-json\/wp\/v2\/types\/post"}],"author":[{"embeddable":true,"href":"https:\/\/tintafresca.net\/index.php\/wp-json\/wp\/v2\/users\/2"}],"replies":[{"embeddable":true,"href":"https:\/\/tintafresca.net\/index.php\/wp-json\/wp\/v2\/comments?post=30959"}],"version-history":[{"count":3,"href":"https:\/\/tintafresca.net\/index.php\/wp-json\/wp\/v2\/posts\/30959\/revisions"}],"predecessor-version":[{"id":30964,"href":"https:\/\/tintafresca.net\/index.php\/wp-json\/wp\/v2\/posts\/30959\/revisions\/30964"}],"wp:featuredmedia":[{"embeddable":true,"href":"https:\/\/tintafresca.net\/index.php\/wp-json\/wp\/v2\/media\/30963"}],"wp:attachment":[{"href":"https:\/\/tintafresca.net\/index.php\/wp-json\/wp\/v2\/media?parent=30959"}],"wp:term":[{"taxonomy":"category","embeddable":true,"href":"https:\/\/tintafresca.net\/index.php\/wp-json\/wp\/v2\/categories?post=30959"},{"taxonomy":"post_tag","embeddable":true,"href":"https:\/\/tintafresca.net\/index.php\/wp-json\/wp\/v2\/tags?post=30959"}],"curies":[{"name":"wp","href":"https:\/\/api.w.org\/{rel}","templated":true}]}}