{"id":30971,"date":"2023-10-09T11:09:20","date_gmt":"2023-10-09T11:09:20","guid":{"rendered":"https:\/\/tintafresca.net\/?p=30971"},"modified":"2023-10-09T11:10:08","modified_gmt":"2023-10-09T11:10:08","slug":"deputados-do-psd-visitam-nersant-e-debatem-desenvolvimento-empresarial-da-regiao-de-santarem","status":"publish","type":"post","link":"https:\/\/tintafresca.net\/index.php\/2023\/10\/09\/deputados-do-psd-visitam-nersant-e-debatem-desenvolvimento-empresarial-da-regiao-de-santarem\/","title":{"rendered":"Deputados do PSD visitam Nersant e debatem desenvolvimento empresarial da regi\u00e3o de Santar\u00e9m"},"content":{"rendered":"<div id=\"attachment_30973\" style=\"width: 510px\" class=\"wp-caption alignleft\"><img loading=\"lazy\" decoding=\"async\" aria-describedby=\"caption-attachment-30973\" class=\"wp-image-30973 size-full\" src=\"https:\/\/tintafresca.net\/wp-content\/uploads\/2023\/10\/Nersant_PSD10.jpg\" alt=\"\" width=\"500\" height=\"333\" srcset=\"https:\/\/tintafresca.net\/wp-content\/uploads\/2023\/10\/Nersant_PSD10.jpg 500w, https:\/\/tintafresca.net\/wp-content\/uploads\/2023\/10\/Nersant_PSD10-300x200.jpg 300w\" sizes=\"auto, (max-width: 500px) 100vw, 500px\" \/><p id=\"caption-attachment-30973\" class=\"wp-caption-text\">Delega\u00e7\u00e3o do PSD com a Dire\u00e7\u00e3o da Nersant<\/p><\/div>\n<p>Os deputados do PSD \u00e0 Assembleia da Rep\u00fablica pelo distrito de Santar\u00e9m, Jo\u00e3o Moura, Isaura Morais e In\u00eas Barroso, visitaram na manh\u00e3 do dia 2 de outubro a Nersant &#8211; Associa\u00e7\u00e3o Empresarial da Regi\u00e3o de Santar\u00e9m, para debater e analisar estrat\u00e9gias de coopera\u00e7\u00e3o em prol do desenvolvimento regional.<\/p>\n<p>No encontro, os deputados foram recebidos pelo presidente e vice-presidente da Dire\u00e7\u00e3o, Ant\u00f3nio Pedroso Leal e Rui Serrano, que elencaram algumas preocupa\u00e7\u00f5es, anseios e desafios da regi\u00e3o, aproveitando a vinda da delega\u00e7\u00e3o do PSD para analisar as tem\u00e1ticas e dar voz \u00e0s empresas da regi\u00e3o junto do Governo.<\/p>\n<p>Apesar da recente redu\u00e7\u00e3o de custos nas portagens da A23, a Nersant alertou a delega\u00e7\u00e3o de que os custos com os transportes \/ desloca\u00e7\u00f5es continuam a preocupar os empres\u00e1rios e que a conclus\u00e3o do IC3 e da constru\u00e7\u00e3o de uma nova ponte sobre o Tejo na Chamusca seria importante n\u00e3o s\u00f3 para atrair investimento para aquela regi\u00e3o, bem como para afastar a passagem de res\u00edduos que v\u00e3o para o Ecoparque do Relv\u00e3o, do centro das vilas.<\/p>\n<p>Listou ainda o atraso nos pagamentos \u00e0s empresas do PRR como um entrave ao desenvolvimento empresarial, e referiu que a vinda do aeroporto seria uma oportunidade para a regi\u00e3o.<\/p>\n<p>O presidente da Dire\u00e7\u00e3o da Nersant referiu ainda que a forma\u00e7\u00e3o de excel\u00eancia nas empresas continua a ser uma prioridade, tendo a Nersant, em conjunto com a Escola Profissional de Torres Novas, Munic\u00edpio Torrejano e ACIS, submetido uma candidatura para transformar o pavilh\u00e3o de exposi\u00e7\u00f5es da associa\u00e7\u00e3o em Torres Novas, num centro tecnol\u00f3gico que ir\u00e1 colmatar as lacunas ao n\u00edvel da forma\u00e7\u00e3o qualificada para a ind\u00fastria.<\/p>\n<p>O deputado Jo\u00e3o Moura, por sua vez, fez saber que esta visita de cariz institucional pretendeu transmitir a import\u00e2ncia da Nersant para a regi\u00e3o, sendo fundamental a sua din\u00e2mica e vigor em prol da competitividade o tecido empresarial da regi\u00e3o e do bem-estar das popula\u00e7\u00f5es.<\/p>\n<p>Referiu que a regi\u00e3o apresenta \u201ccausas comuns\u201d e que a \u201ca regi\u00e3o deve falar a uma s\u00f3 voz\u201d. Concordou com os dirigentes da Nersant relativamente \u00e0 falta de m\u00e3o-de-obra qualificada. \u201cA riqueza s\u00f3 \u00e9 proveniente atrav\u00e9s das empresas. Estamos a perder popula\u00e7\u00e3o e m\u00e3o-de-obra e temos de reverter este ciclo\u201d, disse, aplaudindo o projeto conjunto candidatado para reconvers\u00e3o do pavilh\u00e3o num centro tecnol\u00f3gico.<\/p>\n<p>Quanto ao aeroporto, Jo\u00e3o Moura referiu que a Nersant deve ser \u201cuma pe\u00e7a fundamental\u201d na concretiza\u00e7\u00e3o da vinda do aeroporto para o distrito de Santar\u00e9m, mobilizando empresas do setor log\u00edstico para a cria\u00e7\u00e3o de um polo de transporte de mercadorias via a\u00e9rea.<\/p>\n<p>Relativamente aos atrasos no pagamento \u00e0s empresas, o Deputado referiu que Portugal n\u00e3o est\u00e1 a aproveitar os fundos do PRR, estando ser realizados muitos mais investimentos destes fundos no Estado do que nas empresas, para onde este dinheiro deveria estar a ser canalizado.<\/p>\n<p>Jo\u00e3o Moura referiu ainda que \u00e9 o Presidente do Grupo Parlamentar de Amizade Portugal-Brasil, atrav\u00e9s do qual tem conhecimento de empres\u00e1rios brasileiros de grande dimens\u00e3o a querer investir em Portugal, para chegar \u00e0 Europa e at\u00e9 \u00c1frica.<\/p>\n<p>\u201cH\u00e1 um conjunto de parcerias que podem ser procuradas, trabalhadas e desenvolvidas\u201d, disse Ant\u00f3nio Pedroso Leal, mostrando a disponibilidade da Nersant para colaborar no sentido do desenvolvimento da regi\u00e3o e das suas empresas.<\/p>\n<p>Para al\u00e9m do Deputados \u00e0 Assembleia da Rep\u00fablica, Jo\u00e3o Moura, Isaura Morais e In\u00eas Barroso, a comitiva do PSD integrou ainda a presen\u00e7a dos membros do PSD Distrital de Santar\u00e9m, Tiago Ferreira e Renata Henriques.<\/p>\n<p><strong>\u00a0 \u00a0 Fonte: Nersant<\/strong><\/p>\n","protected":false},"excerpt":{"rendered":"<p>Os deputados do PSD \u00e0 Assembleia da Rep\u00fablica pelo distrito de Santar\u00e9m, Jo\u00e3o Moura, Isaura Morais e In\u00eas Barroso, visitaram na manh\u00e3 do dia 2 de outubro a Nersant &#8211; Associa\u00e7\u00e3o Empresarial da Regi\u00e3o de Santar\u00e9m, para debater e analisar estrat\u00e9gias de coopera\u00e7\u00e3o em prol do desenvolvimento regional. No encontro, os deputados foram recebidos pelo [&hellip;]<\/p>\n","protected":false},"author":2,"featured_media":30974,"comment_status":"open","ping_status":"open","sticky":false,"template":"","format":"standard","meta":{"footnotes":""},"categories":[7],"tags":[],"class_list":["post-30971","post","type-post","status-publish","format-standard","has-post-thumbnail","hentry","category-economia"],"_links":{"self":[{"href":"https:\/\/tintafresca.net\/index.php\/wp-json\/wp\/v2\/posts\/30971","targetHints":{"allow":["GET"]}}],"collection":[{"href":"https:\/\/tintafresca.net\/index.php\/wp-json\/wp\/v2\/posts"}],"about":[{"href":"https:\/\/tintafresca.net\/index.php\/wp-json\/wp\/v2\/types\/post"}],"author":[{"embeddable":true,"href":"https:\/\/tintafresca.net\/index.php\/wp-json\/wp\/v2\/users\/2"}],"replies":[{"embeddable":true,"href":"https:\/\/tintafresca.net\/index.php\/wp-json\/wp\/v2\/comments?post=30971"}],"version-history":[{"count":2,"href":"https:\/\/tintafresca.net\/index.php\/wp-json\/wp\/v2\/posts\/30971\/revisions"}],"predecessor-version":[{"id":30975,"href":"https:\/\/tintafresca.net\/index.php\/wp-json\/wp\/v2\/posts\/30971\/revisions\/30975"}],"wp:featuredmedia":[{"embeddable":true,"href":"https:\/\/tintafresca.net\/index.php\/wp-json\/wp\/v2\/media\/30974"}],"wp:attachment":[{"href":"https:\/\/tintafresca.net\/index.php\/wp-json\/wp\/v2\/media?parent=30971"}],"wp:term":[{"taxonomy":"category","embeddable":true,"href":"https:\/\/tintafresca.net\/index.php\/wp-json\/wp\/v2\/categories?post=30971"},{"taxonomy":"post_tag","embeddable":true,"href":"https:\/\/tintafresca.net\/index.php\/wp-json\/wp\/v2\/tags?post=30971"}],"curies":[{"name":"wp","href":"https:\/\/api.w.org\/{rel}","templated":true}]}}