{"id":31029,"date":"2023-10-11T17:38:50","date_gmt":"2023-10-11T17:38:50","guid":{"rendered":"https:\/\/tintafresca.net\/?p=31029"},"modified":"2023-10-11T17:56:49","modified_gmt":"2023-10-11T17:56:49","slug":"festival-arttur-exibe-os-melhores-82-filmes-de-turismo-do-mundo-nas-caldas-da-rainha","status":"publish","type":"post","link":"https:\/\/tintafresca.net\/index.php\/2023\/10\/11\/festival-arttur-exibe-os-melhores-82-filmes-de-turismo-do-mundo-nas-caldas-da-rainha\/","title":{"rendered":"Festival ART&#038;TUR exibe os melhores 82 filmes de turismo do mundo nas Caldas da Rainha"},"content":{"rendered":"<p><img loading=\"lazy\" decoding=\"async\" class=\"alignleft wp-image-31031 size-full\" src=\"https:\/\/tintafresca.net\/wp-content\/uploads\/2023\/10\/Caldas_ARTUR20.jpg\" alt=\"\" width=\"500\" height=\"404\" srcset=\"https:\/\/tintafresca.net\/wp-content\/uploads\/2023\/10\/Caldas_ARTUR20.jpg 500w, https:\/\/tintafresca.net\/wp-content\/uploads\/2023\/10\/Caldas_ARTUR20-300x242.jpg 300w\" sizes=\"auto, (max-width: 500px) 100vw, 500px\" \/>O Centro Cultural e Congressos de Caldas da Rainha recebeu, no dia 10 de outubro, a apresenta\u00e7\u00e3o do programa do ART&amp;TUR &#8211; Festival Internacional de Cinema de Turismo, que vai decorrer entre 24 e 27 de outubro nesta cidade do Centro de Portugal. O festival \u00e9 uma coorganiza\u00e7\u00e3o entre a Centro Portugal Film Commission e a Turismo Centro de Portugal.<\/p>\n<p>J\u00e1 na sua 16.\u00aa edi\u00e7\u00e3o, o ART&amp;TUR \u00e9 um certame consolidado no panorama internacional dos festivais de cinema de turismo, atraindo anualmente os melhores filmes sobre turismo nacionais e internacionais. As \u00faltimas cinco edi\u00e7\u00f5es do festival realizaram-se no Centro de Portugal, nomeadamente em Leiria, Torres Vedras, Viseu, Aveiro e Our\u00e9m, a que se segue agora Caldas da Rainha. O festival integra o CIFFT, circuito internacional de festivais de filmes de turismo.<\/p>\n<p>Durante os quatro dias do Festival, ser\u00e3o exibidos os filmes que comp\u00f5em a shortlist da competi\u00e7\u00e3o, selecionados entre os 262 filmes promocionais e document\u00e1rios, de 47 pa\u00edses, que se inscreveram na competi\u00e7\u00e3o e que foram avaliados pelo j\u00fari internacional. Este ano h\u00e1 tr\u00eas competi\u00e7\u00f5es distintas inclu\u00eddas no festival: a competi\u00e7\u00e3o nacional, a competi\u00e7\u00e3o internacional e, em estreia, a competi\u00e7\u00e3o brasileira.<\/p>\n<p>No total, ser\u00e3o exibidos 82 filmes, integrados em 10 sess\u00f5es tem\u00e1ticas. As sess\u00f5es tem\u00e1ticas ser\u00e3o intercaladas por 7 mesas-redondas, em que especialistas refletir\u00e3o sobre temas atuais abordados nos filmes exibidos. Paralelamente, decorrer\u00e3o outras iniciativas inseridas no Festival. O programa completo do evento pode ser consultado em https:\/\/tourfilm-festival.com.<\/p>\n<p>Na apresenta\u00e7\u00e3o, V\u00edtor Marques, presidente da C\u00e2mara Municipal de Caldas da Rainha, agradeceu a confian\u00e7a manifestada pela organiza\u00e7\u00e3o em escolher esta cidade para acolher o evento. \u201cO ART&amp;TUR \u00e9 muito importante para a promo\u00e7\u00e3o da cidade e da regi\u00e3o. \u00c9 uma oportunidade para mostrar o melhor do territ\u00f3rio e de trazer outros mundos \u00e0s Caldas da Rainha. Al\u00e9m disso, possibilita o envolvimento das entidades culturais locais\u201d, sublinhou.<\/p>\n<p>Raul Almeida, presidente da Turismo Centro de Portugal, destacou a crescente import\u00e2ncia do turismo cinematogr\u00e1fico a n\u00edvel internacional, assim como da visibilidade gerada pelos filmes de turismo. \u201cCada vez mais pessoas procuram conhecer os locais que viram em filmes e s\u00e9ries. \u00c9 uma tend\u00eancia internacional que representa uma oportunidade de desenvolvimento para os territ\u00f3rios de baixa densidade, que s\u00e3o muitas vezes os cen\u00e1rios escolhidos para as produ\u00e7\u00f5es\u201d, frisou.<\/p>\n<p>\u201cOs filmes promocionais de turismo, que s\u00e3o o tema deste festival, s\u00e3o tamb\u00e9m uma forma importante de promover os territ\u00f3rios. Nos \u00faltimos anos, a Turismo Centro de Portugal tem apresentado filmes promocionais de grande valor, que t\u00eam arrecadado pr\u00e9mios em festivais de todo o mundo. Essas distin\u00e7\u00f5es d\u00e3o grande visibilidade e atraem turistas ao Centro de Portugal\u201d, acrescentou Raul Almeida.<\/p>\n<p>Coube a Francisco Dias, diretor do ART&amp;TUR, apresentar o festival e o respetivo programa. \u201cEste \u00e9 um festival itinerante, que percorre todos os anos os munic\u00edpios da regi\u00e3o Centro de Portugal. \u00c9 um desafio, uma vez que essa itiner\u00e2ncia significa que come\u00e7amos anualmente tudo de novo\u201d, considerou.<\/p>\n<p>\u201cO que estamos a fazer com este festival \u00e9 muito \u00fatil e \u00e9 uma semente para outros projetos\u201d, enalteceu Francisco Dias, que terminou com a constata\u00e7\u00e3o de que \u201co ART&amp;TUR \u00e9 o festival de filmes mais global no seu nicho e o mais reconhecido a n\u00edvel mundial\u201d.<\/p>\n<p><strong>Um programa completo durante quatro dias<\/strong><\/p>\n<p>O primeiro dia do ART&amp;TUR, 24 de outubro, come\u00e7a com uma sess\u00e3o de boas-vindas, a que se seguir\u00e1 uma mesa-redonda sobre \u201cO papel do audiovisual na promo\u00e7\u00e3o de produtos tur\u00edsticos inovadores\u201d.<\/p>\n<p>Segue-se a exibi\u00e7\u00e3o dos primeiros filmes a concurso, divididos no primeiro dia em quatro sec\u00e7\u00f5es: \u201cMelhores filmes internacionais de promo\u00e7\u00e3o de produtos e destinos tur\u00edsticos\u201d, \u201cMelhores filmes nacionais de promo\u00e7\u00e3o de produtos e destinos tur\u00edsticos\u201d, \u201cMelhores filmes de patrim\u00f3nio cultural e gastronomia\u201d e \u201cMelhores filmes brasileiros em competi\u00e7\u00e3o\u201d.<\/p>\n<p>As sess\u00f5es do primeiro dia ser\u00e3o intercaladas por mais duas mesas-redondas, dedicadas aos temas \u201cA cultura e a gastronomia como o \u2018sal\u2019 e a \u2018pimenta\u2019 do desenvolvimento tur\u00edstico\u201d e \u201cO Brasil \u00e9 um mundo de grandes oportunidades\u201d. O dia termina com o jantar tem\u00e1tico \u201cBrasil \u00e0 mesa e&#8230; \u2018a menina dan\u00e7a?\u2019\u201d.<\/p>\n<p>No segundo dia de festival, dia 25, as quatro sess\u00f5es t\u00eam os seguintes temas: \u201cOceanos, ecologia e sustentabilidade global\u201d, \u201cHeran\u00e7a cultural e a import\u00e2ncia das artes e of\u00edcios\u201d, \u201cExperi\u00eancia audiovisual nos voos de longo-curso da TAP\u201d e \u201cMelhores filmes ibero-americanos da 16.\u00aa edi\u00e7\u00e3o do Festival ART&amp;TUR\u201d. Mais uma vez, as sess\u00f5es ser\u00e3o intercaladas por mesas-redondas, neste caso sobre \u201cOceanos e sustentabilidade planet\u00e1ria global\u201d, \u201cArtes e of\u00edcios como ativos diferenciadores do branding do destino\u201d e \u201cA experi\u00eancia audiovisual nos voos de longo-curso da TAP\u201d. \u00c0 noite, ter\u00e1 lugar o concerto \u201cM\u00fasicas Ic\u00f3nicas de Cinema\u201d, no Grande Audit\u00f3rio do Centro Cultural e Congressos, interpretadas por sociedades filarm\u00f3nicas de freguesias das Caldas da Rainha.<\/p>\n<p>A manh\u00e3 do terceiro dia, dia 26, come\u00e7ar\u00e1 com a estreia dos filmes produzidos no \u00e2mbito da iniciativa ART&amp;FACTORY 2023. O ART&amp;FACTORY \u00e9 j\u00e1 uma tradi\u00e7\u00e3o do ART&amp;TUR. Trata-se de um concurso inserido no evento, em que realizadores internacionais produzem, na semana imediatamente antes do festival, filmes promocionais no territ\u00f3rio que recebe o ART&amp;TUR \u2013 neste caso, nas Caldas da Rainha.<\/p>\n<p>A restante manh\u00e3 ser\u00e1 preenchida com um programa cultural para convidados, dividido em tr\u00eas partes. A primeira \u00e9 uma visita guiada a locais relevantes das Caldas da Rainha. A segunda \u00e9 uma visita aos locais da cidade que acolheram a exposi\u00e7\u00e3o \u201cHist\u00f3rias da Cidade\u201d, da arquiteta iraniana Mona Erfanian, e a terceira \u00e9 a exposi\u00e7\u00e3o \u201cART&amp;TUR na Cultura Amer\u00edndia\u201d, no SILOS Contentor Criativo.<\/p>\n<p>\u00c0 tarde, retoma-se a exibi\u00e7\u00e3o de filmes, com mais duas sess\u00f5es: \u201cRetrospetiva dos melhores filmes de storytelling do ART&amp;FACTORY&#8221; (exibi\u00e7\u00e3o dos vencedores das edi\u00e7\u00f5es anteriores da iniciativa), &#8220;Melhores filmes da 16.\u00aa edi\u00e7\u00e3o do ART&amp;TUR (filmes europeus)\u201d e \u201cMelhores filmes da 16.\u00aa edi\u00e7\u00e3o do ART&amp;TUR (filmes africanos e asi\u00e1ticos)\u201d. As mesas-redondas da tarde ter\u00e3o como temas de conversa \u201cStorytelling e a promo\u00e7\u00e3o dos destinos tur\u00edsticos\u201d e \u201cCaldas da Rainha, cidade termal e criativa do artesanato e das artes populares\u201d. O dia termina com um jantar tem\u00e1tico, seguido de um workshop de sake e aguardente da Lourinh\u00e3.<\/p>\n<p>A manh\u00e3 do \u00faltimo dia de Festival ART&amp;TUR, dia 27, \u00e9 dedicada \u00e0 candidatura da regi\u00e3o Oeste a Geopark da UNESCO, com a realiza\u00e7\u00e3o da mesa-redonda \u201cBem-vindo ao Aspiring Geopark Oeste\u201d e uma visita aos seus locais mais emblem\u00e1ticos.<\/p>\n<p>\u00c0 tarde, a partir das 17h00, ter\u00e1 lugar o momento mais alto do evento: a Gala de Pr\u00e9mios, em que ser\u00e3o distinguidas as melhores produ\u00e7\u00f5es que concorreram ao ART&amp;TUR Caldas da Rainha 2023.<\/p>\n<p><strong>Iniciativas complementam o programa<\/strong><\/p>\n<p>Este ano, o ART&amp;TUR tem um programa conexo mais amplo, tanto na diversidade de iniciativas como no tempo de dura\u00e7\u00e3o.<\/p>\n<p>No dia 10 de outubro, foi inaugurada a exposi\u00e7\u00e3o \u201cART&amp;TUR na Cultura Amer\u00edndia\u201d, no SILOS Contentor Criativo, que estar\u00e1 patente at\u00e9 ao fim do festival, dia 28 de outubro. Esta exposi\u00e7\u00e3o concretiza-se na exibi\u00e7\u00e3o do filme etnogr\u00e1fico \u201cG\u00fcegui, latidos del pueblo Gunadule, Col\u00f4mbia\u201d, de C\u00e9sar Romero, e na mostra \u201cT\u00eaxteis Extraordin\u00e1rios \u2018Molas do Panam\u00e1\u2019\u201d.<\/p>\n<p>A inaugura\u00e7\u00e3o contou com a presen\u00e7a do presidente do Munic\u00edpio das Caldas da Rainha, V\u00edtor Marques, do presidente da Turismo Centro de Portugal, Raul Almeida, e do embaixador do Panam\u00e1, Pablo Garrido, tendo sido guiada pelo curador, o antrop\u00f3logo Cebaldo de Le\u00f3n Smith.<\/p>\n<p>J\u00e1 no pr\u00f3ximo dia 14 de outubro, pelas 10h30, ser\u00e1 feita a visita guiada \u00e0 exposi\u00e7\u00e3o &#8220;Hist\u00f3rias da Cidade&#8221;, pela m\u00e3o da autora, a arquiteta iraniana Mona Erfanian. A exposi\u00e7\u00e3o ir\u00e1 estar patente em v\u00e1rios pontos parceiros da cidade das Caldas da Rainha, numa interpreta\u00e7\u00e3o ilustrada que reflete a resid\u00eancia art\u00edstica que a artista efetuou na cidade, em mar\u00e7o e abril.<\/p>\n<p>Outra iniciativa promovida pelo ART&amp;TUR \u00e9 o \u201cBlogging Caldas da Rainha\u201d. \u00c0 semelhan\u00e7a de edi\u00e7\u00f5es anteriores, trata-se de um pequeno concurso que premeia as melhores entradas de blogues que tenham como tema a cidade onde se realiza o festival, neste caso as Caldas da Rainha.<\/p>\n<p><strong>\u00a0Sobre o Turismo Centro de Portugal<\/strong><\/p>\n<p>O Turismo Centro de Portugal \u00e9 a entidade que estrutura e promove o turismo na Regi\u00e3o Centro do pa\u00eds. Esta \u00e9 a maior e mais diversificada \u00e1rea tur\u00edstica nacional, abrangendo 100 munic\u00edpios, e tem registado um intenso crescimento da procura interna e externa. \u00c9 a regi\u00e3o a escolher para quem pretende experi\u00eancias diversificadas, pois concilia locais Patrim\u00f3nio da Humanidade com a melhor costa de surf da Europa, termas e spas id\u00edlicos, locais de culto de import\u00e2ncia mundial e as mais belas aldeias.<\/p>\n<p><strong>\u00a0 \u00a0 \u00a0Fonte: TCP e AdC<\/strong><\/p>\n","protected":false},"excerpt":{"rendered":"<p>O Centro Cultural e Congressos de Caldas da Rainha recebeu, no dia 10 de outubro, a apresenta\u00e7\u00e3o do programa do ART&amp;TUR &#8211; Festival Internacional de Cinema de Turismo, que vai decorrer entre 24 e 27 de outubro nesta cidade do Centro de Portugal. O festival \u00e9 uma coorganiza\u00e7\u00e3o entre a Centro Portugal Film Commission e [&hellip;]<\/p>\n","protected":false},"author":2,"featured_media":31032,"comment_status":"open","ping_status":"open","sticky":false,"template":"","format":"standard","meta":{"footnotes":""},"categories":[5,7],"tags":[],"class_list":["post-31029","post","type-post","status-publish","format-standard","has-post-thumbnail","hentry","category-artes","category-economia"],"_links":{"self":[{"href":"https:\/\/tintafresca.net\/index.php\/wp-json\/wp\/v2\/posts\/31029","targetHints":{"allow":["GET"]}}],"collection":[{"href":"https:\/\/tintafresca.net\/index.php\/wp-json\/wp\/v2\/posts"}],"about":[{"href":"https:\/\/tintafresca.net\/index.php\/wp-json\/wp\/v2\/types\/post"}],"author":[{"embeddable":true,"href":"https:\/\/tintafresca.net\/index.php\/wp-json\/wp\/v2\/users\/2"}],"replies":[{"embeddable":true,"href":"https:\/\/tintafresca.net\/index.php\/wp-json\/wp\/v2\/comments?post=31029"}],"version-history":[{"count":2,"href":"https:\/\/tintafresca.net\/index.php\/wp-json\/wp\/v2\/posts\/31029\/revisions"}],"predecessor-version":[{"id":31033,"href":"https:\/\/tintafresca.net\/index.php\/wp-json\/wp\/v2\/posts\/31029\/revisions\/31033"}],"wp:featuredmedia":[{"embeddable":true,"href":"https:\/\/tintafresca.net\/index.php\/wp-json\/wp\/v2\/media\/31032"}],"wp:attachment":[{"href":"https:\/\/tintafresca.net\/index.php\/wp-json\/wp\/v2\/media?parent=31029"}],"wp:term":[{"taxonomy":"category","embeddable":true,"href":"https:\/\/tintafresca.net\/index.php\/wp-json\/wp\/v2\/categories?post=31029"},{"taxonomy":"post_tag","embeddable":true,"href":"https:\/\/tintafresca.net\/index.php\/wp-json\/wp\/v2\/tags?post=31029"}],"curies":[{"name":"wp","href":"https:\/\/api.w.org\/{rel}","templated":true}]}}