{"id":31053,"date":"2023-10-12T16:23:11","date_gmt":"2023-10-12T16:23:11","guid":{"rendered":"https:\/\/tintafresca.net\/?p=31053"},"modified":"2023-10-12T16:29:37","modified_gmt":"2023-10-12T16:29:37","slug":"ps-inviabiliza-audicao-das-administracoes-do-hospital-distrital-de-santarem-e-do-centro-hospitalar-do-medio-tejo","status":"publish","type":"post","link":"https:\/\/tintafresca.net\/index.php\/2023\/10\/12\/ps-inviabiliza-audicao-das-administracoes-do-hospital-distrital-de-santarem-e-do-centro-hospitalar-do-medio-tejo\/","title":{"rendered":"PS inviabiliza audi\u00e7\u00e3o das Administra\u00e7\u00f5es do Hospital Distrital de Santar\u00e9m e do Centro Hospitalar do M\u00e9dio Tejo"},"content":{"rendered":"<div id=\"attachment_15518\" style=\"width: 510px\" class=\"wp-caption alignleft\"><img loading=\"lazy\" decoding=\"async\" aria-describedby=\"caption-attachment-15518\" class=\"wp-image-15518 size-full\" src=\"https:\/\/tintafresca.net\/wp-content\/uploads\/2022\/04\/Santarem_Hospital30.jpg\" alt=\"\" width=\"500\" height=\"375\" \/><p id=\"caption-attachment-15518\" class=\"wp-caption-text\">Hospital de Santar\u00e9m<\/p><\/div>\n<p>No dia 6 de outubro, os deputados do Partido Social Democrata (PSD), eleitos pelo distrito de Santar\u00e9m, Jo\u00e3o Moura, Isaura Morais e In\u00eas Barroso apresentaram, \u00e0 Comiss\u00e3o de Sa\u00fade da Assembleia da Rep\u00fablica, um requerimento para Audi\u00e7\u00e3o dos Conselhos de Administra\u00e7\u00e3o do Hospital Distrital de Santar\u00e9m e do Centro Hospitalar do M\u00e9dio Tejo.<\/p>\n<p>Estas duas estruturas hospitalares, que abrangem mais de 450.000 habitantes de 21 concelhos, t\u00eam sido alvo de not\u00edcias sucessivas relativas a constrangimentos, provocando uma enorme preocupa\u00e7\u00e3o \u00e0 popula\u00e7\u00e3o, gerando d\u00favidas, instabilidade e um sentimento de inseguran\u00e7a na presta\u00e7\u00e3o de cuidados de sa\u00fade no distrito.<\/p>\n<p>O Requerimento apresentado \u00e0 Comiss\u00e3o visava ouvir, na primeira pessoa, as dificuldades que est\u00e3o a ser sentidas por quem trabalha arduamente no Servi\u00e7o Nacional de Sa\u00fade, os quais foram dando sinais de que estariam dispon\u00edveis para uma identifica\u00e7\u00e3o espec\u00edfica de constrangimentos e consequente planeamento de mitiga\u00e7\u00e3o dos mesmos, em articula\u00e7\u00e3o com o Minist\u00e9rio da Sa\u00fade. Objetivava ainda a recolha da informa\u00e7\u00e3o para esclarecer a popula\u00e7\u00e3o do distrito, e para alavancar solu\u00e7\u00f5es para problemas identificados.<\/p>\n<p>No entanto, o Partido Socialista (PS) chumbou o Requerimento do PSD, que tinha merecido a concord\u00e2ncia dos restantes Grupos Parlamentares presentes na reuni\u00e3o da Comiss\u00e3o, realizada no dia 11 de outubro, inviabilizando assim a possibilidade de realiza\u00e7\u00e3o das Audi\u00eancias pretendidas.<\/p>\n<p>A Comiss\u00e3o Pol\u00edtica Distrital do PSD de Santar\u00e9m lamenta que o PS tenha tomado esta posi\u00e7\u00e3o, em detrimento de um trabalho conjunto com vista a contribuir para a melhoria da presta\u00e7\u00e3o de cuidados de sa\u00fade no distrito, e afirma, convictamente, que continuar\u00e1 ativo e a lutar por esta causa, mantendo o foco de que o que importante s\u00e3o as pessoas e a majora\u00e7\u00e3o da sua qualidade de vida. \u201cLamentamos a hipocrisia pol\u00edtica constante dos<\/p>\n<p>deputados do PS que mais n\u00e3o fazem pelo distrito do que propaganda pol\u00edtica\u201d, concluem Jo\u00e3o Moura, Isaura Morais e In\u00eas Barroso.<\/p>\n","protected":false},"excerpt":{"rendered":"<p>No dia 6 de outubro, os deputados do Partido Social Democrata (PSD), eleitos pelo distrito de Santar\u00e9m, Jo\u00e3o Moura, Isaura Morais e In\u00eas Barroso apresentaram, \u00e0 Comiss\u00e3o de Sa\u00fade da Assembleia da Rep\u00fablica, um requerimento para Audi\u00e7\u00e3o dos Conselhos de Administra\u00e7\u00e3o do Hospital Distrital de Santar\u00e9m e do Centro Hospitalar do M\u00e9dio Tejo. Estas duas [&hellip;]<\/p>\n","protected":false},"author":2,"featured_media":17685,"comment_status":"open","ping_status":"open","sticky":false,"template":"","format":"standard","meta":{"footnotes":""},"categories":[6],"tags":[],"class_list":["post-31053","post","type-post","status-publish","format-standard","has-post-thumbnail","hentry","category-saude"],"_links":{"self":[{"href":"https:\/\/tintafresca.net\/index.php\/wp-json\/wp\/v2\/posts\/31053","targetHints":{"allow":["GET"]}}],"collection":[{"href":"https:\/\/tintafresca.net\/index.php\/wp-json\/wp\/v2\/posts"}],"about":[{"href":"https:\/\/tintafresca.net\/index.php\/wp-json\/wp\/v2\/types\/post"}],"author":[{"embeddable":true,"href":"https:\/\/tintafresca.net\/index.php\/wp-json\/wp\/v2\/users\/2"}],"replies":[{"embeddable":true,"href":"https:\/\/tintafresca.net\/index.php\/wp-json\/wp\/v2\/comments?post=31053"}],"version-history":[{"count":2,"href":"https:\/\/tintafresca.net\/index.php\/wp-json\/wp\/v2\/posts\/31053\/revisions"}],"predecessor-version":[{"id":31055,"href":"https:\/\/tintafresca.net\/index.php\/wp-json\/wp\/v2\/posts\/31053\/revisions\/31055"}],"wp:featuredmedia":[{"embeddable":true,"href":"https:\/\/tintafresca.net\/index.php\/wp-json\/wp\/v2\/media\/17685"}],"wp:attachment":[{"href":"https:\/\/tintafresca.net\/index.php\/wp-json\/wp\/v2\/media?parent=31053"}],"wp:term":[{"taxonomy":"category","embeddable":true,"href":"https:\/\/tintafresca.net\/index.php\/wp-json\/wp\/v2\/categories?post=31053"},{"taxonomy":"post_tag","embeddable":true,"href":"https:\/\/tintafresca.net\/index.php\/wp-json\/wp\/v2\/tags?post=31053"}],"curies":[{"name":"wp","href":"https:\/\/api.w.org\/{rel}","templated":true}]}}