{"id":31097,"date":"2023-10-13T17:57:30","date_gmt":"2023-10-13T17:57:30","guid":{"rendered":"https:\/\/tintafresca.net\/?p=31097"},"modified":"2023-10-13T18:08:52","modified_gmt":"2023-10-13T18:08:52","slug":"ministra-da-habitacao-participa-em-meirinhas-em-debate-sobre-o-sector-da-construcao-e-da-habitacao","status":"publish","type":"post","link":"https:\/\/tintafresca.net\/index.php\/2023\/10\/13\/ministra-da-habitacao-participa-em-meirinhas-em-debate-sobre-o-sector-da-construcao-e-da-habitacao\/","title":{"rendered":"Ministra da Habita\u00e7\u00e3o participa em Meirinhas em debate sobre o sector da constru\u00e7\u00e3o e da habita\u00e7\u00e3o"},"content":{"rendered":"<div id=\"attachment_31100\" style=\"width: 410px\" class=\"wp-caption alignleft\"><img loading=\"lazy\" decoding=\"async\" aria-describedby=\"caption-attachment-31100\" class=\"wp-image-31100\" src=\"https:\/\/tintafresca.net\/wp-content\/uploads\/2023\/10\/Pombal_Marina_Goncalves_Jantar-Conferencia10.jpg\" alt=\"\" width=\"400\" height=\"566\" srcset=\"https:\/\/tintafresca.net\/wp-content\/uploads\/2023\/10\/Pombal_Marina_Goncalves_Jantar-Conferencia10.jpg 500w, https:\/\/tintafresca.net\/wp-content\/uploads\/2023\/10\/Pombal_Marina_Goncalves_Jantar-Conferencia10-212x300.jpg 212w\" sizes=\"auto, (max-width: 400px) 100vw, 400px\" \/><p id=\"caption-attachment-31100\" class=\"wp-caption-text\">Cartaz<\/p><\/div>\n<p>A ministra da Habita\u00e7\u00e3o, Marina Gon\u00e7alves, ser\u00e1 oradora no Jantar Confer\u00eancia que a Freguesia de Meirinhas promove no dia 7 de setembro, pelas 19h30, em Meirinhas, no Sal\u00e3o das Coletividades.<\/p>\n<p>Este Jantar Confer\u00eancia ter\u00e1 como orador, tamb\u00e9m, Jos\u00e9 Lu\u00eds Sismeiro, presidente da Dire\u00e7\u00e3o da ARICO \u2013 Associa\u00e7\u00e3o Regional dos Industriais de Constru\u00e7\u00e3o e Obras P\u00fablicas de Leiria e Our\u00e9m, sendo encerrada pelo presidente da C\u00e2mara Municipal de Pombal, Pedro Pimp\u00e3o.<\/p>\n<p>Este jantar contar\u00e1 com a presen\u00e7a de uma centena de empresas e empres\u00e1rios do sector da constru\u00e7\u00e3o, sendo necess\u00e1rio reservar lugar para o email geral@jf-meirinhas.pt, sendo de 25\u20ac o custo de cada entrada.<\/p>\n<p>Este Jantar Confer\u00eancia \u00e9 uma oportunidade de excel\u00eancia para debater o sector da constru\u00e7\u00e3o e da habita\u00e7\u00e3o, numa Freguesia e Regi\u00e3o com forte liga\u00e7\u00e3o ao sector da constru\u00e7\u00e3o e da habita\u00e7\u00e3o.<\/p>\n<p>\u200b<\/p>\n","protected":false},"excerpt":{"rendered":"<p>A ministra da Habita\u00e7\u00e3o, Marina Gon\u00e7alves, ser\u00e1 oradora no Jantar Confer\u00eancia que a Freguesia de Meirinhas promove no dia 7 de setembro, pelas 19h30, em Meirinhas, no Sal\u00e3o das Coletividades. Este Jantar Confer\u00eancia ter\u00e1 como orador, tamb\u00e9m, Jos\u00e9 Lu\u00eds Sismeiro, presidente da Dire\u00e7\u00e3o da ARICO \u2013 Associa\u00e7\u00e3o Regional dos Industriais de Constru\u00e7\u00e3o e Obras P\u00fablicas [&hellip;]<\/p>\n","protected":false},"author":2,"featured_media":31101,"comment_status":"open","ping_status":"open","sticky":false,"template":"","format":"standard","meta":{"footnotes":""},"categories":[7],"tags":[],"class_list":["post-31097","post","type-post","status-publish","format-standard","has-post-thumbnail","hentry","category-economia"],"_links":{"self":[{"href":"https:\/\/tintafresca.net\/index.php\/wp-json\/wp\/v2\/posts\/31097","targetHints":{"allow":["GET"]}}],"collection":[{"href":"https:\/\/tintafresca.net\/index.php\/wp-json\/wp\/v2\/posts"}],"about":[{"href":"https:\/\/tintafresca.net\/index.php\/wp-json\/wp\/v2\/types\/post"}],"author":[{"embeddable":true,"href":"https:\/\/tintafresca.net\/index.php\/wp-json\/wp\/v2\/users\/2"}],"replies":[{"embeddable":true,"href":"https:\/\/tintafresca.net\/index.php\/wp-json\/wp\/v2\/comments?post=31097"}],"version-history":[{"count":3,"href":"https:\/\/tintafresca.net\/index.php\/wp-json\/wp\/v2\/posts\/31097\/revisions"}],"predecessor-version":[{"id":31102,"href":"https:\/\/tintafresca.net\/index.php\/wp-json\/wp\/v2\/posts\/31097\/revisions\/31102"}],"wp:featuredmedia":[{"embeddable":true,"href":"https:\/\/tintafresca.net\/index.php\/wp-json\/wp\/v2\/media\/31101"}],"wp:attachment":[{"href":"https:\/\/tintafresca.net\/index.php\/wp-json\/wp\/v2\/media?parent=31097"}],"wp:term":[{"taxonomy":"category","embeddable":true,"href":"https:\/\/tintafresca.net\/index.php\/wp-json\/wp\/v2\/categories?post=31097"},{"taxonomy":"post_tag","embeddable":true,"href":"https:\/\/tintafresca.net\/index.php\/wp-json\/wp\/v2\/tags?post=31097"}],"curies":[{"name":"wp","href":"https:\/\/api.w.org\/{rel}","templated":true}]}}