{"id":31132,"date":"2023-10-15T10:54:15","date_gmt":"2023-10-15T10:54:15","guid":{"rendered":"https:\/\/tintafresca.net\/?p=31132"},"modified":"2023-10-15T16:54:50","modified_gmt":"2023-10-15T16:54:50","slug":"nersant-reune-com-cimt-para-impulsionar-o-desenvolvimento-regional-no-medio-tejo","status":"publish","type":"post","link":"https:\/\/tintafresca.net\/index.php\/2023\/10\/15\/nersant-reune-com-cimt-para-impulsionar-o-desenvolvimento-regional-no-medio-tejo\/","title":{"rendered":"NERSANT re\u00fane com CIMT para impulsionar o desenvolvimento regional no M\u00e9dio Tejo"},"content":{"rendered":"<div id=\"attachment_31134\" style=\"width: 510px\" class=\"wp-caption alignleft\"><img loading=\"lazy\" decoding=\"async\" aria-describedby=\"caption-attachment-31134\" class=\"wp-image-31134 size-full\" src=\"https:\/\/tintafresca.net\/wp-content\/uploads\/2023\/10\/Tomar_Nersant_CIMT10.jpg\" alt=\"\" width=\"500\" height=\"333\" srcset=\"https:\/\/tintafresca.net\/wp-content\/uploads\/2023\/10\/Tomar_Nersant_CIMT10.jpg 500w, https:\/\/tintafresca.net\/wp-content\/uploads\/2023\/10\/Tomar_Nersant_CIMT10-300x200.jpg 300w\" sizes=\"auto, (max-width: 500px) 100vw, 500px\" \/><p id=\"caption-attachment-31134\" class=\"wp-caption-text\">Manuel Valamatos com os representantes da Nersant<\/p><\/div>\n<p>Ap\u00f3s a elei\u00e7\u00e3o de Manuel Jorge Valamatos, no dia 12 de outubro, para a presid\u00eancia da CIMT &#8211; Comunidade Intermunicipal do M\u00e9dio Tejo, a NERSANT &#8211; Associa\u00e7\u00e3o Empresarial da Regi\u00e3o de Santar\u00e9m reuniu, em Tomar, com a CIMT &#8211; Comunidade Intermunicipal do M\u00e9dio Tejo (CIMT), marcando o que considera o in\u00edcio de uma nova era de colabora\u00e7\u00e3o para impulsionar o desenvolvimento regional na regi\u00e3o do M\u00e9dio Tejo.<\/p>\n<p>O encontro reuniu o Presidente da NERSANT, Ant\u00f3nio Pedroso Leal e o presidente do N\u00facleo NERSANT dos concelhos de Abrantes, Const\u00e2ncia, Ma\u00e7\u00e3o e Sardoal, Rui Serrano, com o rec\u00e9m-eleito Presidente da CIMT, Manuel Valamatos, tamb\u00e9m presidente da C\u00e2mara Municipal de Abrantes.<\/p>\n<p>Na reuni\u00e3o, onde tamb\u00e9m estiveram Miguel Pombeiro, secret\u00e1rio intermunicipal da CIMT e Jorge Sim\u00f5es, 2\u00ba Secret\u00e1rio da Comiss\u00e3o Executiva da CIMT, foram analisadas e discutidas formas de colabora\u00e7\u00e3o entre entidades, de forma a melhor promover o crescimento econ\u00f3mico sustent\u00e1vel, a inova\u00e7\u00e3o e a competitividade empresarial na regi\u00e3o do M\u00e9dio Tejo.<\/p>\n<p>O presidente da NERSANT, Ant\u00f3nio Pedroso Leal, reiterou o compromisso da associa\u00e7\u00e3o em colaborar estreitamente com a CIMT, tendo referido que \u201co desenvolvimento econ\u00f3mico da nossa regi\u00e3o \u00e9 naturalmente o enfoque de ambas as entidades, das empresas e dos munic\u00edpios. A NERSANT pretende contribuir com a sua experi\u00eancia e recursos dispon\u00edveis para conjuntamente com a CIMT e outras entidades envolvidas, impulsionar o M\u00e9dio Tejo rumo a um futuro mais pr\u00f3spero\u201d.<\/p>\n<p>O presidente da CIMT, Manuel Valamatos expressou a sua determina\u00e7\u00e3o em fortalecer a parceria entre a CIMT e a NERSANT. &#8220;A regi\u00e3o do M\u00e9dio Tejo tem um potencial significativo para o desenvolvimento, \u00e9 crucial que unamos esfor\u00e7os para aproveit\u00e1-lo ao m\u00e1ximo. Pretendemos trabalhar de m\u00e3os dadas com a NERSANT para criar um ambiente prop\u00edcio aos neg\u00f3cios e \u00e0 inova\u00e7\u00e3o, bem como para melhorar a qualidade de vida dos nossos cidad\u00e3os.&#8221;<\/p>\n<p>Os t\u00f3picos discutidos durante a reuni\u00e3o inclu\u00edram a promo\u00e7\u00e3o de investimentos, o emprego, o apoio \u00e0s empresas locais e a forma\u00e7\u00e3o profissional. Ambas as partes concordaram que a colabora\u00e7\u00e3o \u00e9 essencial para alcan\u00e7ar os objetivos de crescimento e desenvolvimento regional.<\/p>\n<p><strong>\u00a0 \u00a0 \u00a0 Fonte: NERSANT<\/strong><\/p>\n","protected":false},"excerpt":{"rendered":"<p>Ap\u00f3s a elei\u00e7\u00e3o de Manuel Jorge Valamatos, no dia 12 de outubro, para a presid\u00eancia da CIMT &#8211; Comunidade Intermunicipal do M\u00e9dio Tejo, a NERSANT &#8211; Associa\u00e7\u00e3o Empresarial da Regi\u00e3o de Santar\u00e9m reuniu, em Tomar, com a CIMT &#8211; Comunidade Intermunicipal do M\u00e9dio Tejo (CIMT), marcando o que considera o in\u00edcio de uma nova era [&hellip;]<\/p>\n","protected":false},"author":2,"featured_media":31136,"comment_status":"open","ping_status":"open","sticky":false,"template":"","format":"standard","meta":{"footnotes":""},"categories":[7],"tags":[],"class_list":["post-31132","post","type-post","status-publish","format-standard","has-post-thumbnail","hentry","category-economia"],"_links":{"self":[{"href":"https:\/\/tintafresca.net\/index.php\/wp-json\/wp\/v2\/posts\/31132","targetHints":{"allow":["GET"]}}],"collection":[{"href":"https:\/\/tintafresca.net\/index.php\/wp-json\/wp\/v2\/posts"}],"about":[{"href":"https:\/\/tintafresca.net\/index.php\/wp-json\/wp\/v2\/types\/post"}],"author":[{"embeddable":true,"href":"https:\/\/tintafresca.net\/index.php\/wp-json\/wp\/v2\/users\/2"}],"replies":[{"embeddable":true,"href":"https:\/\/tintafresca.net\/index.php\/wp-json\/wp\/v2\/comments?post=31132"}],"version-history":[{"count":2,"href":"https:\/\/tintafresca.net\/index.php\/wp-json\/wp\/v2\/posts\/31132\/revisions"}],"predecessor-version":[{"id":31135,"href":"https:\/\/tintafresca.net\/index.php\/wp-json\/wp\/v2\/posts\/31132\/revisions\/31135"}],"wp:featuredmedia":[{"embeddable":true,"href":"https:\/\/tintafresca.net\/index.php\/wp-json\/wp\/v2\/media\/31136"}],"wp:attachment":[{"href":"https:\/\/tintafresca.net\/index.php\/wp-json\/wp\/v2\/media?parent=31132"}],"wp:term":[{"taxonomy":"category","embeddable":true,"href":"https:\/\/tintafresca.net\/index.php\/wp-json\/wp\/v2\/categories?post=31132"},{"taxonomy":"post_tag","embeddable":true,"href":"https:\/\/tintafresca.net\/index.php\/wp-json\/wp\/v2\/tags?post=31132"}],"curies":[{"name":"wp","href":"https:\/\/api.w.org\/{rel}","templated":true}]}}