{"id":31164,"date":"2023-10-16T18:08:14","date_gmt":"2023-10-16T18:08:14","guid":{"rendered":"https:\/\/tintafresca.net\/?p=31164"},"modified":"2023-10-16T18:21:19","modified_gmt":"2023-10-16T18:21:19","slug":"regiao-centro-concorre-aos-premios-odslocal-com-211-projetos","status":"publish","type":"post","link":"https:\/\/tintafresca.net\/index.php\/2023\/10\/16\/regiao-centro-concorre-aos-premios-odslocal-com-211-projetos\/","title":{"rendered":"Regi\u00e3o Centro concorre aos Pr\u00e9mios ODSLocal com 211 projetos"},"content":{"rendered":"<div id=\"attachment_31167\" style=\"width: 410px\" class=\"wp-caption alignleft\"><img loading=\"lazy\" decoding=\"async\" aria-describedby=\"caption-attachment-31167\" class=\"wp-image-31167\" src=\"https:\/\/tintafresca.net\/wp-content\/uploads\/2023\/10\/ODS_Local.png\" alt=\"\" width=\"400\" height=\"362\" srcset=\"https:\/\/tintafresca.net\/wp-content\/uploads\/2023\/10\/ODS_Local.png 642w, https:\/\/tintafresca.net\/wp-content\/uploads\/2023\/10\/ODS_Local-300x271.png 300w\" sizes=\"auto, (max-width: 400px) 100vw, 400px\" \/><p id=\"caption-attachment-31167\" class=\"wp-caption-text\">Objetivos da ODSLocal<\/p><\/div>\n<p>A Plataforma Municipal dos Objetivos de Desenvolvimento Sustent\u00e1vel (Plataforma ODSlocal) conta com os munic\u00edpios da Regi\u00e3o Centro para atingir os ODS propostos pela Organiza\u00e7\u00e3o das Na\u00e7\u00f5es Unidas (ONU). No total, a Regi\u00e3o Centro apresentou 211 projetos nas v\u00e1rias dimens\u00f5es da sustentabilidade. Os munic\u00edpios de Pombal, com 35 projetos, Torres Vedras (22), Leiria (16), Lourinh\u00e3 e Caldas da Rainha (13 projetos cada), s\u00e3o os que submeteram maior n\u00famero de candidaturas. Quanto ao total de projetos por distrito, destaca-se Leiria, com 79 projetos registados, seguido de Lisboa, com 36 projetos, Guarda (25), Castelo Branco (21) e Coimbra, com 20 projetos registados.<\/p>\n<p>A Plataforma ODSlocal \u00e9 uma iniciativa pioneira ao n\u00edvel mundial, que tem como objetivo ajudar os munic\u00edpios portugueses a atingir os Objetivos de Desenvolvimento Sustent\u00e1vel da Agenda 2030 da ONU. Desde o seu lan\u00e7amento, em 2020, j\u00e1 foram mobilizados 111 munic\u00edpios de todo o pa\u00eds e mapeados 988 projetos locais, desenvolvidos por v\u00e1rios tipos de entidades, e 1405 boas pr\u00e1ticas desenvolvidas pelas autarquias.<\/p>\n<p>Isto mostra o compromisso dos munic\u00edpios em colocar as v\u00e1rias dimens\u00f5es da sustentabilidade no centro das suas pol\u00edticas e da sua a\u00e7\u00e3o di\u00e1ria para cumprirem os 17 ODS e as 169 metas propostas pela ONU, nomeadamente atrav\u00e9s de medidas de cariz ambiental e de transi\u00e7\u00e3o energ\u00e9tica, medidas de cariz social (como apoios a fam\u00edlias desfavorecidas e equidade de g\u00e9nero), incentivos a a\u00e7\u00f5es de educa\u00e7\u00e3o para a refloresta\u00e7\u00e3o, entre outras.<\/p>\n<p>A Plataforma ODSlocal vai distinguir tr\u00eas projetos que tenham um impacto positivo no avan\u00e7o da Agenda 2030, sejam fortemente inspiradores e possuam um elevado potencial de replica\u00e7\u00e3o. Na Confer\u00eancia de 2023 ser\u00e3o apresentados os munic\u00edpios que, no ano em curso, mais se distinguiram nos v\u00e1rios ODS, contribuindo para o avan\u00e7o efetivo rumo \u00e0s ambiciosas metas da Agenda 2030, a bem das Pessoas, do Planeta, da Prosperidade, da Paz e das Parcerias.<\/p>\n<p>Entre os v\u00e1rios projetos da Regi\u00e3o Centro registados no portal ODSlocal, a t\u00edtulo exemplificativo, encontram-se:<\/p>\n<p><strong><u>Regi\u00e3o de Aveiro:<\/u><\/strong><\/p>\n<p><strong>Life \u00c1gueda \u2013 Rio de Todos: <\/strong>O munic\u00edpio de \u00c1gueda \u00e9 parceiro do projeto LIFE \u00c1gueda, que visa repor o continuum fluvial em 34km de rio, reabilitar habitats rip\u00e1rios em mais de 26km de rio (remo\u00e7\u00e3o de esp\u00e9cies invasoras, refloresta\u00e7\u00e3o com esp\u00e9cies aut\u00f3ctones, melhoria do leito e margens). A sua sustentabilidade assenta na realiza\u00e7\u00e3o de parcerias e no envolvimento da sociedade: a realiza\u00e7\u00e3o de reuni\u00f5es com propriet\u00e1rios, pescadores e entidades, de a\u00e7\u00f5es p\u00fablicas de divulga\u00e7\u00e3o, o desenvolvimento de programas de ci\u00eancia cidad\u00e3 inclusiva, potenciam a altera\u00e7\u00e3o comportamental dos cidad\u00e3os face \u00e0s problem\u00e1ticas abordadas no projeto.<\/p>\n<p><strong>Mulheres em Constru\u00e7\u00e3o:<\/strong> A quest\u00e3o da habita\u00e7\u00e3o revelou-se priorit\u00e1ria para enfrentar a pandemia da COVID-19. As mulheres s\u00e3o quem cuida e quem mais tempo passa em casa, sofrendo com a precariedade das habita\u00e7\u00f5es e dependentes nas a\u00e7\u00f5es de manuten\u00e7\u00e3o. S\u00e3o as primeiras afetadas pelo desemprego em situa\u00e7\u00f5es de crise. Destinada ao Bairro de Santiago em Aveiro, a proposta atrav\u00e9s das ONG locais, consiste em forma\u00e7\u00e3o certificada na constru\u00e7\u00e3o civil para mulheres em risco laboral; reabilita\u00e7\u00e3o de im\u00f3vel para uso comunit\u00e1rio; cria\u00e7\u00e3o de banco de materiais de constru\u00e7\u00e3o; e forma\u00e7\u00e3o em Igualdade de G\u00e9nero para desconstruir estere\u00f3tipos de g\u00e9nero, promover autonomia e sa\u00fade, capacitar para o (auto) emprego, impulsionar v\u00ednculos comunit\u00e1rios e melhorar o habitat de muitas fam\u00edlias, inserindo-se em 5 eixos de interven\u00e7\u00e3o de sustentabilidade.<\/p>\n<p><strong>Proximidade Maior:<\/strong> No contexto atual urge encontrar solu\u00e7\u00f5es para apoiar as pessoas idosas a continuar a viver em casa, de forma independente. Na freguesia de Esmoriz, um grupo informal de pessoas idosas (maioritariamente mulheres com m\u00e9dia de 76 anos de idade, aut\u00f3nomas e a viver s\u00f3s), em representa\u00e7\u00e3o do grande grupo de idosos residente na cidade (1543 em 2011), solicita ajuda para que possam continuar a viver em casa, ativa e saudavelmente. Este projeto pretende facilitar-lhes o acesso aos cuidados de sa\u00fade, apoios adequados \u00e0s necessidades de cada pessoa e a minimiza\u00e7\u00e3o dos sentimentos de solid\u00e3o e inseguran\u00e7a, com recurso \u00e0s novas tecnologias.<\/p>\n<p>&nbsp;<\/p>\n<p><strong><u>Regi\u00e3o de Coimbra:<\/u><\/strong><\/p>\n<p><strong>Fam\u00edlias em a\u00e7\u00e3o: em busca de contextos de vida salutog\u00e9nicos<\/strong>: As fam\u00edlias socialmente mais vulner\u00e1veis encontram muitas dificuldades na sua responsabilidade pela educa\u00e7\u00e3o dos filhos. Este projeto de a\u00e7\u00e3o territorial para integrar 30 fam\u00edlias de crian\u00e7as do 1\u00ba ciclo de Coimbra Norte procura criar condi\u00e7\u00f5es para uma viv\u00eancia saud\u00e1vel atrav\u00e9s oficinas de Reflex\u00e3o, Experimenta\u00e7\u00e3o e Transforma\u00e7\u00e3o dinamizadas por 15 parceiros comunit\u00e1rios.<\/p>\n<p><strong>Bairros ConVida<\/strong>: Visa a promo\u00e7\u00e3o do contacto regular da comunidade com a natureza. Desenvolvido pelo CASPAE, IPSS de Coimbra, tem como parceiro formal o Agrupamento de Escolas Rainha Santa Isabel, abrangido pelo Programa TEIP, e como parceiro informal a Associa\u00e7\u00e3o de Jovens C\u00f3digAtomiko. Tem apoio da Junta de Freguesia de Eiras e do Projeto Trampolim E7G. Este surgiu da iniciativa das crian\u00e7as da comunidade e foi articulado com os parceiros e apoios, com experi\u00eancia de interven\u00e7\u00e3o no territ\u00f3rio. Com implementa\u00e7\u00e3o prevista no Planalto do Ingote, \u00e1rea econ\u00f3mica e socialmente desfavorecida, visa promover a valoriza\u00e7\u00e3o, recupera\u00e7\u00e3o e manuten\u00e7\u00e3o das \u00e1reas de natureza pela comunidade.<\/p>\n<p><strong><u>Regi\u00e3o Beiras e Serra da Estrela:<\/u><\/strong><\/p>\n<p><strong>Certifica\u00e7\u00e3o Biosphere das aldeias hist\u00f3ricas: <\/strong>As Aldeias Hist\u00f3ricas de Portugal foram o primeiro destino em rede a n\u00edvel mundial a obter esta certifica\u00e7\u00e3o, que implica o cumprimento de crit\u00e9rios e a verifica\u00e7\u00e3o de que as pr\u00e1ticas sustent\u00e1veis est\u00e3o a ser implementadas corretamente.<\/p>\n<p><strong>Saudinha:<\/strong> O projeto contribui para a melhoria da qualidade de vida de cerca de 300 residentes no Bairro Social do Cabe\u00e7o, Tortosendo, onde se inclui uma comunidade cigana. Do ponto de vista dos equipamentos comunit\u00e1rios, o bairro \u00e9 marcado por uma extensa \u00e1rea impermeabilizada e pela aus\u00eancia de espa\u00e7os verdes e de lazer. Prop\u00f5e-se a qualifica\u00e7\u00e3o do espa\u00e7o exterior, criando jardins, zonas de conv\u00edvio, recrea\u00e7\u00e3o e desporto que potenciem a dinamiza\u00e7\u00e3o da vida comunit\u00e1ria, a cidadania e estilos de vida saud\u00e1veis, capazes de conferir maior resili\u00eancia \u00e0 popula\u00e7\u00e3o e de responder a dificuldades.<\/p>\n<p><strong>Reciclar \u00e9 festa:<\/strong> Lavacolhos \u00e9 uma aldeia conhecida pelos seus bombos, cujo constru\u00e7\u00e3o j\u00e1 faz parte do Invent\u00e1rio Nacional do Patrim\u00f3nio Cultural Imaterial. A aldeia com cerca de 236 habitantes, n\u00e3o tem centro de dia e 37% da sua popula\u00e7\u00e3o tem mais de 65 anos. Este projeto, aberto a todas as faixas et\u00e1rias, tem como atores predominantes pessoas acima dos 60 anos. O projeto visa produzir artefactos decorativos para as festas, com material reciclado, objetos alicer\u00e7ados nas pr\u00e1ticas ancestrais, para combater o paradigma do isolamento.<\/p>\n<p><strong><u>Regi\u00e3o Oeste:<\/u><\/strong><\/p>\n<p><strong>CIGO &#8211; Centro de Interpreta\u00e7\u00e3o Geoparque Oeste:<\/strong> Pretende ser a principal porta de entrada do Geoparque Oeste, disponibilizando ao visitante uma viagem por 250 milh\u00f5es de anos, num \u00fanico espa\u00e7o, dando a conhecer as pegadas que a evolu\u00e7\u00e3o do planeta Terra deixou neste territ\u00f3rio, onde se destaca o nascimento do oceano atl\u00e2ntico, os dinossauros e os seus trilhos, o aparecimento do homem, as grandes civiliza\u00e7\u00f5es, as conquistas portuguesas e os costumes e tradi\u00e7\u00f5es que moldam a personalidade e o dia-a-dia das gentes do territ\u00f3rio. Da mesma forma, o CIGO \u00e9 um espa\u00e7o de experi\u00eancias sensoriais e de conhecimento, sendo um exemplo de boas pr\u00e1ticas ao n\u00edvel da acessibilidade nas infraestruturas, mas tamb\u00e9m no acesso aos conte\u00fados das diferentes \u00e1reas expositivas e espa\u00e7o exterior.<\/p>\n<p><strong>Prego Dourado:<\/strong> Este programa pretende promover a liga\u00e7\u00e3o entre o patrim\u00f3nio geol\u00f3gico, cultural e biol\u00f3gico do aGO e as tradi\u00e7\u00f5es gastron\u00f3micas locais, contribuindo para a preserva\u00e7\u00e3o da identidade das comunidades e o desenvolvimento sustent\u00e1vel dos agentes econ\u00f3micos locais. Ser\u00e3o distinguidas 2 tipologias de produtos: geoproduto e geoprato. Produtos locais e pratos abrangidos por este programa obter\u00e3o uma etiqueta identificadora e ser\u00e3o promovidos como parte integrante da cultura e tradi\u00e7\u00f5es locais.<\/p>\n<p><strong>Projeto Coastwatch:<\/strong> Projeto europeu de educa\u00e7\u00e3o ambiental para a sustentabilidade, ci\u00eancia cidad\u00e3 e voluntariado ambiental, dinamizado pelo GEOTA que consiste na realiza\u00e7\u00e3o de caminhadas nas zonas costeiras portuguesas, para observa\u00e7\u00e3o e registo dos animais, das algas, das plantas, do tipo de zona costeira, de eventual polui\u00e7\u00e3o, riscos e amea\u00e7as.<\/p>\n<p><strong><u>Regi\u00e3o de Leiria<\/u><\/strong><\/p>\n<p><strong>Plano de Educa\u00e7\u00e3o Ambiental<\/strong>: Aposta do Munic\u00edpio de Leiria numa pol\u00edtica de educa\u00e7\u00e3o que promova a pedagogia numa abordagem l\u00fadica e sensorial do conhecimento na perspetiva dos &#8220;3Hs &#8211; Head, Heart and Hands&#8221;. Seguindo este princ\u00edpio, as atividades s\u00e3o programadas de forma a garantir este tipo de experi\u00eancia l\u00fadica em temas como as Altera\u00e7\u00f5es Clim\u00e1ticas, a Conserva\u00e7\u00e3o da Natureza e dos Ecossistemas, a \u00c1gua e o Mar, entre outras.<\/p>\n<p><strong>Moinho do Papel:<\/strong> Um moinho de \u00e1gua reabilitado pelo Arquiteto \u00c1lvaro Siza Vieira e considerado um ex-libris da hist\u00f3ria da ind\u00fastria. O ano de 1411 consagra o in\u00edcio da hist\u00f3ria do moinho do papel de Leiria, um dos primeiros da pen\u00ednsula ib\u00e9rica, numa \u00e9poca em que a ind\u00fastria da moagem era determinante para o desenvolvimento econ\u00f3mico. No interior, vivenciam-se artes e of\u00edcios, atrav\u00e9s do processo tradicional de produ\u00e7\u00e3o de papel, em que os visitantes podem participar, e da moagem de cereais, protagonizada com a mestria da moleira, a quem se pode adquirir farinha artesanal, produzida com a for\u00e7a do rio Lis.<\/p>\n<p><strong>Banco de Voluntariado \u201cDar as M\u00e3os\u201d:<\/strong> Projeto que resultou da crescente consci\u00eancia da import\u00e2ncia de criar uma estrutura que organizasse a realiza\u00e7\u00e3o de atividades desempenhadas por volunt\u00e1rios em contexto institucional, bem como da sensibilidade da APEPI para promover condi\u00e7\u00f5es que permitissem que os volunt\u00e1rios fossem enquadrados nas institui\u00e7\u00f5es de forma correta, maximizando o potencial dos seus contributos na institui\u00e7\u00e3o onde desenvolvem o seu voluntariado.<\/p>\n<p><strong><u>Regi\u00e3o M\u00e9dio Tejo:<\/u><\/strong><\/p>\n<p><strong>O MENTAL(ife) <\/strong>\u00e9 uma resposta inovadora e inclusiva, orientada para a preven\u00e7\u00e3o, acompanhamento e reabilita\u00e7\u00e3o de pessoas da comunidade com necessidades ao n\u00edvel da sa\u00fade mental, tendo por base um modelo de interven\u00e7\u00e3o comunit\u00e1ria e biopsicossocial. Este projeto d\u00e1 resposta a situa\u00e7\u00f5es de exclus\u00e3o e de vulnerabilidade social ao atuar na causa \u2013 aus\u00eancia de interven\u00e7\u00e3o em sa\u00fade mental de forma direta.<\/p>\n<p>O Pr\u00e9mio ODSLocal na categoria Projetos vai ser entregue no decorrer da Confer\u00eancia ODSLocal 2023, no dia 3 de novembro, em Viana do Castelo (Teatro Municipal S\u00e1 de Miranda)<strong>, <\/strong>onde ser\u00e3o tamb\u00e9m apresentadas diversas iniciativas das autarquias e agentes da sociedade que se destacam pelo seu contributo para o desenvolvimento sustent\u00e1vel. O j\u00fari do Pr\u00e9mio integra a Funda\u00e7\u00e3o \u201cla Caixa\u201d; membros da Comiss\u00e3o Cient\u00edfica ODSlocal; um especialista convidado e o coordenador do cons\u00f3rcio ODSlocal, que presidir\u00e1.<\/p>\n<p><strong><u>Sobre a Plataforma ODS<\/u><\/strong><strong><u>local:<\/u><\/strong><\/p>\n<p>A <strong>Plataforma <em>ODSlocal<\/em><\/strong> \u00e9 uma iniciativa que visa mobilizar os munic\u00edpios e outras entidades relevantes para a concretiza\u00e7\u00e3o, ao n\u00edvel local, dos Objetivos de Desenvolvimento Sustent\u00e1vel (ODS) propostos pela Agenda 2030 das Na\u00e7\u00f5es Unidas. Nasceu de uma parceria entre o Conselho Nacional do Ambiente e do Desenvolvimento Sustent\u00e1vel (CNADS)<em>, o <\/em>OBSERVA (ICS-Universidade de Lisboa), o MARE (Universidade Nova de Lisboa), e a 2adapt, e \u00e9 apoiada pela Funda\u00e7\u00e3o \u201cla Caixa\u201d. Integra um portal online din\u00e2mico que permite visualizar e acompanhar os progressos e contributos de cada munic\u00edpio em rela\u00e7\u00e3o aos ODS.<\/p>\n<p>Mais informa\u00e7\u00e3o em: <a href=\"http:\/\/www.odslocal.pt\">www.odslocal.pt<\/a>.<\/p>\n<p><strong><u>Sobre os promotores<\/u><\/strong><\/p>\n<p><strong><em>Conselho Nacional do Ambiente e do Desenvolvimento Sustent\u00e1vel <\/em><\/strong><\/p>\n<p>O\u00a0Conselho Nacional do Ambiente e do Desenvolvimento Sustent\u00e1vel (CNADS) \u00e9 um \u00f3rg\u00e3o consultivo independente, criado pelo Decreto-Lei n\u00ba 221\/97, de 20 de Agosto, alterado e republicado pelo Decreto-Lei n.\u00ba 136\/2004, que tem por miss\u00e3o proporcionar a participa\u00e7\u00e3o das v\u00e1rias for\u00e7as sociais, culturais e econ\u00f3micas na procura de consensos alargados relativamente \u00e0s pol\u00edticas de ambiente e de desenvolvimento sustent\u00e1vel.<\/p>\n<p><strong><em>OBSERVA \/ ICS-Universidade de Lisboa<\/em><\/strong><\/p>\n<p>O OBSERVA \u2013 Observat\u00f3rio de Ambiente, Territ\u00f3rio e Sociedade \u00e9 um observat\u00f3rio do Instituto de Ci\u00eancias Sociais da Universidade de Lisboa (ICS-ULisboa), que promove a dissemina\u00e7\u00e3o de informa\u00e7\u00e3o sobre a componente social das quest\u00f5es ambientais e do territ\u00f3rio. O ICS-ULisboa \u00e9 uma institui\u00e7\u00e3o universit\u00e1ria dedicada \u00e0 investiga\u00e7\u00e3o e \u00e0 forma\u00e7\u00e3o avan\u00e7ada em ci\u00eancias sociais. A sua miss\u00e3o \u00e9 estudar as sociedades contempor\u00e2neas, com \u00eanfase em Portugal e nas sociedades e culturas com as quais temos rela\u00e7\u00f5es hist\u00f3ricas, no espa\u00e7o europeu e noutros espa\u00e7os geogr\u00e1ficos.<\/p>\n<p><strong><em>MARE-Universidade Nova de Lisboa<\/em><\/strong><\/p>\n<p>O\u00a0MARE &#8211; Centro de Ci\u00eancias do Mar e do Ambiente\u00a0&#8211; \u00e9 um centro de investiga\u00e7\u00e3o cient\u00edfica, desenvolvimento tecnol\u00f3gico e inova\u00e7\u00e3o, com uma abordagem integradora e hol\u00edstica, concentrando grande diversidade de val\u00eancias, capacidades e meios, e tendo uma implanta\u00e7\u00e3o territorial de \u00e2mbito nacional, que desenvolve as suas atividades de investiga\u00e7\u00e3o orientadas para os problemas e desafios da sociedade, em estreita parceria com centros de investiga\u00e7\u00e3o nacionais e internacionais.<\/p>\n<p><strong><em>2adapt<\/em><\/strong><\/p>\n<p>A 2adapt \u00e9 uma empresa de servi\u00e7os de adapta\u00e7\u00e3o \u00e0s altera\u00e7\u00f5es clim\u00e1ticas, <em>spin-off<\/em> do grupo de investiga\u00e7\u00e3o da Faculdade de Ci\u00eancias da Universidade de Lisboa. Desenvolve produtos tecnol\u00f3gicos com base cient\u00edfica e presta servi\u00e7os de consultoria, visando aumentar o conhecimento e a compreens\u00e3o dos impactos do clima, para uma melhor gest\u00e3o e planeamento das organiza\u00e7\u00f5es que desejam adaptar-se aos riscos associados \u00e0s mudan\u00e7as clim\u00e1ticas, promovendo a sua resili\u00eancia e a sustentabilidade.<\/p>\n<p><strong><em>\u00a0 \u00a0 \u00a0 Fonte: GCI<\/em><\/strong><\/p>\n","protected":false},"excerpt":{"rendered":"<p>A Plataforma Municipal dos Objetivos de Desenvolvimento Sustent\u00e1vel (Plataforma ODSlocal) conta com os munic\u00edpios da Regi\u00e3o Centro para atingir os ODS propostos pela Organiza\u00e7\u00e3o das Na\u00e7\u00f5es Unidas (ONU). No total, a Regi\u00e3o Centro apresentou 211 projetos nas v\u00e1rias dimens\u00f5es da sustentabilidade. Os munic\u00edpios de Pombal, com 35 projetos, Torres Vedras (22), Leiria (16), Lourinh\u00e3 e [&hellip;]<\/p>\n","protected":false},"author":2,"featured_media":31169,"comment_status":"open","ping_status":"open","sticky":false,"template":"","format":"standard","meta":{"footnotes":""},"categories":[7],"tags":[],"class_list":["post-31164","post","type-post","status-publish","format-standard","has-post-thumbnail","hentry","category-economia"],"_links":{"self":[{"href":"https:\/\/tintafresca.net\/index.php\/wp-json\/wp\/v2\/posts\/31164","targetHints":{"allow":["GET"]}}],"collection":[{"href":"https:\/\/tintafresca.net\/index.php\/wp-json\/wp\/v2\/posts"}],"about":[{"href":"https:\/\/tintafresca.net\/index.php\/wp-json\/wp\/v2\/types\/post"}],"author":[{"embeddable":true,"href":"https:\/\/tintafresca.net\/index.php\/wp-json\/wp\/v2\/users\/2"}],"replies":[{"embeddable":true,"href":"https:\/\/tintafresca.net\/index.php\/wp-json\/wp\/v2\/comments?post=31164"}],"version-history":[{"count":7,"href":"https:\/\/tintafresca.net\/index.php\/wp-json\/wp\/v2\/posts\/31164\/revisions"}],"predecessor-version":[{"id":31173,"href":"https:\/\/tintafresca.net\/index.php\/wp-json\/wp\/v2\/posts\/31164\/revisions\/31173"}],"wp:featuredmedia":[{"embeddable":true,"href":"https:\/\/tintafresca.net\/index.php\/wp-json\/wp\/v2\/media\/31169"}],"wp:attachment":[{"href":"https:\/\/tintafresca.net\/index.php\/wp-json\/wp\/v2\/media?parent=31164"}],"wp:term":[{"taxonomy":"category","embeddable":true,"href":"https:\/\/tintafresca.net\/index.php\/wp-json\/wp\/v2\/categories?post=31164"},{"taxonomy":"post_tag","embeddable":true,"href":"https:\/\/tintafresca.net\/index.php\/wp-json\/wp\/v2\/tags?post=31164"}],"curies":[{"name":"wp","href":"https:\/\/api.w.org\/{rel}","templated":true}]}}