{"id":31265,"date":"2023-10-20T09:50:50","date_gmt":"2023-10-20T09:50:50","guid":{"rendered":"https:\/\/tintafresca.net\/?p=31265"},"modified":"2023-10-21T10:45:14","modified_gmt":"2023-10-21T10:45:14","slug":"populacao-de-caldas-da-rainha-manifesta-se-sabado-contra-o-encerramento-do-seu-hospital","status":"publish","type":"post","link":"https:\/\/tintafresca.net\/index.php\/2023\/10\/20\/populacao-de-caldas-da-rainha-manifesta-se-sabado-contra-o-encerramento-do-seu-hospital\/","title":{"rendered":"Popula\u00e7\u00e3o de Caldas da Rainha manifesta-se s\u00e1bado contra o encerramento do seu Hospital"},"content":{"rendered":"<div id=\"attachment_14249\" style=\"width: 410px\" class=\"wp-caption alignleft\"><img loading=\"lazy\" decoding=\"async\" aria-describedby=\"caption-attachment-14249\" class=\"wp-image-14249 size-full\" src=\"https:\/\/tintafresca.net\/wp-content\/uploads\/2022\/03\/Rodoviaria_do_Oeste10.jpg\" alt=\"\" width=\"400\" height=\"557\" \/><p id=\"caption-attachment-14249\" class=\"wp-caption-text\">Manifestantes v\u00e3o deslocar-se de autocarro at\u00e9 Lisboa<\/p><\/div>\n<p>\u201cUnidos pela Sa\u00fade\u201d \u00e9 o lema da a\u00e7\u00e3o de protesto que parte de Caldas da Rainha em dire\u00e7\u00e3o \u00e0 resid\u00eancia oficial do primeiro-ministro, neste s\u00e1bado, dia 21 de outubro, seguindo depois para a Assembleia da Rep\u00fablica.<\/p>\n<p>Em causa, est\u00e1 a reivindica\u00e7\u00e3o da constru\u00e7\u00e3o do futuro Hospital do Oeste nas Caldas da Rainha, contra a decis\u00e3o do ministro da Sa\u00fade, Manuel Pizarro, de encerrar o atual Hospital do concelho.<\/p>\n<p>Organizada pela C\u00e2mara Municipal de Caldas da Rainha, a manifesta\u00e7\u00e3o parte do centro da cidade de Caldas da Rainha pelas 13h30, dirigindo-se em autocarros para Lisboa.<\/p>\n<p>\u201cNo dia 21 de outubro estaremos unidos em Lisboa numa marcha pelo nosso hospital\u201d, afirma o presidente da C\u00e2mara Municipal, V\u00edtor Marques, que adianta ainda que \u201co desaparecimento do hospital de Caldas da Rainha vai prejudicar toda a regi\u00e3o Oeste Norte\u201d.<\/p>\n<p>A comitiva oficial, que ir\u00e1 entregar na resid\u00eancia oficial do primeiro-ministro os estudos t\u00e9cnicos que defendem a manuten\u00e7\u00e3o do hospital em Caldas, integra o presidente da C\u00e2mara Municipal, V\u00edtor Marques, o presidente da Assembleia Municipal, Jos\u00e9 Lalanda Ribeiro, e o m\u00e9dico Ant\u00f3nio Curado, coordenador da Comiss\u00e3o de Sa\u00fade da Assembleia Municipal de Caldas da Rainha.<\/p>\n<p><strong>Percurso da marcha de protesto: <\/strong><\/p>\n<p><strong>13h30: <\/strong>Concentra\u00e7\u00e3o e sa\u00edda de Caldas da Rainha (Cruzamento da Rua Dr. Vieira Pereira com a Rua Insepar\u00e1veis do Lubango \u2013 <strong>Largo da Feira Semanal<\/strong>)<\/p>\n<p><strong>14h30\/15h30: <\/strong>Chegada a Lisboa e concentra\u00e7\u00e3o junto da Bas\u00edlica da Estrela, seguido de sa\u00edda em dire\u00e7\u00e3o a S\u00e3o Bento.<br \/>\nBas\u00edlica da Estrela<br \/>\nCal\u00e7ada da Estrela<br \/>\nRua da Bela Vista \u00e0 Lapa<br \/>\nRua dos Navegantes<br \/>\nRua Borges Carneiro, n.\u00ba 36 (Junto \u00e0 Resid\u00eancia Oficial do primeiro-ministro)<br \/>\nRua Almeida Brand\u00e3o<br \/>\nCal\u00e7ada da Estrela<br \/>\nRua Correia Gar\u00e7\u00e3o Pal\u00e1cio de S\u00e3o Bento\/ Assembleia da Rep\u00fablica<\/p>\n<p><strong>\u00a0 \u00a0 Fonte: GC|CMCR<\/strong><\/p>\n","protected":false},"excerpt":{"rendered":"<p>\u201cUnidos pela Sa\u00fade\u201d \u00e9 o lema da a\u00e7\u00e3o de protesto que parte de Caldas da Rainha em dire\u00e7\u00e3o \u00e0 resid\u00eancia oficial do primeiro-ministro, neste s\u00e1bado, dia 21 de outubro, seguindo depois para a Assembleia da Rep\u00fablica. Em causa, est\u00e1 a reivindica\u00e7\u00e3o da constru\u00e7\u00e3o do futuro Hospital do Oeste nas Caldas da Rainha, contra a decis\u00e3o [&hellip;]<\/p>\n","protected":false},"author":2,"featured_media":31268,"comment_status":"open","ping_status":"open","sticky":false,"template":"","format":"standard","meta":{"footnotes":""},"categories":[6,11],"tags":[],"class_list":["post-31265","post","type-post","status-publish","format-standard","has-post-thumbnail","hentry","category-saude","category-sociedade"],"_links":{"self":[{"href":"https:\/\/tintafresca.net\/index.php\/wp-json\/wp\/v2\/posts\/31265","targetHints":{"allow":["GET"]}}],"collection":[{"href":"https:\/\/tintafresca.net\/index.php\/wp-json\/wp\/v2\/posts"}],"about":[{"href":"https:\/\/tintafresca.net\/index.php\/wp-json\/wp\/v2\/types\/post"}],"author":[{"embeddable":true,"href":"https:\/\/tintafresca.net\/index.php\/wp-json\/wp\/v2\/users\/2"}],"replies":[{"embeddable":true,"href":"https:\/\/tintafresca.net\/index.php\/wp-json\/wp\/v2\/comments?post=31265"}],"version-history":[{"count":2,"href":"https:\/\/tintafresca.net\/index.php\/wp-json\/wp\/v2\/posts\/31265\/revisions"}],"predecessor-version":[{"id":31267,"href":"https:\/\/tintafresca.net\/index.php\/wp-json\/wp\/v2\/posts\/31265\/revisions\/31267"}],"wp:featuredmedia":[{"embeddable":true,"href":"https:\/\/tintafresca.net\/index.php\/wp-json\/wp\/v2\/media\/31268"}],"wp:attachment":[{"href":"https:\/\/tintafresca.net\/index.php\/wp-json\/wp\/v2\/media?parent=31265"}],"wp:term":[{"taxonomy":"category","embeddable":true,"href":"https:\/\/tintafresca.net\/index.php\/wp-json\/wp\/v2\/categories?post=31265"},{"taxonomy":"post_tag","embeddable":true,"href":"https:\/\/tintafresca.net\/index.php\/wp-json\/wp\/v2\/tags?post=31265"}],"curies":[{"name":"wp","href":"https:\/\/api.w.org\/{rel}","templated":true}]}}