{"id":31311,"date":"2023-10-22T09:23:58","date_gmt":"2023-10-22T09:23:58","guid":{"rendered":"https:\/\/tintafresca.net\/?p=31311"},"modified":"2023-10-23T23:04:38","modified_gmt":"2023-10-23T23:04:38","slug":"pescadores-e-mariscadores-da-lagoa-de-obidos-sem-rendimentos-ha-dois-meses-devido-a-toxinas","status":"publish","type":"post","link":"https:\/\/tintafresca.net\/index.php\/2023\/10\/22\/pescadores-e-mariscadores-da-lagoa-de-obidos-sem-rendimentos-ha-dois-meses-devido-a-toxinas\/","title":{"rendered":"Pescadores e Mariscadores da Lagoa de \u00d3bidos sem rendimentos h\u00e1 dois meses devido a toxinas"},"content":{"rendered":"<div id=\"attachment_31313\" style=\"width: 510px\" class=\"wp-caption alignleft\"><img loading=\"lazy\" decoding=\"async\" aria-describedby=\"caption-attachment-31313\" class=\"wp-image-31313 size-full\" src=\"https:\/\/tintafresca.net\/wp-content\/uploads\/2023\/10\/Lagoa-de-Obidos10.jpg\" alt=\"\" width=\"500\" height=\"375\" srcset=\"https:\/\/tintafresca.net\/wp-content\/uploads\/2023\/10\/Lagoa-de-Obidos10.jpg 500w, https:\/\/tintafresca.net\/wp-content\/uploads\/2023\/10\/Lagoa-de-Obidos10-300x225.jpg 300w\" sizes=\"auto, (max-width: 500px) 100vw, 500px\" \/><p id=\"caption-attachment-31313\" class=\"wp-caption-text\">Barcos de pesca na Lagoa de \u00d3bidos<\/p><\/div>\n<p>A Dire\u00e7\u00e3o da Organiza\u00e7\u00e3o Regional de Leiria (DORLEI) do PCP alertou, no dia 19 de outubro, para a grave situa\u00e7\u00e3o que atravessam os pescadores e mariscadores da Lagoa de \u00d3bidos, privados de desenvolver a sua atividade por causa da dete\u00e7\u00e3o de toxinas nas \u00e1guas da referida Lagoa.<\/p>\n<p>Estes mariscadores est\u00e3o privados dos rendimentos h\u00e1 quase dois meses, n\u00e3o havendo perspetivas quanto \u00e0 data da retoma da atividade. Tal como os pr\u00f3prios afirmam, as informa\u00e7\u00f5es s\u00e3o escassas e as amea\u00e7as quanto a um futuro para quem depende da Lagoa s\u00e3o sempre muitas.<\/p>\n<p>Revelam ainda que a fauna e flora da Lagoa parecem estar amea\u00e7adas a cada ano que passa, tendo em conta a err\u00e1tica movimenta\u00e7\u00e3o de areias feitas em certos locais nos \u00faltimos anos, para al\u00e9m da falta de dragagens em zonas sens\u00edveis da Lagoa.<\/p>\n<p>Estes mariscadores est\u00e3o naturalmente revoltados com a situa\u00e7\u00e3o, dado que o seu profundo conhecimento sobre o local onde di\u00e1ria e historicamente trabalham \u00e9 constantemente desconsiderado aquando das interven\u00e7\u00f5es a fazer na Lagoa. Num quadro de crescentes dificuldades, com o custo de vida a aumentar, estes profissionais sentem-se abandonados e sem respostas para fazer face \u00e0s suas necessidades.<\/p>\n<p>Recorde-se que dependem da Lagoa de \u00d3bidos cerca de 100 fam\u00edlias que dali tiram o seu sustento. A interdi\u00e7\u00e3o quanto \u00e0 apanha de bivalves na Lagoa tem impacto direto nas economias familiares daqueles profissionais, na economia regional, que se recente desde as depuradoras \u00e0 aus\u00eancia de produto na restaura\u00e7\u00e3o. Esta situa\u00e7\u00e3o pot\u00eancia o crescente recurso \u00e0 importa\u00e7\u00e3o deste tipo de marisco.<\/p>\n<p>O PCP exige ao governo que, em estreita articula\u00e7\u00e3o com as organiza\u00e7\u00f5es representativas do sector, encontre solu\u00e7\u00f5es para este problema, designadamente atrav\u00e9s de formas que garantam rendimentos aos pescadores e mariscadores que est\u00e3o impedidos de exercer a sua atividade por fatores que lhes s\u00e3o completamente alheios.<\/p>\n<p>O PCP defende que a hist\u00f3ria recente confirma que \u201ca centralidade do sector da pesca\/apanha\/marisqueiro \u00e9 inquestion\u00e1vel no que concerne \u00e0 nossa soberania alimentar, logo a sua import\u00e2ncia estrat\u00e9gica obriga necessariamente a pol\u00edticas p\u00fablicas que o defendam, valorizem e potenciem.\u201d E reafirma que continuar\u00e1 a lutar ao lado destes profissionais e das suas organiza\u00e7\u00f5es, na constru\u00e7\u00e3o de um futuro mais justo e equilibrado para todos.<\/p>\n<p><strong>\u00a0 \u00a0 \u00a0Fonte: GI|DORLei<\/strong><\/p>\n","protected":false},"excerpt":{"rendered":"<p>A Dire\u00e7\u00e3o da Organiza\u00e7\u00e3o Regional de Leiria (DORLEI) do PCP alertou, no dia 19 de outubro, para a grave situa\u00e7\u00e3o que atravessam os pescadores e mariscadores da Lagoa de \u00d3bidos, privados de desenvolver a sua atividade por causa da dete\u00e7\u00e3o de toxinas nas \u00e1guas da referida Lagoa. Estes mariscadores est\u00e3o privados dos rendimentos h\u00e1 quase [&hellip;]<\/p>\n","protected":false},"author":2,"featured_media":31315,"comment_status":"open","ping_status":"open","sticky":false,"template":"","format":"standard","meta":{"footnotes":""},"categories":[7],"tags":[],"class_list":["post-31311","post","type-post","status-publish","format-standard","has-post-thumbnail","hentry","category-economia"],"_links":{"self":[{"href":"https:\/\/tintafresca.net\/index.php\/wp-json\/wp\/v2\/posts\/31311","targetHints":{"allow":["GET"]}}],"collection":[{"href":"https:\/\/tintafresca.net\/index.php\/wp-json\/wp\/v2\/posts"}],"about":[{"href":"https:\/\/tintafresca.net\/index.php\/wp-json\/wp\/v2\/types\/post"}],"author":[{"embeddable":true,"href":"https:\/\/tintafresca.net\/index.php\/wp-json\/wp\/v2\/users\/2"}],"replies":[{"embeddable":true,"href":"https:\/\/tintafresca.net\/index.php\/wp-json\/wp\/v2\/comments?post=31311"}],"version-history":[{"count":2,"href":"https:\/\/tintafresca.net\/index.php\/wp-json\/wp\/v2\/posts\/31311\/revisions"}],"predecessor-version":[{"id":31314,"href":"https:\/\/tintafresca.net\/index.php\/wp-json\/wp\/v2\/posts\/31311\/revisions\/31314"}],"wp:featuredmedia":[{"embeddable":true,"href":"https:\/\/tintafresca.net\/index.php\/wp-json\/wp\/v2\/media\/31315"}],"wp:attachment":[{"href":"https:\/\/tintafresca.net\/index.php\/wp-json\/wp\/v2\/media?parent=31311"}],"wp:term":[{"taxonomy":"category","embeddable":true,"href":"https:\/\/tintafresca.net\/index.php\/wp-json\/wp\/v2\/categories?post=31311"},{"taxonomy":"post_tag","embeddable":true,"href":"https:\/\/tintafresca.net\/index.php\/wp-json\/wp\/v2\/tags?post=31311"}],"curies":[{"name":"wp","href":"https:\/\/api.w.org\/{rel}","templated":true}]}}