{"id":31316,"date":"2023-10-22T13:19:11","date_gmt":"2023-10-22T13:19:11","guid":{"rendered":"https:\/\/tintafresca.net\/?p=31316"},"modified":"2023-10-22T13:26:50","modified_gmt":"2023-10-22T13:26:50","slug":"politecnico-e-centro-hospitalar-de-leiria-formalizam-protocolo-de-cooperacao-para-promocao-da-saude-mental","status":"publish","type":"post","link":"https:\/\/tintafresca.net\/index.php\/2023\/10\/22\/politecnico-e-centro-hospitalar-de-leiria-formalizam-protocolo-de-cooperacao-para-promocao-da-saude-mental\/","title":{"rendered":"Polit\u00e9cnico e Centro Hospitalar de Leiria formalizam protocolo de coopera\u00e7\u00e3o para promo\u00e7\u00e3o da Sa\u00fade Mental"},"content":{"rendered":"<div id=\"attachment_31318\" style=\"width: 510px\" class=\"wp-caption alignleft\"><img loading=\"lazy\" decoding=\"async\" aria-describedby=\"caption-attachment-31318\" class=\"wp-image-31318 size-full\" src=\"https:\/\/tintafresca.net\/wp-content\/uploads\/2023\/10\/IPL_saude_Mental20.jpg\" alt=\"\" width=\"500\" height=\"333\" srcset=\"https:\/\/tintafresca.net\/wp-content\/uploads\/2023\/10\/IPL_saude_Mental20.jpg 500w, https:\/\/tintafresca.net\/wp-content\/uploads\/2023\/10\/IPL_saude_Mental20-300x200.jpg 300w\" sizes=\"auto, (max-width: 500px) 100vw, 500px\" \/><p id=\"caption-attachment-31318\" class=\"wp-caption-text\">Assinatura do protocolo entre o CHL e o IPL<\/p><\/div>\n<p>O Instituto Polit\u00e9cnico de Leiria e o Centro Hospitalar de Leiria (CHL) formalizaram, no dia 18 de outubro, um protocolo de coopera\u00e7\u00e3o que engloba o desenvolvimento conjunto de iniciativas de promo\u00e7\u00e3o da Sa\u00fade Mental, dirigidas \u00e0 comunidade acad\u00e9mica, e prev\u00ea o estabelecimento de elos de liga\u00e7\u00e3o entre a Equipa Comunit\u00e1ria de Psiquiatria (Psicom) do CHL e a equipa de psic\u00f3logos do Servi\u00e7o de Apoio ao Estudante (SAPE) do Polit\u00e9cnico de Leiria. A sess\u00e3o, realizada na Escola Superior de Educa\u00e7\u00e3o e Ci\u00eancias Sociais (ESECS), em Leiria, prosseguiu com uma confer\u00eancia denominada \u201cSa\u00fade Mental no Ensino Superior\u201d.<\/p>\n<p>Carlos Rabad\u00e3o, presidente do Instituto Polit\u00e9cnico de Leiria, deu as boas-vindas aos presentes e destacou que este protocolo pretende \u00abrefor\u00e7ar, de alguma forma, o apoio da nossa comunidade acad\u00e9mica. Durante o Covid e p\u00f3s-Covid, o comportamento dos estudantes efetivamente alterou-se, e nota-se aqui uma necessidade adicional de apoio. A nossa inten\u00e7\u00e3o \u00e9 que possa haver uma dete\u00e7\u00e3o mais precoce e um encaminhamento mais r\u00e1pido para os cuidados de sa\u00fade adequados, e \u00e9 com este protocolo que entendemos que isto possa acontecer\u00bb.<\/p>\n<p>O presidente do Conselho de Administra\u00e7\u00e3o do CHL, Lic\u00ednio de Carvalho, salientou que \u00abo objetivo deste protocolo \u00e9 apelar \u00e0 sensibiliza\u00e7\u00e3o dos problemas da Sa\u00fade Mental, nomeadamente no Ensino Superior. Iniciativas desta natureza s\u00e3o importantes porque de alguma forma est\u00e3o ainda a procurar que fique tudo melhor, a sensibilizar para os problemas da Sa\u00fade Mental e a conseguir criar condi\u00e7\u00f5es para fazer algum despiste e alguma interven\u00e7\u00e3o precoce nesta \u00e1rea\u00bb.<\/p>\n<p><strong>Fonte: Midlandcom<\/strong><\/p>\n","protected":false},"excerpt":{"rendered":"<p>O Instituto Polit\u00e9cnico de Leiria e o Centro Hospitalar de Leiria (CHL) formalizaram, no dia 18 de outubro, um protocolo de coopera\u00e7\u00e3o que engloba o desenvolvimento conjunto de iniciativas de promo\u00e7\u00e3o da Sa\u00fade Mental, dirigidas \u00e0 comunidade acad\u00e9mica, e prev\u00ea o estabelecimento de elos de liga\u00e7\u00e3o entre a Equipa Comunit\u00e1ria de Psiquiatria (Psicom) do CHL [&hellip;]<\/p>\n","protected":false},"author":2,"featured_media":31319,"comment_status":"open","ping_status":"open","sticky":false,"template":"","format":"standard","meta":{"footnotes":""},"categories":[14,6],"tags":[],"class_list":["post-31316","post","type-post","status-publish","format-standard","has-post-thumbnail","hentry","category-educacao","category-saude"],"_links":{"self":[{"href":"https:\/\/tintafresca.net\/index.php\/wp-json\/wp\/v2\/posts\/31316","targetHints":{"allow":["GET"]}}],"collection":[{"href":"https:\/\/tintafresca.net\/index.php\/wp-json\/wp\/v2\/posts"}],"about":[{"href":"https:\/\/tintafresca.net\/index.php\/wp-json\/wp\/v2\/types\/post"}],"author":[{"embeddable":true,"href":"https:\/\/tintafresca.net\/index.php\/wp-json\/wp\/v2\/users\/2"}],"replies":[{"embeddable":true,"href":"https:\/\/tintafresca.net\/index.php\/wp-json\/wp\/v2\/comments?post=31316"}],"version-history":[{"count":3,"href":"https:\/\/tintafresca.net\/index.php\/wp-json\/wp\/v2\/posts\/31316\/revisions"}],"predecessor-version":[{"id":31321,"href":"https:\/\/tintafresca.net\/index.php\/wp-json\/wp\/v2\/posts\/31316\/revisions\/31321"}],"wp:featuredmedia":[{"embeddable":true,"href":"https:\/\/tintafresca.net\/index.php\/wp-json\/wp\/v2\/media\/31319"}],"wp:attachment":[{"href":"https:\/\/tintafresca.net\/index.php\/wp-json\/wp\/v2\/media?parent=31316"}],"wp:term":[{"taxonomy":"category","embeddable":true,"href":"https:\/\/tintafresca.net\/index.php\/wp-json\/wp\/v2\/categories?post=31316"},{"taxonomy":"post_tag","embeddable":true,"href":"https:\/\/tintafresca.net\/index.php\/wp-json\/wp\/v2\/tags?post=31316"}],"curies":[{"name":"wp","href":"https:\/\/api.w.org\/{rel}","templated":true}]}}