{"id":31416,"date":"2023-10-26T23:54:37","date_gmt":"2023-10-26T23:54:37","guid":{"rendered":"https:\/\/tintafresca.net\/?p=31416"},"modified":"2023-10-27T00:04:57","modified_gmt":"2023-10-27T00:04:57","slug":"empresas-e-associacoes-empresariais-vao-ter-espaco-dedicado-a-apresentacao-de-projetos-servicos-e-produtos-na-expocartaxo-2023","status":"publish","type":"post","link":"https:\/\/tintafresca.net\/index.php\/2023\/10\/26\/empresas-e-associacoes-empresariais-vao-ter-espaco-dedicado-a-apresentacao-de-projetos-servicos-e-produtos-na-expocartaxo-2023\/","title":{"rendered":"Empresas e associa\u00e7\u00f5es empresariais v\u00e3o ter na Expocartaxo espa\u00e7o para apresenta\u00e7\u00e3o de projetos, servi\u00e7os e produtos"},"content":{"rendered":"<div id=\"attachment_31419\" style=\"width: 410px\" class=\"wp-caption alignleft\"><img loading=\"lazy\" decoding=\"async\" aria-describedby=\"caption-attachment-31419\" class=\"wp-image-31419\" src=\"https:\/\/tintafresca.net\/wp-content\/uploads\/2023\/10\/Cartaxo_Expo.jpg\" alt=\"\" width=\"400\" height=\"503\" srcset=\"https:\/\/tintafresca.net\/wp-content\/uploads\/2023\/10\/Cartaxo_Expo.jpg 452w, https:\/\/tintafresca.net\/wp-content\/uploads\/2023\/10\/Cartaxo_Expo-239x300.jpg 239w\" sizes=\"auto, (max-width: 400px) 100vw, 400px\" \/><p id=\"caption-attachment-31419\" class=\"wp-caption-text\">Cartaz<\/p><\/div>\n<p>A ExpoCartaxo que tem abertura marcada para esta sexta-feira, dia 27 de outubro e decorre at\u00e9 dia 1 de novembro no Pavilh\u00e3o Municipal de Exposi\u00e7\u00f5es do Cartaxo, vai ter um miniaudit\u00f3rio no qual as empresas e as associa\u00e7\u00f5es empresariais poder\u00e3o apresentar os seus neg\u00f3cios, assim como, usar como espa\u00e7o de contacto com os visitantes do certame, clientes e parceiros.<\/p>\n<p>S\u00e3o j\u00e1 doze as apresenta\u00e7\u00f5es formais agendadas.<\/p>\n<p><strong>28 outubro<\/strong><\/p>\n<ul>\n<li>15h00 \u2013 Casal Santanna<\/li>\n<li>16h00 \u2013 Espa\u00e7o Viver<\/li>\n<li>17h00 \u2013 Ribateste<\/li>\n<li>18h00 \u2013 Equipa Andr\u00e9 Henriques, Real Estate Team<\/li>\n<li>19h00 \u2013 Via Segura, Sociedade Mediadora de Seguros<\/li>\n<\/ul>\n<p><strong>29 outubro<\/strong><\/p>\n<ul>\n<li>16h00 \u2013 LavriCartaxo<\/li>\n<li>17h00 \u2013 AMECC &#8211; Associa\u00e7\u00e3o Movimento dos Empres\u00e1rios do Concelho do Cartaxo<\/li>\n<li>18h00 \u2013 JP Barroca &#8211; Consultoria de Gest\u00e3o e Projetos de Investimento<\/li>\n<li>19h00 \u2013 Firiconta<\/li>\n<\/ul>\n<p><strong>30 outubro<\/strong><\/p>\n<ul>\n<li>18h00 \u2013 Gravymedal<\/li>\n<li>19h00 \u2013 Nersant &#8211; Associa\u00e7\u00e3o Empresarial da Regi\u00e3o de Santar\u00e9m<\/li>\n<\/ul>\n<p><strong>1 novembro<\/strong><\/p>\n<ul>\n<li>17h00 \u2013 Decis\u00f5es e Solu\u00e7\u00f5es<\/li>\n<\/ul>\n<p>&nbsp;<\/p>\n<p>&nbsp;<\/p>\n","protected":false},"excerpt":{"rendered":"<p>A ExpoCartaxo que tem abertura marcada para esta sexta-feira, dia 27 de outubro e decorre at\u00e9 dia 1 de novembro no Pavilh\u00e3o Municipal de Exposi\u00e7\u00f5es do Cartaxo, vai ter um miniaudit\u00f3rio no qual as empresas e as associa\u00e7\u00f5es empresariais poder\u00e3o apresentar os seus neg\u00f3cios, assim como, usar como espa\u00e7o de contacto com os visitantes do [&hellip;]<\/p>\n","protected":false},"author":2,"featured_media":31418,"comment_status":"open","ping_status":"open","sticky":false,"template":"","format":"standard","meta":{"footnotes":""},"categories":[7],"tags":[],"class_list":["post-31416","post","type-post","status-publish","format-standard","has-post-thumbnail","hentry","category-economia"],"_links":{"self":[{"href":"https:\/\/tintafresca.net\/index.php\/wp-json\/wp\/v2\/posts\/31416","targetHints":{"allow":["GET"]}}],"collection":[{"href":"https:\/\/tintafresca.net\/index.php\/wp-json\/wp\/v2\/posts"}],"about":[{"href":"https:\/\/tintafresca.net\/index.php\/wp-json\/wp\/v2\/types\/post"}],"author":[{"embeddable":true,"href":"https:\/\/tintafresca.net\/index.php\/wp-json\/wp\/v2\/users\/2"}],"replies":[{"embeddable":true,"href":"https:\/\/tintafresca.net\/index.php\/wp-json\/wp\/v2\/comments?post=31416"}],"version-history":[{"count":5,"href":"https:\/\/tintafresca.net\/index.php\/wp-json\/wp\/v2\/posts\/31416\/revisions"}],"predecessor-version":[{"id":31423,"href":"https:\/\/tintafresca.net\/index.php\/wp-json\/wp\/v2\/posts\/31416\/revisions\/31423"}],"wp:featuredmedia":[{"embeddable":true,"href":"https:\/\/tintafresca.net\/index.php\/wp-json\/wp\/v2\/media\/31418"}],"wp:attachment":[{"href":"https:\/\/tintafresca.net\/index.php\/wp-json\/wp\/v2\/media?parent=31416"}],"wp:term":[{"taxonomy":"category","embeddable":true,"href":"https:\/\/tintafresca.net\/index.php\/wp-json\/wp\/v2\/categories?post=31416"},{"taxonomy":"post_tag","embeddable":true,"href":"https:\/\/tintafresca.net\/index.php\/wp-json\/wp\/v2\/tags?post=31416"}],"curies":[{"name":"wp","href":"https:\/\/api.w.org\/{rel}","templated":true}]}}