{"id":31534,"date":"2023-10-31T19:39:01","date_gmt":"2023-10-31T19:39:01","guid":{"rendered":"https:\/\/tintafresca.net\/?p=31534"},"modified":"2023-10-31T19:46:55","modified_gmt":"2023-10-31T19:46:55","slug":"assimagra-promoveu-roteiro-para-a-descarbonizacao-do-setor-da-pedra-natural","status":"publish","type":"post","link":"https:\/\/tintafresca.net\/index.php\/2023\/10\/31\/assimagra-promoveu-roteiro-para-a-descarbonizacao-do-setor-da-pedra-natural\/","title":{"rendered":"ASSIMAGRA promoveu Roteiro para a Descarboniza\u00e7\u00e3o do Setor da Pedra Natural"},"content":{"rendered":"<div id=\"attachment_31537\" style=\"width: 490px\" class=\"wp-caption alignleft\"><img loading=\"lazy\" decoding=\"async\" aria-describedby=\"caption-attachment-31537\" class=\"wp-image-31537 size-full\" src=\"https:\/\/tintafresca.net\/wp-content\/uploads\/2023\/10\/Alcobaca_seminario_Pedra.jpeg\" alt=\"\" width=\"480\" height=\"319\" srcset=\"https:\/\/tintafresca.net\/wp-content\/uploads\/2023\/10\/Alcobaca_seminario_Pedra.jpeg 480w, https:\/\/tintafresca.net\/wp-content\/uploads\/2023\/10\/Alcobaca_seminario_Pedra-300x199.jpeg 300w\" sizes=\"auto, (max-width: 480px) 100vw, 480px\" \/><p id=\"caption-attachment-31537\" class=\"wp-caption-text\">Interven\u00e7\u00e3o de Herm\u00ednio Rodrigues<\/p><\/div>\n<p>\u201cA tradi\u00e7\u00e3o da pedra no concelho de Alcoba\u00e7a \u00e9 imensa mas h\u00e1 muito que este setor deixou de ser meramente tradicional. Nos \u00faltimos anos, a extra\u00e7\u00e3o da pedra registou um salto qualitativo muito importante no que diz respeito \u00e0s suas pr\u00e1ticas cada vez mais sustent\u00e1veis do ponto de vista do ambiente, gra\u00e7as \u00e0 digitaliza\u00e7\u00e3o e \u00e0 moderniza\u00e7\u00e3o tecnol\u00f3gica. Podemos mesmo afirmar que o setor da pedra gera uma verdadeira economia circular onde o aproveitamento dos seus recursos e subprodutos \u00e9 cada vez mais eficaz\u201d, afirmou o presidente da C\u00e2mara Municipal de Alcoba\u00e7a, Herm\u00ednio Rodrigues, na sess\u00e3o de abertura do Roteiro para a Descarboniza\u00e7\u00e3o do Setor da Pedra Natural, iniciativa da ASSIMAGRA &#8211; Associa\u00e7\u00e3o Portuguesa da Ind\u00fastria dos Recursos Minerais, realizada esta sexta-feira, 27 de outubro, no Montebelo Mosteiro de Alcoba\u00e7a Historic Hotel.<\/p>\n<p>Este projeto pretende tra\u00e7ar um plano estrat\u00e9gico para a redu\u00e7\u00e3o das emiss\u00f5es de carbono, aprimorando a efici\u00eancia energ\u00e9tica e incentivando as melhores pr\u00e1ticas no setor ao longo dos pr\u00f3ximos anos, no \u00e2mbito do Roteiro para a Descarboniza\u00e7\u00e3o. Alguns dos temas em debate passaram pela an\u00e1lise de Ciclo de Vida de Produto e a sua Pegada Ambiental, as Declara\u00e7\u00f5es Ambientais de Produto (DAP), e o impacto da IA, enquanto elemento facilitador \u00e0s empresas, dentro de um programa extremamente completo.<\/p>\n<p>Herm\u00ednio Rodrigues real\u00e7ou ainda \u201co caminho da sustentabilidade que o setor est\u00e1 a trilhar, sendo este, por\u00e9m, um caminho que depende de \u201cum devido apoio dos nossos governantes para que o enquadramento legal das pedreiras consiga dar condi\u00e7\u00f5es justas de trabalho, protegendo em simult\u00e2neo os nossos habitats naturais. Sabemos que este equil\u00edbrio n\u00e3o \u00e9 f\u00e1cil de atingir. No que compete ao Munic\u00edpio de Alcoba\u00e7a, estamos a trabalhar com total dedica\u00e7\u00e3o na conclus\u00e3o da revis\u00e3o do PDM. Contamos t\u00ea-lo pronto nos pr\u00f3ximos 3 meses pronto para que as empresas possam regularizar a sua situa\u00e7\u00e3o.\u201d<\/p>\n<p>O presidente da ASSIMAGRA, Miguel Goul\u00e3o, agradeceu \u201ctodo o esfor\u00e7o que o Munic\u00edpio tem feito na promo\u00e7\u00e3o dos setores industriais estrat\u00e9gicos do seu territ\u00f3rio. Queremos mostrar a todo o pa\u00eds que este \u00e9 um setor sustent\u00e1vel. A prova disso mesmo \u00e9 o espa\u00e7o onde nos encontramos, constru\u00eddo com a pedra desta regi\u00e3o h\u00e1 900 anos. Esperamos que o Governo saiba reconhecer e respeitar este valor no pr\u00f3ximo Or\u00e7amento de Estado.\u201d<\/p>\n<p><strong>Sobre o setor da pedra<\/strong><\/p>\n<p>Em Portugal, este setor conta com 2100 empresas e emprega diretamente 16 mil pessoas. De acordo com as estat\u00edsticas mais recentes, at\u00e9 julho deste ano, este setor j\u00e1 faturou mais de 300 milh\u00f5es de euros em exporta\u00e7\u00f5es para 111 pa\u00edses, o que configura um crescimento de 3.5% face ao per\u00edodo hom\u00f3logo do ano transato. Para estes n\u00fameros muito contribuem as empresas que laboram ao longo da Serra de Aire e Candeeiros. Em 2021, as empresas desta regi\u00e3o contribu\u00edram com 100 milh\u00f5es de euros de um total de 435 milh\u00f5es faturados n\u00edvel de exporta\u00e7\u00f5es, ou seja, \u00bc de todo o setor.<\/p>\n","protected":false},"excerpt":{"rendered":"<p>\u201cA tradi\u00e7\u00e3o da pedra no concelho de Alcoba\u00e7a \u00e9 imensa mas h\u00e1 muito que este setor deixou de ser meramente tradicional. Nos \u00faltimos anos, a extra\u00e7\u00e3o da pedra registou um salto qualitativo muito importante no que diz respeito \u00e0s suas pr\u00e1ticas cada vez mais sustent\u00e1veis do ponto de vista do ambiente, gra\u00e7as \u00e0 digitaliza\u00e7\u00e3o e [&hellip;]<\/p>\n","protected":false},"author":2,"featured_media":31538,"comment_status":"open","ping_status":"open","sticky":false,"template":"","format":"standard","meta":{"footnotes":""},"categories":[7],"tags":[],"class_list":["post-31534","post","type-post","status-publish","format-standard","has-post-thumbnail","hentry","category-economia"],"_links":{"self":[{"href":"https:\/\/tintafresca.net\/index.php\/wp-json\/wp\/v2\/posts\/31534","targetHints":{"allow":["GET"]}}],"collection":[{"href":"https:\/\/tintafresca.net\/index.php\/wp-json\/wp\/v2\/posts"}],"about":[{"href":"https:\/\/tintafresca.net\/index.php\/wp-json\/wp\/v2\/types\/post"}],"author":[{"embeddable":true,"href":"https:\/\/tintafresca.net\/index.php\/wp-json\/wp\/v2\/users\/2"}],"replies":[{"embeddable":true,"href":"https:\/\/tintafresca.net\/index.php\/wp-json\/wp\/v2\/comments?post=31534"}],"version-history":[{"count":3,"href":"https:\/\/tintafresca.net\/index.php\/wp-json\/wp\/v2\/posts\/31534\/revisions"}],"predecessor-version":[{"id":31539,"href":"https:\/\/tintafresca.net\/index.php\/wp-json\/wp\/v2\/posts\/31534\/revisions\/31539"}],"wp:featuredmedia":[{"embeddable":true,"href":"https:\/\/tintafresca.net\/index.php\/wp-json\/wp\/v2\/media\/31538"}],"wp:attachment":[{"href":"https:\/\/tintafresca.net\/index.php\/wp-json\/wp\/v2\/media?parent=31534"}],"wp:term":[{"taxonomy":"category","embeddable":true,"href":"https:\/\/tintafresca.net\/index.php\/wp-json\/wp\/v2\/categories?post=31534"},{"taxonomy":"post_tag","embeddable":true,"href":"https:\/\/tintafresca.net\/index.php\/wp-json\/wp\/v2\/tags?post=31534"}],"curies":[{"name":"wp","href":"https:\/\/api.w.org\/{rel}","templated":true}]}}