{"id":31550,"date":"2023-11-01T16:45:21","date_gmt":"2023-11-01T16:45:21","guid":{"rendered":"https:\/\/tintafresca.net\/?p=31550"},"modified":"2023-11-01T17:04:25","modified_gmt":"2023-11-01T17:04:25","slug":"politecnico-de-leiria-apresenta-resultados-do-premiado-projeto-link-me-up-com-a-presenca-de-dois-ministros","status":"publish","type":"post","link":"https:\/\/tintafresca.net\/index.php\/2023\/11\/01\/politecnico-de-leiria-apresenta-resultados-do-premiado-projeto-link-me-up-com-a-presenca-de-dois-ministros\/","title":{"rendered":"Polit\u00e9cnico de Leiria apresenta resultados do premiado projeto Link Me Up com a presen\u00e7a de dois ministros"},"content":{"rendered":"<div id=\"attachment_22106\" style=\"width: 510px\" class=\"wp-caption alignleft\"><img loading=\"lazy\" decoding=\"async\" aria-describedby=\"caption-attachment-22106\" class=\"wp-image-22106 size-full\" src=\"https:\/\/tintafresca.net\/wp-content\/uploads\/2022\/11\/Elvira_Fortunato10.jpg\" alt=\"\" width=\"500\" height=\"333\" srcset=\"https:\/\/tintafresca.net\/wp-content\/uploads\/2022\/11\/Elvira_Fortunato10.jpg 500w, https:\/\/tintafresca.net\/wp-content\/uploads\/2022\/11\/Elvira_Fortunato10-300x200.jpg 300w\" sizes=\"auto, (max-width: 500px) 100vw, 500px\" \/><p id=\"caption-attachment-22106\" class=\"wp-caption-text\">Elvira Fortunato<\/p><\/div>\n<p>O Polit\u00e9cnico de Leiria vai realizar no dia 3 de novembro, sexta-feira, pelas 15 h, a Sess\u00e3o de Apresenta\u00e7\u00e3o dos Resultados Finais do Projeto\u00a0<em>Link Me Up \u2013 1000 Ideias<\/em>. O evento, que ter\u00e1 lugar no Audit\u00f3rio do edif\u00edcio sede do Instituto Polit\u00e9cnico de Leiria, pretende evidenciar os resultados alcan\u00e7ados, ap\u00f3s tr\u00eas anos de dura\u00e7\u00e3o do projeto, que teve como objetivo promover o esp\u00edrito empresarial atrav\u00e9s da capacita\u00e7\u00e3o de jovens estudantes e\/ou empreendedores com vista ao incremento da qualidade do emprego e \u00e0 cria\u00e7\u00e3o de empresas inovadoras.<\/p>\n<p>Carlos Rabad\u00e3o, presidente do Instituto Polit\u00e9cnico de Leiria, e Ant\u00f3nio Costa Silva, ministro da Economia e do Mar, tomar\u00e3o a palavra na sess\u00e3o de abertura. Segue-se a apresenta\u00e7\u00e3o dos resultados pela professora Susana Rodrigues, coordenadora do projeto\u00a0<em>Link Me Up \u2013 1000 Ideias<\/em>, e de alguns testemunhos de estudantes,\u00a0empresas e docentes &#8211; facilitadores\u00a0do projeto. O programa prossegue com a comunica\u00e7\u00e3o intitulada\u00a0<em>Inova\u00e7\u00e3o Pedag\u00f3gica no Ensino Superior<\/em>, apresentada por Joaquim Mourato, diretor-geral do Ensino Superior. A sess\u00e3o encerra com a comunica\u00e7\u00e3o de Elvira Fortunato, ministra da Ci\u00eancia, Tecnologia e Ensino Superior.<\/p>\n<p>O projeto\u00a0<em>Link Me Up \u2013 1000 ideias, Sistema de Apoio \u00e0 cocria\u00e7\u00e3o de inova\u00e7\u00e3o, criatividade e empreendedorismo<\/em>, juntou 13 institutos polit\u00e9cnicos portugueses (de Leiria, de Beja,\u00a0 de Bragan\u00e7a, de Castelo Branco, do C\u00e1vado e do Ave, de Coimbra, de Guarda, de Portalegre, do Porto, de Santar\u00e9m, de Tomar, de Viana do Castelo e de Viseu) e foi concebido para refor\u00e7ar a coopera\u00e7\u00e3o destas institui\u00e7\u00f5es, enquanto agentes de promo\u00e7\u00e3o do empreendedorismo qualificado, de cocria\u00e7\u00e3o com o meio empresarial, envolvendo professores, estudantes e empresas\/organiza\u00e7\u00f5es, para a gera\u00e7\u00e3o de ideias inovadoras e a cria\u00e7\u00e3o de novas empresas.<\/p>\n<p>O projeto prop\u00f4s-se acompanhar a promo\u00e7\u00e3o de 1000 iniciativas relacionadas com a cria\u00e7\u00e3o de ideias e planos de neg\u00f3cios atrav\u00e9s do concurso de ideias (400), e o processo de cocria\u00e7\u00e3o de inova\u00e7\u00e3o (600), a serem desenvolvidos com empresas\/organiza\u00e7\u00f5es locais, permitindo-lhes criar ou melhorar significativamente os produtos, processos e servi\u00e7os, respondendo aos desafios da sociedade.<\/p>\n<p>O Projeto\u00a0<em>Link Me Up \u2013 1000 Ideias<\/em>, coordenado pelo Instituto Polit\u00e9cnico de Leiria, venceu no dia 31 de outubro, o primeiro Lugar da Fase Nacional do EEPA 2023 \u2013 European Enterprise Promotion Awards, na Categoria\u00a0\u201cPromo\u00e7\u00e3o do Esp\u00edrito de Empreendedorismo\u201d. Este \u00e9 um concurso lan\u00e7ado pela Comiss\u00e3o Europeia que decorreu nos 27 Estados membros da Uni\u00e3o Europeia, bem como nos 11 pa\u00edses associados do programa COSME &#8211; Programa para a Competitividade das Empresas e das PME.<\/p>\n<p><strong>PROGRAMA<\/strong><\/p>\n<p>14h45 \u2013 Rece\u00e7\u00e3o dos Convidados<\/p>\n<p>15h00 \u2013 Abertura da Sess\u00e3o Carlos Rabad\u00e3o \u2013 Presidente do Instituto Polit\u00e9cnico de Leiria Ant\u00f3nio Costa Silva \u2013 Ministro da Economia e do Mar<\/p>\n<p>15h20 \u2013 Apresenta\u00e7\u00e3o dos Resultados do Projeto Link Me Up \u2013 1000 ideias Susana Rodrigues \u2013 Coordenadora do Projeto<\/p>\n<p>15h50 \u2013 Apresenta\u00e7\u00e3o de Testemunhos<\/p>\n<p>16h20 \u2013 Confer\u00eancia: Inova\u00e7\u00e3o Pedag\u00f3gica no Ensino Superior Joaquim Mourato \u2013 Diretor-Geral do Ensino Superior<\/p>\n<p>16h40 \u2013 Encerramento da Sess\u00e3o Elvira Fortunato &#8211; Ministra da Ci\u00eancia, Tecnologia e Ensino Superior<\/p>\n<p>17h00 \u2013 Porto de Honra<\/p>\n<p><strong>\u00a0 \u00a0 \u00a0 Fonte: Midlandcom<\/strong><\/p>\n","protected":false},"excerpt":{"rendered":"<p>O Polit\u00e9cnico de Leiria vai realizar no dia 3 de novembro, sexta-feira, pelas 15 h, a Sess\u00e3o de Apresenta\u00e7\u00e3o dos Resultados Finais do Projeto\u00a0Link Me Up \u2013 1000 Ideias. O evento, que ter\u00e1 lugar no Audit\u00f3rio do edif\u00edcio sede do Instituto Polit\u00e9cnico de Leiria, pretende evidenciar os resultados alcan\u00e7ados, ap\u00f3s tr\u00eas anos de dura\u00e7\u00e3o do [&hellip;]<\/p>\n","protected":false},"author":2,"featured_media":22107,"comment_status":"open","ping_status":"open","sticky":false,"template":"","format":"standard","meta":{"footnotes":""},"categories":[7,14],"tags":[],"class_list":["post-31550","post","type-post","status-publish","format-standard","has-post-thumbnail","hentry","category-economia","category-educacao"],"_links":{"self":[{"href":"https:\/\/tintafresca.net\/index.php\/wp-json\/wp\/v2\/posts\/31550","targetHints":{"allow":["GET"]}}],"collection":[{"href":"https:\/\/tintafresca.net\/index.php\/wp-json\/wp\/v2\/posts"}],"about":[{"href":"https:\/\/tintafresca.net\/index.php\/wp-json\/wp\/v2\/types\/post"}],"author":[{"embeddable":true,"href":"https:\/\/tintafresca.net\/index.php\/wp-json\/wp\/v2\/users\/2"}],"replies":[{"embeddable":true,"href":"https:\/\/tintafresca.net\/index.php\/wp-json\/wp\/v2\/comments?post=31550"}],"version-history":[{"count":2,"href":"https:\/\/tintafresca.net\/index.php\/wp-json\/wp\/v2\/posts\/31550\/revisions"}],"predecessor-version":[{"id":31552,"href":"https:\/\/tintafresca.net\/index.php\/wp-json\/wp\/v2\/posts\/31550\/revisions\/31552"}],"wp:featuredmedia":[{"embeddable":true,"href":"https:\/\/tintafresca.net\/index.php\/wp-json\/wp\/v2\/media\/22107"}],"wp:attachment":[{"href":"https:\/\/tintafresca.net\/index.php\/wp-json\/wp\/v2\/media?parent=31550"}],"wp:term":[{"taxonomy":"category","embeddable":true,"href":"https:\/\/tintafresca.net\/index.php\/wp-json\/wp\/v2\/categories?post=31550"},{"taxonomy":"post_tag","embeddable":true,"href":"https:\/\/tintafresca.net\/index.php\/wp-json\/wp\/v2\/tags?post=31550"}],"curies":[{"name":"wp","href":"https:\/\/api.w.org\/{rel}","templated":true}]}}