{"id":31604,"date":"2023-11-03T21:30:15","date_gmt":"2023-11-03T21:30:15","guid":{"rendered":"https:\/\/tintafresca.net\/?p=31604"},"modified":"2023-11-03T21:30:15","modified_gmt":"2023-11-03T21:30:15","slug":"hospital-distrital-de-santarem-vai-abrir-60-vagas-para-novos-medicos-internos-de-formacao-geral","status":"publish","type":"post","link":"https:\/\/tintafresca.net\/index.php\/2023\/11\/03\/hospital-distrital-de-santarem-vai-abrir-60-vagas-para-novos-medicos-internos-de-formacao-geral\/","title":{"rendered":"Hospital Distrital de Santar\u00e9m vai abrir 60 vagas para novos m\u00e9dicos internos de forma\u00e7\u00e3o geral"},"content":{"rendered":"<div id=\"attachment_15518\" style=\"width: 510px\" class=\"wp-caption alignleft\"><img loading=\"lazy\" decoding=\"async\" aria-describedby=\"caption-attachment-15518\" class=\"wp-image-15518 size-full\" src=\"https:\/\/tintafresca.net\/wp-content\/uploads\/2022\/04\/Santarem_Hospital30.jpg\" alt=\"\" width=\"500\" height=\"375\" \/><p id=\"caption-attachment-15518\" class=\"wp-caption-text\">Hospital Distrital de Santar\u00e9m<\/p><\/div>\n<p>Foram atribu\u00eddas ao Hospital Distrital de Santar\u00e9m (HDS) 45 vagas para m\u00e9dicos internos de forma\u00e7\u00e3o geral. O mapa de vagas por institui\u00e7\u00e3o foi publicado em Di\u00e1rio da Rep\u00fablica, no dia 31 de outubro, tendo em vista o processo de coloca\u00e7\u00e3o em janeiro de 2024.<\/p>\n<p>Somando as 45 vagas para forma\u00e7\u00e3o geral com as 15 vagas j\u00e1 conhecidas para a forma\u00e7\u00e3o de m\u00e9dicos internos em seis especialidades \u2013 anatomia patol\u00f3gica, ginecologia\/obstetr\u00edcia, ortopedia, cirurgia geral, pediatria e medicina interna \u2013 , ao todo foram disponibilizadas 60 vagas para novos m\u00e9dicos no HDS.<\/p>\n<p>De acordo com Ana Infante, presidente do Conselho de Administra\u00e7\u00e3o do HDS, \u201ca forma\u00e7\u00e3o de m\u00e9dicos \u00e9 uma das vertentes mais valorizadas pelo Hospital\u201d, sendo \u201cfundamental o papel que os seus tutores t\u00eam assumido na continua\u00e7\u00e3o da forma\u00e7\u00e3o de excel\u00eancia\u201d.<\/p>\n<p>Fonte: GCI|HDS<\/p>\n","protected":false},"excerpt":{"rendered":"<p>Foram atribu\u00eddas ao Hospital Distrital de Santar\u00e9m (HDS) 45 vagas para m\u00e9dicos internos de forma\u00e7\u00e3o geral. O mapa de vagas por institui\u00e7\u00e3o foi publicado em Di\u00e1rio da Rep\u00fablica, no dia 31 de outubro, tendo em vista o processo de coloca\u00e7\u00e3o em janeiro de 2024. Somando as 45 vagas para forma\u00e7\u00e3o geral com as 15 vagas [&hellip;]<\/p>\n","protected":false},"author":2,"featured_media":17685,"comment_status":"open","ping_status":"open","sticky":false,"template":"","format":"standard","meta":{"footnotes":""},"categories":[6],"tags":[],"class_list":["post-31604","post","type-post","status-publish","format-standard","has-post-thumbnail","hentry","category-saude"],"_links":{"self":[{"href":"https:\/\/tintafresca.net\/index.php\/wp-json\/wp\/v2\/posts\/31604","targetHints":{"allow":["GET"]}}],"collection":[{"href":"https:\/\/tintafresca.net\/index.php\/wp-json\/wp\/v2\/posts"}],"about":[{"href":"https:\/\/tintafresca.net\/index.php\/wp-json\/wp\/v2\/types\/post"}],"author":[{"embeddable":true,"href":"https:\/\/tintafresca.net\/index.php\/wp-json\/wp\/v2\/users\/2"}],"replies":[{"embeddable":true,"href":"https:\/\/tintafresca.net\/index.php\/wp-json\/wp\/v2\/comments?post=31604"}],"version-history":[{"count":2,"href":"https:\/\/tintafresca.net\/index.php\/wp-json\/wp\/v2\/posts\/31604\/revisions"}],"predecessor-version":[{"id":31606,"href":"https:\/\/tintafresca.net\/index.php\/wp-json\/wp\/v2\/posts\/31604\/revisions\/31606"}],"wp:featuredmedia":[{"embeddable":true,"href":"https:\/\/tintafresca.net\/index.php\/wp-json\/wp\/v2\/media\/17685"}],"wp:attachment":[{"href":"https:\/\/tintafresca.net\/index.php\/wp-json\/wp\/v2\/media?parent=31604"}],"wp:term":[{"taxonomy":"category","embeddable":true,"href":"https:\/\/tintafresca.net\/index.php\/wp-json\/wp\/v2\/categories?post=31604"},{"taxonomy":"post_tag","embeddable":true,"href":"https:\/\/tintafresca.net\/index.php\/wp-json\/wp\/v2\/tags?post=31604"}],"curies":[{"name":"wp","href":"https:\/\/api.w.org\/{rel}","templated":true}]}}