{"id":31612,"date":"2023-11-04T00:47:14","date_gmt":"2023-11-04T00:47:14","guid":{"rendered":"https:\/\/tintafresca.net\/?p=31612"},"modified":"2023-11-04T00:56:49","modified_gmt":"2023-11-04T00:56:49","slug":"nazare-participa-nas-jornadas-de-aguas-e-turismo-em-feira-do-turismo-de-portugal-e-espanha-badajoz","status":"publish","type":"post","link":"https:\/\/tintafresca.net\/index.php\/2023\/11\/04\/nazare-participa-nas-jornadas-de-aguas-e-turismo-em-feira-do-turismo-de-portugal-e-espanha-badajoz\/","title":{"rendered":"Nazar\u00e9 participa nas Jornadas de \u201c\u00c1guas e Turismo\u201d em Feira do Turismo de Portugal e Espanha \u2013 Badajoz"},"content":{"rendered":"<p><img loading=\"lazy\" decoding=\"async\" class=\"alignleft wp-image-31614 size-full\" src=\"https:\/\/tintafresca.net\/wp-content\/uploads\/2023\/11\/Nazare_feira_Badajoz10.jpg\" alt=\"\" width=\"500\" height=\"375\" srcset=\"https:\/\/tintafresca.net\/wp-content\/uploads\/2023\/11\/Nazare_feira_Badajoz10.jpg 500w, https:\/\/tintafresca.net\/wp-content\/uploads\/2023\/11\/Nazare_feira_Badajoz10-300x225.jpg 300w\" sizes=\"auto, (max-width: 500px) 100vw, 500px\" \/>O Munic\u00edpio da Nazar\u00e9 esteve na 32\u00aa edi\u00e7\u00e3o da Feira de Turismo de Espanha e Portugal, a decorrer na capital de Badajoz, at\u00e9 5 de novembro, como convidado das Jornadas \u201c\u00c1gua e Turismo\u201d.<\/p>\n<p>O Munic\u00edpio da Nazar\u00e9 foi um dos convidados da Turiberia, evento dedicado ao turismo de Portugal e Espanha, que re\u00fane, at\u00e9 ao pr\u00f3ximo dia 5, mais de cem expositores, 50% dos quais portugueses, com a mostra de produtos, entre os quais, agr\u00edcolas, t\u00eaxteis e artesanato.<\/p>\n<p>Walter Chicharro, em representa\u00e7\u00e3o do Munic\u00edpio, foi um dos convidados das Jornadas \u201c\u00c1gua e Turismo\u201d, uma das iniciativas deste evento dedicado ao turismo, para participar no painel \u201cDo interior ao litoral: o que nos une e o que nos separa\u201d, que contou, ainda, com Ant\u00f3nio Correia, Coordenador da Rede de Esta\u00e7\u00f5es N\u00e1uticas de Portugal e Jo\u00e3o Martins, diretor do Gabinete de Desenvolvimento e Responsabilidade Social da EDIA &#8211; Desenvolvimento Territorial Sustent\u00e1vel.<\/p>\n<p>A influ\u00eancia do canh\u00e3o submarino sobre a qualidade do pescado e a forma\u00e7\u00e3o de ondas gigantes, cada vez mais uma refer\u00eancia obrigat\u00f3ria do surf mundial, foram alguns dos t\u00f3picos da apresenta\u00e7\u00e3o do Presidente da C\u00e2mara da Nazar\u00e9, que referiu, ainda, a import\u00e2ncia da organiza\u00e7\u00e3o de eventos desportivos, para a promo\u00e7\u00e3o da marca, dentro e fora de portas.<\/p>\n<p>\u201cDe uma vila, quase exclusivamente piscat\u00f3ria, a Nazar\u00e9 passou a crescer no turismo, nos neg\u00f3cios e nos investimentos em diversas \u00e1reas de atividade, nomeadamente por parte de multinacionais e empresas nacionais de diversos sectores.\u201d<\/p>\n<p>O impacto das ondas gigantes na economia da Nazar\u00e9 \u201ctem sido evidente\u201d, tendo come\u00e7ado a notar-se mais entre 2014 e 2015, o que, segundo o autarca, foi vis\u00edvel \u201ccom propostas de instala\u00e7\u00e3o de projetos de hotelaria e de novos neg\u00f3cios\u201d. Ao longo dos \u00faltimos 8 anos, o crescimento fez-se sentir, tamb\u00e9m, nos licenciamentos urban\u00edsticos, para projetos hoteleiros e resid\u00eancias de particulares, nomeadamente para estrangeiros.<\/p>\n<p>\u201cA Nazar\u00e9 gera mais not\u00edcias internacionais do que Lisboa. O maior volume de artigos sobre a Nazar\u00e9 foi detetado nos EUA. Mais de 50 canais de televis\u00e3o visaram a Nazar\u00e9. A lideran\u00e7a \u00e9 esmagadora: dos 180 artigos que referiram destinos da regi\u00e3o durante o m\u00eas de novembro (uma subida consider\u00e1vel, em compara\u00e7\u00e3o com os 106 do m\u00eas passado), 159 tinham a Nazar\u00e9 como protagonista.\u201d<\/p>\n<p>A aflu\u00eancia de visitantes ao Forte de S\u00e3o Miguel Arcanjo, que oferece uma vista privilegiada sobre o mar e a zona onde o canh\u00e3o submarino gera as ondas gigantes, \u00e9, tamb\u00e9m, uma evid\u00eancia da aten\u00e7\u00e3o que a vila tem despertado sobre o turismo. Em setembro passado, o equipamento, gerido pela C\u00e2mara Municipal, atingiu os 2 milh\u00f5es de visitantes.<\/p>\n<p>O futuro \u201cpassar\u00e1 pela continua\u00e7\u00e3o de realiza\u00e7\u00e3o de eventos desportivos de mar e de praia, nomeadamente os torneios europeus, campeonatos de surf e ondas grandes, futebol e andebol de praia, cujo retorno tem sido, at\u00e9 ao presente, consider\u00e1vel, mas tamb\u00e9m pelos eventos culturais e art\u00edsticos, sem esquecer a capta\u00e7\u00e3o de ind\u00fastria para a \u00c1rea de Acolhimento Empresarial de Valado dos Frades\u201d, disse o autarca.<\/p>\n<p>A qualifica\u00e7\u00e3o do espa\u00e7o p\u00fablico, tornando-se mais atrativo a v\u00e1rios n\u00edveis, tem sido outra das apostas da autarquia, que pretende manter este investimento que contribuem para projetar o concelho como um destino de qualidade, seguro e especifico, e na primeira vila portuguesa \u201ccarbono zero\u201d, atrav\u00e9s de um dos primeiros projetos de raiz, no pa\u00eds, de mobilidade sustent\u00e1vel.<\/p>\n<p>A \u00e1gua, um recurso natural importante, \u00e9 um fator determinante para a atividade do turismo, e um dos seus maiores atrativos, sendo, tamb\u00e9m por isso, um forte aliado do setor.<\/p>\n<p>As jornadas \u201cBin\u00f3mio Turismo e \u00c1gua: a \u00e1gua como recurso tur\u00edstico\u201d debateram o desenvolvimento de produtos tur\u00edsticos de forma sustent\u00e1vel com base nos recursos h\u00eddricos de cada local; qualidade da \u00e1gua para um turismo ativo, na hotelaria e restaura\u00e7\u00e3o; gera\u00e7\u00e3o de atividades; comercializa\u00e7\u00e3o e explora\u00e7\u00e3o participativa (P\u00fablico e Privados) e contributos para a economia.<\/p>\n<p>A Turiberia 2023 deu especial relev\u00e2ncia ao turismo de proximidade, \u201cque permite disfrutar da riqueza natural, patrimonial e cultural dos lugares\u201d, refere a organiza\u00e7\u00e3o.<\/p>\n<p><strong>\u00a0 \u00a0 Fonte: SM|GCI|CMN<\/strong><\/p>\n","protected":false},"excerpt":{"rendered":"<p>O Munic\u00edpio da Nazar\u00e9 esteve na 32\u00aa edi\u00e7\u00e3o da Feira de Turismo de Espanha e Portugal, a decorrer na capital de Badajoz, at\u00e9 5 de novembro, como convidado das Jornadas \u201c\u00c1gua e Turismo\u201d. O Munic\u00edpio da Nazar\u00e9 foi um dos convidados da Turiberia, evento dedicado ao turismo de Portugal e Espanha, que re\u00fane, at\u00e9 ao [&hellip;]<\/p>\n","protected":false},"author":2,"featured_media":31615,"comment_status":"open","ping_status":"open","sticky":false,"template":"","format":"standard","meta":{"footnotes":""},"categories":[7],"tags":[],"class_list":["post-31612","post","type-post","status-publish","format-standard","has-post-thumbnail","hentry","category-economia"],"_links":{"self":[{"href":"https:\/\/tintafresca.net\/index.php\/wp-json\/wp\/v2\/posts\/31612","targetHints":{"allow":["GET"]}}],"collection":[{"href":"https:\/\/tintafresca.net\/index.php\/wp-json\/wp\/v2\/posts"}],"about":[{"href":"https:\/\/tintafresca.net\/index.php\/wp-json\/wp\/v2\/types\/post"}],"author":[{"embeddable":true,"href":"https:\/\/tintafresca.net\/index.php\/wp-json\/wp\/v2\/users\/2"}],"replies":[{"embeddable":true,"href":"https:\/\/tintafresca.net\/index.php\/wp-json\/wp\/v2\/comments?post=31612"}],"version-history":[{"count":2,"href":"https:\/\/tintafresca.net\/index.php\/wp-json\/wp\/v2\/posts\/31612\/revisions"}],"predecessor-version":[{"id":31616,"href":"https:\/\/tintafresca.net\/index.php\/wp-json\/wp\/v2\/posts\/31612\/revisions\/31616"}],"wp:featuredmedia":[{"embeddable":true,"href":"https:\/\/tintafresca.net\/index.php\/wp-json\/wp\/v2\/media\/31615"}],"wp:attachment":[{"href":"https:\/\/tintafresca.net\/index.php\/wp-json\/wp\/v2\/media?parent=31612"}],"wp:term":[{"taxonomy":"category","embeddable":true,"href":"https:\/\/tintafresca.net\/index.php\/wp-json\/wp\/v2\/categories?post=31612"},{"taxonomy":"post_tag","embeddable":true,"href":"https:\/\/tintafresca.net\/index.php\/wp-json\/wp\/v2\/tags?post=31612"}],"curies":[{"name":"wp","href":"https:\/\/api.w.org\/{rel}","templated":true}]}}