{"id":31684,"date":"2023-11-06T21:20:53","date_gmt":"2023-11-06T21:20:53","guid":{"rendered":"https:\/\/tintafresca.net\/?p=31684"},"modified":"2023-11-06T21:20:53","modified_gmt":"2023-11-06T21:20:53","slug":"vereadores-do-psd-da-batalha-propoem-reducao-de-tarifario-das-aguas-para-2024","status":"publish","type":"post","link":"https:\/\/tintafresca.net\/index.php\/2023\/11\/06\/vereadores-do-psd-da-batalha-propoem-reducao-de-tarifario-das-aguas-para-2024\/","title":{"rendered":"Vereadores do PSD da Batalha prop\u00f5em redu\u00e7\u00e3o de tarif\u00e1rio das \u00e1guas para 2024"},"content":{"rendered":"<div id=\"attachment_8665\" style=\"width: 510px\" class=\"wp-caption alignleft\"><img loading=\"lazy\" decoding=\"async\" aria-describedby=\"caption-attachment-8665\" class=\"wp-image-8665\" src=\"https:\/\/tintafresca.net\/wp-content\/uploads\/2021\/09\/Batalha_camara.jpg\" alt=\"\" width=\"500\" height=\"375\" srcset=\"https:\/\/tintafresca.net\/wp-content\/uploads\/2021\/09\/Batalha_camara.jpg 850w, https:\/\/tintafresca.net\/wp-content\/uploads\/2021\/09\/Batalha_camara-300x225.jpg 300w, https:\/\/tintafresca.net\/wp-content\/uploads\/2021\/09\/Batalha_camara-768x576.jpg 768w\" sizes=\"auto, (max-width: 500px) 100vw, 500px\" \/><p id=\"caption-attachment-8665\" class=\"wp-caption-text\">Sede da C\u00e2mara Municipal da Batalha<\/p><\/div>\n<p>No dia 6 de novembro, em reuni\u00e3o ordin\u00e1ria da C\u00e2mara Municipal da Batalha, os vereadores do PSD Batalha apresentaram uma proposta que visava aliviar o or\u00e7amento familiar dos mun\u00edcipes para o ano de 2024, em resposta \u00e0s crescentes dificuldades econ\u00f3micas e financeiras que as fam\u00edlias enfrentam.<\/p>\n<p>Com a gest\u00e3o das \u00e1guas do munic\u00edpio agora a cargo da empresa municipal \u00c1guas da Batalha, e tendo em conta o \u00faltimo Estudo de Viabilidade Econ\u00f3mica-Financeira datado de 31\/05\/2023, que prev\u00ea um EBITDA de 400 mil euros para 2024, a proposta do PSD baseava-se na\u00a0redu\u00e7\u00e3o da tarifa da disponibilidade na classe de consumo dom\u00e9stico em 50% face \u00e0 tarifa praticada no atual ano.<\/p>\n<p>Recorde-se que a tarifa de disponibilidade \u00e9 independente dos consumos efetuados, sendo devida desde que o servi\u00e7o se encontre contratualizado. Assim, a medida n\u00e3o incentivar\u00e1 ao uso imprudente da \u00e1gua.<\/p>\n<p>As fam\u00edlias da Batalha est\u00e3o a enfrentar um aumento constante do custo de vida, tornando cada vez mais dif\u00edcil atender a todos os encargos di\u00e1rios e pagar as contas. Esta situa\u00e7\u00e3o \u00e9 agravada pela n\u00e3o devolu\u00e7\u00e3o de 1% do IRS e pelo aumento da infla\u00e7\u00e3o, bem como pelo encarecimento dos produtos essenciais.<\/p>\n<p>Conscientes das dificuldades que a nossa popula\u00e7\u00e3o enfrenta, os vereadores do PSD Batalha acreditam que esta redu\u00e7\u00e3o no tarif\u00e1rio da \u00e1gua seria uma medida positiva que poderia contribuir para aliviar o fardo econ\u00f3mico das fam\u00edlias da Batalha em 2024.<\/p>\n<p>O atual executivo, liderado pelo Movimento Batalha \u00e9 de todos, ficou de avaliar a proposta.<\/p>\n","protected":false},"excerpt":{"rendered":"<p>No dia 6 de novembro, em reuni\u00e3o ordin\u00e1ria da C\u00e2mara Municipal da Batalha, os vereadores do PSD Batalha apresentaram uma proposta que visava aliviar o or\u00e7amento familiar dos mun\u00edcipes para o ano de 2024, em resposta \u00e0s crescentes dificuldades econ\u00f3micas e financeiras que as fam\u00edlias enfrentam. Com a gest\u00e3o das \u00e1guas do munic\u00edpio agora a [&hellip;]<\/p>\n","protected":false},"author":2,"featured_media":24785,"comment_status":"open","ping_status":"open","sticky":false,"template":"","format":"standard","meta":{"footnotes":""},"categories":[7],"tags":[],"class_list":["post-31684","post","type-post","status-publish","format-standard","has-post-thumbnail","hentry","category-economia"],"_links":{"self":[{"href":"https:\/\/tintafresca.net\/index.php\/wp-json\/wp\/v2\/posts\/31684","targetHints":{"allow":["GET"]}}],"collection":[{"href":"https:\/\/tintafresca.net\/index.php\/wp-json\/wp\/v2\/posts"}],"about":[{"href":"https:\/\/tintafresca.net\/index.php\/wp-json\/wp\/v2\/types\/post"}],"author":[{"embeddable":true,"href":"https:\/\/tintafresca.net\/index.php\/wp-json\/wp\/v2\/users\/2"}],"replies":[{"embeddable":true,"href":"https:\/\/tintafresca.net\/index.php\/wp-json\/wp\/v2\/comments?post=31684"}],"version-history":[{"count":3,"href":"https:\/\/tintafresca.net\/index.php\/wp-json\/wp\/v2\/posts\/31684\/revisions"}],"predecessor-version":[{"id":31687,"href":"https:\/\/tintafresca.net\/index.php\/wp-json\/wp\/v2\/posts\/31684\/revisions\/31687"}],"wp:featuredmedia":[{"embeddable":true,"href":"https:\/\/tintafresca.net\/index.php\/wp-json\/wp\/v2\/media\/24785"}],"wp:attachment":[{"href":"https:\/\/tintafresca.net\/index.php\/wp-json\/wp\/v2\/media?parent=31684"}],"wp:term":[{"taxonomy":"category","embeddable":true,"href":"https:\/\/tintafresca.net\/index.php\/wp-json\/wp\/v2\/categories?post=31684"},{"taxonomy":"post_tag","embeddable":true,"href":"https:\/\/tintafresca.net\/index.php\/wp-json\/wp\/v2\/tags?post=31684"}],"curies":[{"name":"wp","href":"https:\/\/api.w.org\/{rel}","templated":true}]}}