{"id":31738,"date":"2023-11-08T23:22:59","date_gmt":"2023-11-08T23:22:59","guid":{"rendered":"https:\/\/tintafresca.net\/?p=31738"},"modified":"2023-11-08T23:25:27","modified_gmt":"2023-11-08T23:25:27","slug":"titulares-de-registo-de-alojamento-local-tem-dois-meses-para-comprovar-a-manutencao-da-atividade","status":"publish","type":"post","link":"https:\/\/tintafresca.net\/index.php\/2023\/11\/08\/titulares-de-registo-de-alojamento-local-tem-dois-meses-para-comprovar-a-manutencao-da-atividade\/","title":{"rendered":"Titulares de registo de alojamento local t\u00eam dois meses para comprovar a manuten\u00e7\u00e3o da atividade"},"content":{"rendered":"<p><img loading=\"lazy\" decoding=\"async\" class=\"alignleft wp-image-31740\" src=\"https:\/\/tintafresca.net\/wp-content\/uploads\/2023\/11\/Turismo_alentejo.jpg\" alt=\"\" width=\"350\" height=\"622\" srcset=\"https:\/\/tintafresca.net\/wp-content\/uploads\/2023\/11\/Turismo_alentejo.jpg 500w, https:\/\/tintafresca.net\/wp-content\/uploads\/2023\/11\/Turismo_alentejo-169x300.jpg 169w\" sizes=\"auto, (max-width: 350px) 100vw, 350px\" \/>As altera\u00e7\u00f5es ao alojamento local, publicadas em DR no dia 6 de outubro, d\u00e3o o prazo de 2 meses, a contar de 7 de outubro, para os propriet\u00e1rios fazerem o comprovativo<\/p>\n<p>Os titulares de registo de alojamento local est\u00e3o obrigados a comprovar, no prazo de 2 (dois) meses, a contar de 7 de outubro de 2023, a manuten\u00e7\u00e3o da atividade de explora\u00e7\u00e3o, mediante apresenta\u00e7\u00e3o de uma declara\u00e7\u00e3o contributiva que demonstre a efetividade do exerc\u00edcio da atividade, sob pena de cancelamento do registo, por decis\u00e3o do Presidente da C\u00e2mara Municipal territorialmente competente.<\/p>\n<p>A medida surge na sequ\u00eancia das altera\u00e7\u00f5es do Alojamento Local relativas ao Artigo 21\u00ba da Lei n.\u00ba 56\/2023, de 6 de outubro, Di\u00e1rio da Rep\u00fablica [n.\u00ba 194\/2023, S\u00e9rie I de 2023-10-06] e apenas deixa de fora da obriga\u00e7\u00e3o de prova os titulares da explora\u00e7\u00e3o de alojamento local em habita\u00e7\u00e3o pr\u00f3pria e permanente que n\u00e3o ultrapasse 120 (cento e vinte) dias por ano.<\/p>\n<p>Os titulares de registo de alojamento local devem, assim, apresentar as \u00faltimas declara\u00e7\u00f5es relativas a contribui\u00e7\u00f5es ao Estado relacionadas com a atividade de explora\u00e7\u00e3o de alojamento local (ex: \u00faltima declara\u00e7\u00e3o de rendimentos para efeitos de IRS ou IRC ou \u00faltima declara\u00e7\u00e3o peri\u00f3dica de IVA, com refer\u00eancia \u00e0 atividade de explora\u00e7\u00e3o de alojamento local). Para atividades registadas este ano, serve a declara\u00e7\u00e3o de IVA ou, em alternativa, a declara\u00e7\u00e3o de in\u00edcio de atividade nas Finan\u00e7as.<\/p>\n<p>Os documentos dever\u00e3o ser apresentados na plataforma do Balc\u00e3o \u00danico Eletr\u00f3nico: https:\/\/eportugal.gov.pt\/inicio\/espaco-empresa\/balcao-do-empreendedor\/enviar-o-comprovativo-do-exercicio-daatividade-de-alojamento-local<\/p>\n<p>Tamb\u00e9m poder\u00e3o ser apresentados, presencialmente, no Balc\u00e3o \u00danico de Atendimento da C\u00e2mara Municipal da Nazar\u00e9, nos dias \u00fateis, das 8:30h \u00e0s 16:00h.<\/p>\n","protected":false},"excerpt":{"rendered":"<p>As altera\u00e7\u00f5es ao alojamento local, publicadas em DR no dia 6 de outubro, d\u00e3o o prazo de 2 meses, a contar de 7 de outubro, para os propriet\u00e1rios fazerem o comprovativo Os titulares de registo de alojamento local est\u00e3o obrigados a comprovar, no prazo de 2 (dois) meses, a contar de 7 de outubro de [&hellip;]<\/p>\n","protected":false},"author":2,"featured_media":31741,"comment_status":"open","ping_status":"open","sticky":false,"template":"","format":"standard","meta":{"footnotes":""},"categories":[7],"tags":[],"class_list":["post-31738","post","type-post","status-publish","format-standard","has-post-thumbnail","hentry","category-economia"],"_links":{"self":[{"href":"https:\/\/tintafresca.net\/index.php\/wp-json\/wp\/v2\/posts\/31738","targetHints":{"allow":["GET"]}}],"collection":[{"href":"https:\/\/tintafresca.net\/index.php\/wp-json\/wp\/v2\/posts"}],"about":[{"href":"https:\/\/tintafresca.net\/index.php\/wp-json\/wp\/v2\/types\/post"}],"author":[{"embeddable":true,"href":"https:\/\/tintafresca.net\/index.php\/wp-json\/wp\/v2\/users\/2"}],"replies":[{"embeddable":true,"href":"https:\/\/tintafresca.net\/index.php\/wp-json\/wp\/v2\/comments?post=31738"}],"version-history":[{"count":2,"href":"https:\/\/tintafresca.net\/index.php\/wp-json\/wp\/v2\/posts\/31738\/revisions"}],"predecessor-version":[{"id":31742,"href":"https:\/\/tintafresca.net\/index.php\/wp-json\/wp\/v2\/posts\/31738\/revisions\/31742"}],"wp:featuredmedia":[{"embeddable":true,"href":"https:\/\/tintafresca.net\/index.php\/wp-json\/wp\/v2\/media\/31741"}],"wp:attachment":[{"href":"https:\/\/tintafresca.net\/index.php\/wp-json\/wp\/v2\/media?parent=31738"}],"wp:term":[{"taxonomy":"category","embeddable":true,"href":"https:\/\/tintafresca.net\/index.php\/wp-json\/wp\/v2\/categories?post=31738"},{"taxonomy":"post_tag","embeddable":true,"href":"https:\/\/tintafresca.net\/index.php\/wp-json\/wp\/v2\/tags?post=31738"}],"curies":[{"name":"wp","href":"https:\/\/api.w.org\/{rel}","templated":true}]}}