{"id":31743,"date":"2023-11-09T11:10:17","date_gmt":"2023-11-09T11:10:17","guid":{"rendered":"https:\/\/tintafresca.net\/?p=31743"},"modified":"2023-11-10T10:56:47","modified_gmt":"2023-11-10T10:56:47","slug":"ja-esta-criada-a-nova-unidade-local-de-saude-da-leziria","status":"publish","type":"post","link":"https:\/\/tintafresca.net\/index.php\/2023\/11\/09\/ja-esta-criada-a-nova-unidade-local-de-saude-da-leziria\/","title":{"rendered":"J\u00e1 est\u00e1 criada a nova Unidade Local de Sa\u00fade da Lez\u00edria"},"content":{"rendered":"<div id=\"attachment_31745\" style=\"width: 510px\" class=\"wp-caption alignleft\"><img loading=\"lazy\" decoding=\"async\" aria-describedby=\"caption-attachment-31745\" class=\"wp-image-31745 size-full\" src=\"https:\/\/tintafresca.net\/wp-content\/uploads\/2023\/11\/Santare_unidade_saude_Leziria10.jpg\" alt=\"\" width=\"500\" height=\"375\" srcset=\"https:\/\/tintafresca.net\/wp-content\/uploads\/2023\/11\/Santare_unidade_saude_Leziria10.jpg 500w, https:\/\/tintafresca.net\/wp-content\/uploads\/2023\/11\/Santare_unidade_saude_Leziria10-300x225.jpg 300w\" sizes=\"auto, (max-width: 500px) 100vw, 500px\" \/><p id=\"caption-attachment-31745\" class=\"wp-caption-text\">Grupo de trabalho da ULS da Lez\u00edria<\/p><\/div>\n<p>Foi publicado esta ter\u00e7a-feira, 7 de novembro, o decreto-lei que cria 32 novas Unidades Locais de Sa\u00fade, incluindo a Unidade Local de Sa\u00fade (ULS) da Lez\u00edria, que integra o Hospital Distrital de Santar\u00e9m (HDS) e o Agrupamento de Centros de Sa\u00fade (ACES) Lez\u00edria.<\/p>\n<p>De acordo com o decreto-lei, o novo\u00a0modelo integrado de cuidados permite \u201ca obten\u00e7\u00e3o de ganhos em sa\u00fade, pela proximidade das decis\u00f5es, pelo incremento da autonomia, promovendo os cuidados de sa\u00fade prim\u00e1rios como a base do sistema e refor\u00e7ando os meios e os recursos necess\u00e1rios para a sua miss\u00e3o\u201d.<\/p>\n<p>Segundo o diploma, que produz efeitos a partir de 1 de janeiro de 2024, \u201ca integra\u00e7\u00e3o dos ACES, hospitais e centros hospitalares j\u00e1 existentes no modelo das ULS constitui uma qualifica\u00e7\u00e3o da resposta do SNS, simplificando os processos, incrementando a articula\u00e7\u00e3o entre equipas de profissionais de sa\u00fade, com o foco na experi\u00eancia e nos percursos entre os diferentes n\u00edveis de cuidados, aumentando a autonomia gestion\u00e1ria, melhorando a participa\u00e7\u00e3o dos cidad\u00e3os, das comunidades, dos profissionais e das autarquias na defini\u00e7\u00e3o, acompanhamento e avalia\u00e7\u00e3o das pol\u00edticas de sa\u00fade, maximizando o acesso e a efici\u00eancia do SNS\u201d.<\/p>\n<p>O documento explica que as ULS v\u00e3o beneficiar de novos instrumentos de gest\u00e3o, particularmente: uma estratifica\u00e7\u00e3o pelo risco; sistemas de informa\u00e7\u00e3o que potenciem a integra\u00e7\u00e3o de cuidados, como o registo de sa\u00fade eletr\u00f3nico \u00fanico; incentivos ao desempenho, financeiros e n\u00e3o financeiros e modelos inovadores de presta\u00e7\u00e3o de cuidados, baseados em equipas que assumem compromissos centrados na resposta \u00e0s pessoas, com destaque para as unidades de sa\u00fade familiar e as unidades de cuidados na comunidade, no \u00e2mbito dos cuidados prim\u00e1rios, ou para \u00e1rea hospitalar, os centros de responsabilidade integrados.<\/p>\n<p>A publica\u00e7\u00e3o do decreto-lei aconteceu no mesmo dia em que teve lugar no HDS uma reuni\u00e3o com o grupo de trabalho da ULS da Lez\u00edria.<\/p>\n<p>Decreto-lei completo em:\u00a0<a href=\"https:\/\/diariodarepublica.pt\/dr\/detalhe\/decreto-lei\/102-2023-223906278\">https:\/\/diariodarepublica.pt\/dr\/detalhe\/decreto-lei\/102-2023-223906278<\/a><\/p>\n<p><strong>\u00a0 Fonte: GCI|HDS<\/strong><\/p>\n","protected":false},"excerpt":{"rendered":"<p>Foi publicado esta ter\u00e7a-feira, 7 de novembro, o decreto-lei que cria 32 novas Unidades Locais de Sa\u00fade, incluindo a Unidade Local de Sa\u00fade (ULS) da Lez\u00edria, que integra o Hospital Distrital de Santar\u00e9m (HDS) e o Agrupamento de Centros de Sa\u00fade (ACES) Lez\u00edria. De acordo com o decreto-lei, o novo\u00a0modelo integrado de cuidados permite \u201ca [&hellip;]<\/p>\n","protected":false},"author":2,"featured_media":31746,"comment_status":"open","ping_status":"open","sticky":false,"template":"","format":"standard","meta":{"footnotes":""},"categories":[6],"tags":[],"class_list":["post-31743","post","type-post","status-publish","format-standard","has-post-thumbnail","hentry","category-saude"],"_links":{"self":[{"href":"https:\/\/tintafresca.net\/index.php\/wp-json\/wp\/v2\/posts\/31743","targetHints":{"allow":["GET"]}}],"collection":[{"href":"https:\/\/tintafresca.net\/index.php\/wp-json\/wp\/v2\/posts"}],"about":[{"href":"https:\/\/tintafresca.net\/index.php\/wp-json\/wp\/v2\/types\/post"}],"author":[{"embeddable":true,"href":"https:\/\/tintafresca.net\/index.php\/wp-json\/wp\/v2\/users\/2"}],"replies":[{"embeddable":true,"href":"https:\/\/tintafresca.net\/index.php\/wp-json\/wp\/v2\/comments?post=31743"}],"version-history":[{"count":2,"href":"https:\/\/tintafresca.net\/index.php\/wp-json\/wp\/v2\/posts\/31743\/revisions"}],"predecessor-version":[{"id":31747,"href":"https:\/\/tintafresca.net\/index.php\/wp-json\/wp\/v2\/posts\/31743\/revisions\/31747"}],"wp:featuredmedia":[{"embeddable":true,"href":"https:\/\/tintafresca.net\/index.php\/wp-json\/wp\/v2\/media\/31746"}],"wp:attachment":[{"href":"https:\/\/tintafresca.net\/index.php\/wp-json\/wp\/v2\/media?parent=31743"}],"wp:term":[{"taxonomy":"category","embeddable":true,"href":"https:\/\/tintafresca.net\/index.php\/wp-json\/wp\/v2\/categories?post=31743"},{"taxonomy":"post_tag","embeddable":true,"href":"https:\/\/tintafresca.net\/index.php\/wp-json\/wp\/v2\/tags?post=31743"}],"curies":[{"name":"wp","href":"https:\/\/api.w.org\/{rel}","templated":true}]}}