{"id":3175,"date":"2021-04-13T16:52:29","date_gmt":"2021-04-13T16:52:29","guid":{"rendered":"https:\/\/tintafresca.net\/?p=3175"},"modified":"2021-04-13T17:00:59","modified_gmt":"2021-04-13T17:00:59","slug":"dragagens-na-lagoa-de-obidos-avancam-com-atraso-de-quatro-anos","status":"publish","type":"post","link":"https:\/\/tintafresca.net\/index.php\/2021\/04\/13\/dragagens-na-lagoa-de-obidos-avancam-com-atraso-de-quatro-anos\/","title":{"rendered":"Dragagens na lagoa de \u00d3bidos avan\u00e7am com atraso de 4 anos"},"content":{"rendered":"<div id=\"attachment_3177\" style=\"width: 511px\" class=\"wp-caption alignleft\"><img loading=\"lazy\" decoding=\"async\" aria-describedby=\"caption-attachment-3177\" class=\"wp-image-3177\" src=\"https:\/\/tintafresca.net\/wp-content\/uploads\/2021\/04\/Lagoa-de-Obidos.jpg\" alt=\"\" width=\"501\" height=\"376\" \/><p id=\"caption-attachment-3177\" class=\"wp-caption-text\">Lagoa de \u00d3bidos<\/p><\/div>\n<p>A segunda fase das dragagens na Lagoa de \u00d3bidos vai finalmente come\u00e7ar, depois de ter sido aprovada em Conselho de Ministros em 2017. Inicialmente previstos para 2019, os trabalhos s\u00f3 na semana passada receberam luz verde do Tribunal de Contas. Para Tinta Ferreira, presidente da C\u00e2mara de Caldas da Rainha este atraso de quatro anos \u00e9 lament\u00e1vel, quando se trata de um ecossistema extremamente sens\u00edvel.<\/p>\n<p>\u201cA lagoa est\u00e1 em risco. O visto do Tribunal de Contas \u00e9 uma excelente not\u00edcia para salvar a Lagoa, mas peca por tardia\u201d, lamenta Tinta Ferreira, referindo-se aos sucessivos avan\u00e7os e recuos entre Ag\u00eancia Portuguesa do Ambiente (APA) e Tribunal de Contas.<\/p>\n<p>O autarca alerta ainda para as consequ\u00eancias ambientais, resultado do atraso e da despreocupa\u00e7\u00e3o demonstrados por quem deveria ter acelerado a interven\u00e7\u00e3o: \u201cEstamos perante um ecossistema e um patrim\u00f3nio natural extremamente sens\u00edveis e fr\u00e1geis. Todas as problem\u00e1ticas e desafios em torno da Lagoa de \u00d3bidos exigem da tutela outros n\u00edveis de aten\u00e7\u00e3o e preocupa\u00e7\u00e3o\u201d.<\/p>\n<p>As dragagens visam combater o assoreamento que periodicamente fecha o canal de liga\u00e7\u00e3o ao mar, amea\u00e7ando a sobreviv\u00eancia de bivalves e restantes esp\u00e9cies pisc\u00edcolas. Estes fatores colocam em causa a subsist\u00eancia e a atividade econ\u00f3mica de toda a comunidade local de pescadores e mariscadores.<\/p>\n<p>Esta segunda fase conta com um investimento de cerca de 15 milh\u00f5es de euros, financiados em 85% pelo POSEUR (Programa Operacional Sustentabilidade e Efici\u00eancia no Uso de Recursos) e em 15% e pelo Fundo Ambiental. A autarquia dever\u00e1 agora avan\u00e7ar com a consigna\u00e7\u00e3o da obra, que se espera que tenha in\u00edcio at\u00e9 ao final de abril. O prazo de execu\u00e7\u00e3o dos trabalhos \u00e9 de 18 meses, sendo que as dragagens devem ficar conclu\u00eddas dentro de um ano, a contar da data de consigna\u00e7\u00e3o.<\/p>\n<p>Em causa est\u00e1 a interven\u00e7\u00e3o na zona superior da Lagoa, visando a retirada de 875 mil metros c\u00fabicos de areia, ao longo de 4 mil metros de canais e 27 hectares de bacias daquele ecossistema. Numa primeira fase, foram retirados 716 mil metros c\u00fabicos de areia.<\/p>\n<p><strong>\u00a0 \u00a0 \u00a0Fonte: ADBDComunicare<\/strong><\/p>\n","protected":false},"excerpt":{"rendered":"<p>A segunda fase das dragagens na Lagoa de \u00d3bidos vai finalmente come\u00e7ar, depois de ter sido aprovada em Conselho de Ministros em 2017. Inicialmente previstos para 2019, os trabalhos s\u00f3 na semana passada receberam luz verde do Tribunal de Contas. Para Tinta Ferreira, presidente da C\u00e2mara de Caldas da Rainha este atraso de quatro anos [&hellip;]<\/p>\n","protected":false},"author":2,"featured_media":3178,"comment_status":"open","ping_status":"open","sticky":false,"template":"","format":"standard","meta":{"footnotes":""},"categories":[9],"tags":[],"class_list":["post-3175","post","type-post","status-publish","format-standard","has-post-thumbnail","hentry","category-ambiente"],"_links":{"self":[{"href":"https:\/\/tintafresca.net\/index.php\/wp-json\/wp\/v2\/posts\/3175","targetHints":{"allow":["GET"]}}],"collection":[{"href":"https:\/\/tintafresca.net\/index.php\/wp-json\/wp\/v2\/posts"}],"about":[{"href":"https:\/\/tintafresca.net\/index.php\/wp-json\/wp\/v2\/types\/post"}],"author":[{"embeddable":true,"href":"https:\/\/tintafresca.net\/index.php\/wp-json\/wp\/v2\/users\/2"}],"replies":[{"embeddable":true,"href":"https:\/\/tintafresca.net\/index.php\/wp-json\/wp\/v2\/comments?post=3175"}],"version-history":[{"count":3,"href":"https:\/\/tintafresca.net\/index.php\/wp-json\/wp\/v2\/posts\/3175\/revisions"}],"predecessor-version":[{"id":3180,"href":"https:\/\/tintafresca.net\/index.php\/wp-json\/wp\/v2\/posts\/3175\/revisions\/3180"}],"wp:featuredmedia":[{"embeddable":true,"href":"https:\/\/tintafresca.net\/index.php\/wp-json\/wp\/v2\/media\/3178"}],"wp:attachment":[{"href":"https:\/\/tintafresca.net\/index.php\/wp-json\/wp\/v2\/media?parent=3175"}],"wp:term":[{"taxonomy":"category","embeddable":true,"href":"https:\/\/tintafresca.net\/index.php\/wp-json\/wp\/v2\/categories?post=3175"},{"taxonomy":"post_tag","embeddable":true,"href":"https:\/\/tintafresca.net\/index.php\/wp-json\/wp\/v2\/tags?post=3175"}],"curies":[{"name":"wp","href":"https:\/\/api.w.org\/{rel}","templated":true}]}}