{"id":31812,"date":"2023-11-12T11:05:00","date_gmt":"2023-11-12T11:05:00","guid":{"rendered":"https:\/\/tintafresca.net\/?p=31812"},"modified":"2023-11-12T11:16:30","modified_gmt":"2023-11-12T11:16:30","slug":"oeste-smart-region-integrou-primeira-linha-da-inovacao-de-territorios-inteligentes-em-barcelona","status":"publish","type":"post","link":"https:\/\/tintafresca.net\/index.php\/2023\/11\/12\/oeste-smart-region-integrou-primeira-linha-da-inovacao-de-territorios-inteligentes-em-barcelona\/","title":{"rendered":"Oeste Smart Region integrou a primeira linha da inova\u00e7\u00e3o de territ\u00f3rios inteligentes em Barcelona"},"content":{"rendered":"<div id=\"attachment_31814\" style=\"width: 510px\" class=\"wp-caption alignleft\"><img loading=\"lazy\" decoding=\"async\" aria-describedby=\"caption-attachment-31814\" class=\"wp-image-31814 size-full\" src=\"https:\/\/tintafresca.net\/wp-content\/uploads\/2023\/11\/Oeste_CIM_Barcelona30.jpg\" alt=\"\" width=\"500\" height=\"333\" srcset=\"https:\/\/tintafresca.net\/wp-content\/uploads\/2023\/11\/Oeste_CIM_Barcelona30.jpg 500w, https:\/\/tintafresca.net\/wp-content\/uploads\/2023\/11\/Oeste_CIM_Barcelona30-300x200.jpg 300w\" sizes=\"auto, (max-width: 500px) 100vw, 500px\" \/><p id=\"caption-attachment-31814\" class=\"wp-caption-text\">Delega\u00e7\u00e3o da Oeste CIM em Barcelona<\/p><\/div>\n<p>A Oeste Smart Region, da OesteCIM, esteve novamente na primeira linha da inova\u00e7\u00e3o dos territ\u00f3rios inteligentes, ao integrar a maior feira mundial do g\u00e9nero, a Smart City Expo World Congress (SCEWC), que decorreu em Barcelona, de 7 a 9 de novembro.<\/p>\n<p>Integrado no stand Smart Portugal, os v\u00e1rios expositores f\u00edsicos e digitais captaram a aten\u00e7\u00e3o dos mais de quatro mil visitantes, que representavam os setores p\u00fablico, acad\u00e9mico e empresarial. Um dos aspetos mais focados por quem se deparou com o projeto pela primeira vez foi a monitoriza\u00e7\u00e3o de dados financeiros\/SIBS, al\u00e9m da forma integrada dos dados e a sua leitura direcionada para a tomada de decis\u00e3o.<\/p>\n<p>\u201cA presen\u00e7a numa feira como esta permite mostrar ao mundo o que o territ\u00f3rio anda a fazer, mas tamb\u00e9m \u00e9 importante para partilhar experi\u00eancias, aprender e passar conhecimento, ao mesmo tempo que se refor\u00e7am liga\u00e7\u00f5es e parcerias\u201d, disse Pedro Folgado, presidente da OesteCIM.<\/p>\n<p>\u201cVoltar a marcar presen\u00e7a na Feira Smart City de Barcelona \u00e9 para n\u00f3s um motivo de orgulho e uma oportunidade de excel\u00eancia para, de forma integrada, mostrar os benef\u00edcios significativos de um Projeto como o Oeste Smart Region para a conce\u00e7\u00e3o, execu\u00e7\u00e3o e monitoriza\u00e7\u00e3o de pol\u00edticas p\u00fablicas, numa transi\u00e7\u00e3o digital que tem como foco as pessoas\u201d, afirmou, por sua vez, Paulo Sim\u00f5es, secret\u00e1rio Executivo da Comunidade Intermunicipal do Oeste.<\/p>\n<p>\u201cTrabalhamos para a constru\u00e7\u00e3o de uma Regi\u00e3o Inteligente, Sustent\u00e1vel e Humana. Os dados s\u00e3o hoje uma alavanca para a mudan\u00e7a do modelo de gest\u00e3o das cidades e regi\u00f5es. A presen\u00e7a em Barcelona \u00e9 fundamental para a cria\u00e7\u00e3o de sinergias, numa verdadeira partilha de contatos e conhecimentos que nos permitem perceber como potenciar o trabalho desenvolvido e oferecer melhores servi\u00e7os e qualidade de vida \u00e0s pessoas\u201d, enfatizou.<\/p>\n<p><strong>180 m2 de futuro<\/strong><\/p>\n<p>Foram tr\u00eas dias de intensa partilha na 12.\u00aa edi\u00e7\u00e3o da SCEWC, cujo tema deste ano foi \u2018A nova era urbana\u2019. A OesteCIM teve a responsabilidade acrescida de apoiar a NOVA Cidade \u2013 Urban Analytics Lab, da NOVA IMS na organiza\u00e7\u00e3o do pavilh\u00e3o de Portugal, um espa\u00e7o de 180 metros quadrados que reuniu as seguintes entidades:<\/p>\n<ul>\n<li>Territ\u00f3rio: OesteCIM, CIM Viseu D\u00e3o Laf\u00f5es, CIM M\u00e9dio Tejo, Guimar\u00e3es, Porto, Lisboa e Oeiras<\/li>\n<li>Empresas: Esri Portugal, Minsait, Wavecom Portugal e MEO Empresas<\/li>\n<li>Academia: NOVA Cidade \u2013 Urban Analytics Lab, da NOVA IMS e o Polo de Inova\u00e7\u00e3o<\/li>\n<\/ul>\n<p><strong>Digital, AI4PA<\/strong><\/p>\n<p>No primeiro dia de Feira, o Oeste apresentou a plataforma Oeste Smart Region, com especial enfoque nas dimens\u00f5es da monitoriza\u00e7\u00e3o de emiss\u00f5es e da intelig\u00eancia Artificial Generativa. Ao final da tarde decorreu a inaugura\u00e7\u00e3o oficial do stand de Portugal, seguida de uma mostra de produtos do Oeste e do M\u00e9dio Tejo.<\/p>\n<p>O terceiro e \u00faltimo dia do Smart City Expo World Congress contou com a participa\u00e7\u00e3o do secret\u00e1rio de Estado da Digitaliza\u00e7\u00e3o e da Moderniza\u00e7\u00e3o Administrativa, M\u00e1rio Campolargo, que falou sobre o tema \u2018Portugal a Smart Nation\u2019, abordando a Estrat\u00e9gia Nacional para Territ\u00f3rios Inteligentes.<\/p>\n<p>\u201cEsta \u00e9 uma iniciativa absolutamente fundamental para aprender, absorver novas ideias, viver, visualizar e sentir a inova\u00e7\u00e3o em aplica\u00e7\u00f5es concretas, partilhar experi\u00eancias e promover a coopera\u00e7\u00e3o\u201d, referiu M\u00e1rio Campolargo, no encerramento do programa.<\/p>\n<p>A SCEWC de 2023 teve mais de 25 mil visitantes presenciais, mais de 1100 stands, 577 oradores, mais de 140 pa\u00edses representados, 273 sess\u00f5es e mais de 800 cidades e regi\u00f5es Smart.<\/p>\n<p>A presen\u00e7a na capital da Catalunha foi apenas mais um passo de um caminho e uma estrat\u00e9gia que tem como objetivo colocar o Oeste na vanguarda da intelig\u00eancia territorial numa l\u00f3gica integrada com as melhores pr\u00e1ticas nacionais e internacionais. O futuro n\u00e3o p\u00e1ra.<\/p>\n<p><strong>\u00a0 \u00a0 \u00a0Fonte: OesteCIM<\/strong><\/p>\n","protected":false},"excerpt":{"rendered":"<p>A Oeste Smart Region, da OesteCIM, esteve novamente na primeira linha da inova\u00e7\u00e3o dos territ\u00f3rios inteligentes, ao integrar a maior feira mundial do g\u00e9nero, a Smart City Expo World Congress (SCEWC), que decorreu em Barcelona, de 7 a 9 de novembro. Integrado no stand Smart Portugal, os v\u00e1rios expositores f\u00edsicos e digitais captaram a aten\u00e7\u00e3o [&hellip;]<\/p>\n","protected":false},"author":2,"featured_media":31815,"comment_status":"open","ping_status":"open","sticky":false,"template":"","format":"standard","meta":{"footnotes":""},"categories":[7],"tags":[],"class_list":["post-31812","post","type-post","status-publish","format-standard","has-post-thumbnail","hentry","category-economia"],"_links":{"self":[{"href":"https:\/\/tintafresca.net\/index.php\/wp-json\/wp\/v2\/posts\/31812","targetHints":{"allow":["GET"]}}],"collection":[{"href":"https:\/\/tintafresca.net\/index.php\/wp-json\/wp\/v2\/posts"}],"about":[{"href":"https:\/\/tintafresca.net\/index.php\/wp-json\/wp\/v2\/types\/post"}],"author":[{"embeddable":true,"href":"https:\/\/tintafresca.net\/index.php\/wp-json\/wp\/v2\/users\/2"}],"replies":[{"embeddable":true,"href":"https:\/\/tintafresca.net\/index.php\/wp-json\/wp\/v2\/comments?post=31812"}],"version-history":[{"count":3,"href":"https:\/\/tintafresca.net\/index.php\/wp-json\/wp\/v2\/posts\/31812\/revisions"}],"predecessor-version":[{"id":31817,"href":"https:\/\/tintafresca.net\/index.php\/wp-json\/wp\/v2\/posts\/31812\/revisions\/31817"}],"wp:featuredmedia":[{"embeddable":true,"href":"https:\/\/tintafresca.net\/index.php\/wp-json\/wp\/v2\/media\/31815"}],"wp:attachment":[{"href":"https:\/\/tintafresca.net\/index.php\/wp-json\/wp\/v2\/media?parent=31812"}],"wp:term":[{"taxonomy":"category","embeddable":true,"href":"https:\/\/tintafresca.net\/index.php\/wp-json\/wp\/v2\/categories?post=31812"},{"taxonomy":"post_tag","embeddable":true,"href":"https:\/\/tintafresca.net\/index.php\/wp-json\/wp\/v2\/tags?post=31812"}],"curies":[{"name":"wp","href":"https:\/\/api.w.org\/{rel}","templated":true}]}}