{"id":31877,"date":"2023-11-15T21:54:50","date_gmt":"2023-11-15T21:54:50","guid":{"rendered":"https:\/\/tintafresca.net\/?p=31877"},"modified":"2023-11-15T22:00:25","modified_gmt":"2023-11-15T22:00:25","slug":"abrantes-acolheu-viagem-inaugural-do-primeiro-autocarro-movido-a-hidrogenio-do-medio-tejo","status":"publish","type":"post","link":"https:\/\/tintafresca.net\/index.php\/2023\/11\/15\/abrantes-acolheu-viagem-inaugural-do-primeiro-autocarro-movido-a-hidrogenio-do-medio-tejo\/","title":{"rendered":"Abrantes acolheu viagem inaugural do primeiro autocarro movido a hidrog\u00e9nio do M\u00e9dio Tejo"},"content":{"rendered":"<div id=\"attachment_31882\" style=\"width: 510px\" class=\"wp-caption alignleft\"><img loading=\"lazy\" decoding=\"async\" aria-describedby=\"caption-attachment-31882\" class=\"wp-image-31882 size-full\" src=\"https:\/\/tintafresca.net\/wp-content\/uploads\/2023\/11\/Abrantes_Hidrogenio20.jpg\" alt=\"\" width=\"500\" height=\"333\" srcset=\"https:\/\/tintafresca.net\/wp-content\/uploads\/2023\/11\/Abrantes_Hidrogenio20.jpg 500w, https:\/\/tintafresca.net\/wp-content\/uploads\/2023\/11\/Abrantes_Hidrogenio20-300x200.jpg 300w\" sizes=\"auto, (max-width: 500px) 100vw, 500px\" \/><p id=\"caption-attachment-31882\" class=\"wp-caption-text\">Apresenta\u00e7\u00e3o do primeiro autocarro a hidrog\u00e9nio do M\u00e9dio Tejo<\/p><\/div>\n<p>O primeiro autocarro a hidrog\u00e9nio da regi\u00e3o do M\u00e9dio Tejo come\u00e7ou a circular em Abrantes esta segunda-feira, dia 13 de novembro. Um projeto piloto que pretende demonstrar e promover a utiliza\u00e7\u00e3o de ve\u00edculos movidos a hidrog\u00e9nio.<\/p>\n<p>\u201cHoje \u00e9 um dia realmente diferente porque ficar\u00e1 para a hist\u00f3ria\u201d, come\u00e7ou por salientar Manuel Jorge Valamatos, presidente da C\u00e2mara Municipal de Abrantes e da Comunidade Intermunicipal do M\u00e9dio Tejo.<\/p>\n<p>\u201cCome\u00e7amos hoje a fazer hist\u00f3ria na mobilidade da regi\u00e3o do M\u00e9dio Tejo\u201d, continuou Manuel Jorge Valamatos durante a viagem inaugural do autocarro a hidrog\u00e9nio a circular em Abrantes durante os pr\u00f3ximos quatro meses, seguindo depois para o concelho de Tomar.<\/p>\n<p>\u201cA mobilidade \u00e9 um aspeto muito importante para as comunidades e apostamos por isso na afirma\u00e7\u00e3o da nossa regi\u00e3o. Ter autocarros e estruturas de transportes mais sustent\u00e1veis, \u00e9 estarmos mais perto do futuro\u201d, destacou ainda Manuel Jorge Valamatos.<\/p>\n<p>O autocarro movido a hidrog\u00e9nio, a circular nos pr\u00f3ximos oito meses nos 11 concelhos do M\u00e9dio Tejo, surge no \u00e2mbito do projeto europeu Hy2Market ao qual a M\u00e9dioTejo21 \u2013 Ag\u00eancia Regional de Energia e Ambiente do M\u00e9dio Tejo e Pinhal Interior Sul viu aprovada candidatura.<\/p>\n<p>Jo\u00e3o Gomes, presidente do Conselho de Administra\u00e7\u00e3o da M\u00e9dioTejo21, e vice-Presidente da C\u00e2mara Municipal de Abrantes, recordou que \u201ceste trabalho teve in\u00edcio em 2021 com uma candidatura que permitiu captar 320 mil euros para o desenvolvimento deste projeto\u201d, referindo que \u201ctemos aqui um grande desafio pela frente, para trabalhar em conjunto neste projeto piloto para a nossa regi\u00e3o\u201d.<\/p>\n<p>Ainda durante a viagem que percorreu a cidade, salientou tamb\u00e9m que \u201cdurante estes quatro meses em Abrantes (at\u00e9 fevereiro de 2024), o autocarro a hidrog\u00e9nio ter\u00e1 circuitos que ir\u00e3o passar por Ma\u00e7\u00e3o, Sardoal, Abrantes, Const\u00e2ncia, Entroncamento e Vila Nova da Barquinha. Depois passar\u00e1 ao circuito de Tomar onde ir\u00e1 passar por Ferreira do Z\u00eazere, Our\u00e9m e Alcanena e Torres Novas\u201d.<\/p>\n<p>Depois dos oito meses de circula\u00e7\u00e3o do autocarro, \u201chaver\u00e1 um trabalho de execu\u00e7\u00e3o dos resultados, quais os problemas que surgiram, quais as mais-valias e onde \u00e9 que podemos melhorar para no futuro termos um projeto mais sustent\u00e1vel para a regi\u00e3o\u201d, adiantou Jo\u00e3o Gomes.<\/p>\n<p>O ve\u00edculo em demonstra\u00e7\u00e3o na regi\u00e3o do M\u00e9dio Tejo \u00e9 do modelo H2 CAETANOBUS Toyota FC Stack Gera\u00e7\u00e3o 2 e ir\u00e1 circular ao servi\u00e7o do transporte p\u00fablico rodovi\u00e1rio. Este autocarro, com 62 lugares, ir\u00e1 assegurar o transporte de passageiros em circuitos urbanos j\u00e1 existentes nos 11 concelhos do M\u00e9dio Tejo, percorrendo, em m\u00e9dia, cerca de 200 km di\u00e1rios.<\/p>\n<p>O autocarro tem um consumo estimado de 6 kg de hidrog\u00e9nio por 100 km percorridos. As baterias, os tanques de hidrog\u00e9nio e a pilha de combust\u00edvel est\u00e3o colocados no tejadilho, otimizando o espa\u00e7o interior, tornando-o mais amplo.<\/p>\n<p>Este projeto ter\u00e1 duas bases operacionais: uma primeira em Abrantes, nos primeiros quatro meses, e os restantes quatro meses em Tomar, sendo que a partir das duas se far\u00e1 a liga\u00e7\u00e3o aos restantes concelhos. O Estaleiro Municipal \u00e9 a base do projeto em Abrantes, de novembro de 2023 a fevereiro de 2024, onde est\u00e1 instalada a esta\u00e7\u00e3o de hidrog\u00e9nio port\u00e1til, instalada pela empresa PRF \u2013 G\u00e1s Solutions, que abastece o autocarro.<\/p>\n<p><strong>\u00a0 \u00a0 Fonte: MS|DC|CMA<\/strong><\/p>\n","protected":false},"excerpt":{"rendered":"<p>O primeiro autocarro a hidrog\u00e9nio da regi\u00e3o do M\u00e9dio Tejo come\u00e7ou a circular em Abrantes esta segunda-feira, dia 13 de novembro. Um projeto piloto que pretende demonstrar e promover a utiliza\u00e7\u00e3o de ve\u00edculos movidos a hidrog\u00e9nio. \u201cHoje \u00e9 um dia realmente diferente porque ficar\u00e1 para a hist\u00f3ria\u201d, come\u00e7ou por salientar Manuel Jorge Valamatos, presidente da [&hellip;]<\/p>\n","protected":false},"author":2,"featured_media":31885,"comment_status":"open","ping_status":"open","sticky":false,"template":"","format":"standard","meta":{"footnotes":""},"categories":[9,7],"tags":[],"class_list":["post-31877","post","type-post","status-publish","format-standard","has-post-thumbnail","hentry","category-ambiente","category-economia"],"_links":{"self":[{"href":"https:\/\/tintafresca.net\/index.php\/wp-json\/wp\/v2\/posts\/31877","targetHints":{"allow":["GET"]}}],"collection":[{"href":"https:\/\/tintafresca.net\/index.php\/wp-json\/wp\/v2\/posts"}],"about":[{"href":"https:\/\/tintafresca.net\/index.php\/wp-json\/wp\/v2\/types\/post"}],"author":[{"embeddable":true,"href":"https:\/\/tintafresca.net\/index.php\/wp-json\/wp\/v2\/users\/2"}],"replies":[{"embeddable":true,"href":"https:\/\/tintafresca.net\/index.php\/wp-json\/wp\/v2\/comments?post=31877"}],"version-history":[{"count":3,"href":"https:\/\/tintafresca.net\/index.php\/wp-json\/wp\/v2\/posts\/31877\/revisions"}],"predecessor-version":[{"id":31884,"href":"https:\/\/tintafresca.net\/index.php\/wp-json\/wp\/v2\/posts\/31877\/revisions\/31884"}],"wp:featuredmedia":[{"embeddable":true,"href":"https:\/\/tintafresca.net\/index.php\/wp-json\/wp\/v2\/media\/31885"}],"wp:attachment":[{"href":"https:\/\/tintafresca.net\/index.php\/wp-json\/wp\/v2\/media?parent=31877"}],"wp:term":[{"taxonomy":"category","embeddable":true,"href":"https:\/\/tintafresca.net\/index.php\/wp-json\/wp\/v2\/categories?post=31877"},{"taxonomy":"post_tag","embeddable":true,"href":"https:\/\/tintafresca.net\/index.php\/wp-json\/wp\/v2\/tags?post=31877"}],"curies":[{"name":"wp","href":"https:\/\/api.w.org\/{rel}","templated":true}]}}