{"id":31889,"date":"2023-11-16T16:11:29","date_gmt":"2023-11-16T16:11:29","guid":{"rendered":"https:\/\/tintafresca.net\/?p=31889"},"modified":"2023-11-16T16:19:26","modified_gmt":"2023-11-16T16:19:26","slug":"contrato-de-financiamento-de-10-milhoes-de-euros-para-funicular-da-pederneira-esta-assinado","status":"publish","type":"post","link":"https:\/\/tintafresca.net\/index.php\/2023\/11\/16\/contrato-de-financiamento-de-10-milhoes-de-euros-para-funicular-da-pederneira-esta-assinado\/","title":{"rendered":"Contrato de financiamento de 10 milh\u00f5es de euros para Funicular da Pederneira j\u00e1 foi assinado"},"content":{"rendered":"<div id=\"attachment_16045\" style=\"width: 510px\" class=\"wp-caption alignleft\"><img loading=\"lazy\" decoding=\"async\" aria-describedby=\"caption-attachment-16045\" class=\"wp-image-16045 size-full\" src=\"https:\/\/tintafresca.net\/wp-content\/uploads\/2022\/04\/Nazare_Funicular-da-Pederneira10.jpg\" alt=\"\" width=\"500\" height=\"301\" \/><p id=\"caption-attachment-16045\" class=\"wp-caption-text\">Futuro Funicular da Pederneira<\/p><\/div>\n<p>A estrutura de miss\u00e3o &#8220;Recuperar Portugal&#8221; e o Munic\u00edpio da Nazar\u00e9 assinaram, no dia 14 de novembro, o contrato de financiamento para o &#8220;Funicular da Nazar\u00e9&#8221;, que ir\u00e1 ligar a Praia \u00e0 Pederneira.<\/p>\n<p>O contrato de concess\u00e3o do apoio financeiro, enquadrado na Componente C21 do Plano de Recupera\u00e7\u00e3o e Resili\u00eancia (PRR), disponibiliza o montante global de dez milh\u00f5es de euros para um investimento que teve in\u00edcio a 1 de fevereiro de 2022 e que ter\u00e1 a sua conclus\u00e3o at\u00e9 ao final de mar\u00e7o de 2026.<\/p>\n<p>Este investimento visa proporcionar transportes p\u00fablicos sustent\u00e1veis na Nazar\u00e9, numa extens\u00e3o aproximada de 200 metros, entre a Praia e a zona da Pederneira, que passar\u00e3o a integrar uma rede de transportes acess\u00edveis a pessoas com mobilidade reduzida e \u00e0s bicicletas, e a reduzir a utiliza\u00e7\u00e3o do carro particular em pequenas desloca\u00e7\u00f5es.<\/p>\n<p>\u201cO contrato de financiamento ir\u00e1 concretizar mais uma obra estruturante para o concelho, quase ao n\u00edvel do Porto da Nazar\u00e9, e que acontece ainda no mandato de gest\u00e3o socialista da Autarquia, juntando-se a outras igualmente dinamizadoras da economia e desenvolvimento do territ\u00f3rio, entre as quais saliento a ALE de Valado dos Frades, projeto com 35 anos; o novo Centro de Sa\u00fade, reclamado tanto pela popula\u00e7\u00e3o como pelos partidos pol\u00edticos ao longo de quatro d\u00e9cadas e o Centro Escolar de Famalic\u00e3o, o \u00fanico que n\u00e3o tinha sido concretizado em mandatos anteriores \u00e0 nossa chegada \u00e0 C\u00e2mara [2013], para completar a oferta na rede p\u00fablica do ensino b\u00e1sico do 1\u00ba ciclo, e fechar a Carta Educativa do concelho\u201d.<\/p>\n<p>Est\u00e3o previstos v\u00e1rios novos investimentos em transportes sem emiss\u00f5es em todo o pa\u00eds, incluindo a constru\u00e7\u00e3o de um funicular na Nazar\u00e9. O objetivo do cap\u00edtulo REPowerEU, em que este se insere, \u00e9 apoiar as ambi\u00e7\u00f5es de Portugal em termos de independ\u00eancia energ\u00e9tica e transi\u00e7\u00e3o ecol\u00f3gica, no contexto das novas situa\u00e7\u00f5es geopol\u00edticas e do mercado da energia.<\/p>\n<p>A componente contribui para dar resposta \u00e0s recomenda\u00e7\u00f5es espec\u00edficas dirigidas a Portugal no sentido de reduzir a sua depend\u00eancia dos combust\u00edveis f\u00f3sseis (recomenda\u00e7\u00e3o espec\u00edfica n.\u00ba 4 de 2022 e 2023) e de focalizar o investimento na transi\u00e7\u00e3o energ\u00e9tica e para uma economia hipocarb\u00f3nica (recomenda\u00e7\u00e3o espec\u00edfica n.\u00ba 3 de 2019) e na produ\u00e7\u00e3o e utiliza\u00e7\u00e3o eficientes e n\u00e3o poluentes da energia (recomenda\u00e7\u00e3o espec\u00edfica n.\u00ba 3 de 2020).<\/p>\n<p>Trata-se de um investimento na implementa\u00e7\u00e3o de servi\u00e7os de transporte p\u00fablico que promovam a mobilidade de zero emiss\u00f5es, dando assim um forte contributo para a mitiga\u00e7\u00e3o das altera\u00e7\u00f5es clim\u00e1ticas.<\/p>\n<p>\u201cA sua execu\u00e7\u00e3o tem um elevado potencial de reduzir o n\u00famero de autom\u00f3veis em circula\u00e7\u00e3o, reduzindo as emiss\u00f5es de gases com efeito de estufa associados, ao mesmo tempo que contribui, substancialmente, para o objetivo mitiga\u00e7\u00e3o das altera\u00e7\u00f5es clim\u00e1ticas&#8221;, refor\u00e7ando a rede de transporte p\u00fablico na vila, criando condi\u00e7\u00f5es de mobilidade mais resilientes e menos vulner\u00e1veis, designadamente quanto a fen\u00f3menos meteorol\u00f3gicos extremos e a disrup\u00e7\u00f5es Informa\u00e7\u00f5es adicionais: nas cadeias de abastecimento em resultado dos efeitos das altera\u00e7\u00f5es clim\u00e1ticas\u201d, refere-se na candidatura que a C\u00e2mara submeteu ao financiamento comunit\u00e1rio.<\/p>\n<p>De acordo com a mem\u00f3ria descritiva, est\u00e1 prevista a constru\u00e7\u00e3o de um edif\u00edcio de quatro pisos, com aberturas em vidro que permitir\u00e3o, ao utilizador, apreciar a paisagem, e a aposta num jogo de luzes que remeter\u00e3o para a imagem de um farol, \u00e0 noite.<\/p>\n<p>Do edif\u00edcio, que ligar\u00e1 o futuro terminal rodovi\u00e1rio \u00e0 Pederneira, sair\u00e1 o mecanismo por cabo, com capacidade para 40 passageiros em cada viagem, prevendo-se que possa transportar at\u00e9 300 pessoas por hora, em cada sentido.<\/p>\n<p>A assinatura do contrato seguiu-se \u00e0 aprova\u00e7\u00e3o, por unanimidade, da minuta do protocolo do contrato de financiamento, em reuni\u00e3o de c\u00e2mara extraordin\u00e1ria, realizada na ter\u00e7a-feira, durante a manh\u00e3.<\/p>\n<p>Fonte: SM|GCI|CMN<\/p>\n","protected":false},"excerpt":{"rendered":"<p>A estrutura de miss\u00e3o &#8220;Recuperar Portugal&#8221; e o Munic\u00edpio da Nazar\u00e9 assinaram, no dia 14 de novembro, o contrato de financiamento para o &#8220;Funicular da Nazar\u00e9&#8221;, que ir\u00e1 ligar a Praia \u00e0 Pederneira. O contrato de concess\u00e3o do apoio financeiro, enquadrado na Componente C21 do Plano de Recupera\u00e7\u00e3o e Resili\u00eancia (PRR), disponibiliza o montante global [&hellip;]<\/p>\n","protected":false},"author":2,"featured_media":30557,"comment_status":"open","ping_status":"open","sticky":false,"template":"","format":"standard","meta":{"footnotes":""},"categories":[7,11],"tags":[],"class_list":["post-31889","post","type-post","status-publish","format-standard","has-post-thumbnail","hentry","category-economia","category-sociedade"],"_links":{"self":[{"href":"https:\/\/tintafresca.net\/index.php\/wp-json\/wp\/v2\/posts\/31889","targetHints":{"allow":["GET"]}}],"collection":[{"href":"https:\/\/tintafresca.net\/index.php\/wp-json\/wp\/v2\/posts"}],"about":[{"href":"https:\/\/tintafresca.net\/index.php\/wp-json\/wp\/v2\/types\/post"}],"author":[{"embeddable":true,"href":"https:\/\/tintafresca.net\/index.php\/wp-json\/wp\/v2\/users\/2"}],"replies":[{"embeddable":true,"href":"https:\/\/tintafresca.net\/index.php\/wp-json\/wp\/v2\/comments?post=31889"}],"version-history":[{"count":5,"href":"https:\/\/tintafresca.net\/index.php\/wp-json\/wp\/v2\/posts\/31889\/revisions"}],"predecessor-version":[{"id":31894,"href":"https:\/\/tintafresca.net\/index.php\/wp-json\/wp\/v2\/posts\/31889\/revisions\/31894"}],"wp:featuredmedia":[{"embeddable":true,"href":"https:\/\/tintafresca.net\/index.php\/wp-json\/wp\/v2\/media\/30557"}],"wp:attachment":[{"href":"https:\/\/tintafresca.net\/index.php\/wp-json\/wp\/v2\/media?parent=31889"}],"wp:term":[{"taxonomy":"category","embeddable":true,"href":"https:\/\/tintafresca.net\/index.php\/wp-json\/wp\/v2\/categories?post=31889"},{"taxonomy":"post_tag","embeddable":true,"href":"https:\/\/tintafresca.net\/index.php\/wp-json\/wp\/v2\/tags?post=31889"}],"curies":[{"name":"wp","href":"https:\/\/api.w.org\/{rel}","templated":true}]}}