{"id":31936,"date":"2023-11-18T19:11:06","date_gmt":"2023-11-18T19:11:06","guid":{"rendered":"https:\/\/tintafresca.net\/?p=31936"},"modified":"2023-11-18T19:15:36","modified_gmt":"2023-11-18T19:15:36","slug":"teatro-miguel-franco-e-mercado-de-santana-recebem-conferencia-sobre-criatividade-nexxt-leiria","status":"publish","type":"post","link":"https:\/\/tintafresca.net\/index.php\/2023\/11\/18\/teatro-miguel-franco-e-mercado-de-santana-recebem-conferencia-sobre-criatividade-nexxt-leiria\/","title":{"rendered":"Teatro Miguel Franco e Mercado de Sant\u2019Ana recebem confer\u00eancia sobre criatividade NEXXT Leiria"},"content":{"rendered":"<div id=\"attachment_7744\" style=\"width: 274px\" class=\"wp-caption alignleft\"><img loading=\"lazy\" decoding=\"async\" aria-describedby=\"caption-attachment-7744\" class=\"wp-image-7744 size-full\" src=\"https:\/\/tintafresca.net\/wp-content\/uploads\/2021\/08\/Teatro_Miguel_Franco2-1.jpg\" alt=\"\" width=\"264\" height=\"352\" \/><p id=\"caption-attachment-7744\" class=\"wp-caption-text\">Teatro Miguel Franco<\/p><\/div>\n<p>A cidade de Leiria recebe a confer\u00eancia sobre criatividade NEXXT Leiria, no dia 22 de novembro, quarta-feira, a partir das 9h, no Teatro Miguel Franco e no Mercado de Sant\u2019Ana.<\/p>\n<p>O NEXXT Leiria n\u00e3o \u00e9 apenas uma confer\u00eancia, \u00e9 uma chamada geral \u00e0 a\u00e7\u00e3o, uma celebra\u00e7\u00e3o da imagina\u00e7\u00e3o e do engenho, da criatividade e do talento. \u00c9 uma plataforma aberta, pronta para criar um futuro mais inovador para Leiria.<\/p>\n<p>Trata-se de um evento que junta diversas personalidades e entidades em torno da criatividade como fator chave para a mudan\u00e7a positiva na sociedade e na economia.<\/p>\n<p>PROGRAMA<\/p>\n<p>Teatro Miguel Franco<\/p>\n<p>9h Acolhimento<br \/>\n9h30 Boas-vindas | Gon\u00e7alo Lopes, Presidente da C\u00e2mara Municipal<br \/>\n9h40 A Criatividade como catalisadora para a inova\u00e7\u00e3o | Lu\u00eds Sousa, ESAD \u2013 Polit\u00e9cnico<br \/>\n10h10 A import\u00e2ncia da Criatividade na educa\u00e7\u00e3o e ao longo da vida | William Cant\u00fa, Polit\u00e9cnico de Leiria<br \/>\n10h20 O papel da educa\u00e7\u00e3o como enabler das ind\u00fastrias criativas | Hugo Ferreira, Omnichord Records + Gon\u00e7alo Riscado, CTL + Mariana L\u00f3is, Festival A Porta<br \/>\n10h50 Intervalo<br \/>\n11h20 Medo: O maior inimigo da Criatividade | Susana Coerver, Kindology<br \/>\n11h45 Os novos desafios na educa\u00e7\u00e3o: Criatividade vs Intelig\u00eancia Artificial | Marcelo Gaspar, Polit\u00e9cnico de Leiria<br \/>\n11h55 Wellbeing: Criativos Somos todos n\u00f3s | Vanessa Aires, You-Creative<br \/>\n12h20 Educa\u00e7\u00e3o para o Empreendedorismo | Francisco Aguiar, Startup Leiria<br \/>\n12h30 Inaugura\u00e7\u00e3o da Exposi\u00e7\u00e3o NEXXT Ideas, no Mercado de Sant\u2019Ana, com momento musical<br \/>\n14h30 Leiria, o ecossistema perfeito para a inova\u00e7\u00e3o | Ant\u00f3nio Po\u00e7as, Nerlei<br \/>\n14h40 A receita da Criatividade | Lu\u00eds Gaspar, Plateform + Jo\u00e3o Peral, Papagaio Lobo<br \/>\n15h Criatividade como ferramenta para a inova\u00e7\u00e3o | Marta Baptista, EDP Inova\u00e7\u00e3o<br \/>\n15h20 Criatividade, o neg\u00f3cio da comunica\u00e7\u00e3o | Pedro Gra\u00e7a, Havas + Raul Testa, Rome Blockchain Labs<br \/>\n15h40 Talento corporativo, Criatividade como linguagem universal | Raquel Machado, Farfetch<br \/>\n16h Improviso e a Criatividade nas Organiza\u00e7\u00f5es | Jo\u00e3o Peral, Papagaio Lobo<br \/>\n16h30 Criatividade e Inova\u00e7\u00e3o na Cultura Corporativa | Ana Casaca, Galp<br \/>\n16h50 Colaboratividade, a chave para a transforma\u00e7\u00e3o | Catarina Louro, vereadora da C\u00e2mara Municipal<br \/>\n17h Cocktail<\/p>\n","protected":false},"excerpt":{"rendered":"<p>A cidade de Leiria recebe a confer\u00eancia sobre criatividade NEXXT Leiria, no dia 22 de novembro, quarta-feira, a partir das 9h, no Teatro Miguel Franco e no Mercado de Sant\u2019Ana. O NEXXT Leiria n\u00e3o \u00e9 apenas uma confer\u00eancia, \u00e9 uma chamada geral \u00e0 a\u00e7\u00e3o, uma celebra\u00e7\u00e3o da imagina\u00e7\u00e3o e do engenho, da criatividade e do [&hellip;]<\/p>\n","protected":false},"author":2,"featured_media":7112,"comment_status":"open","ping_status":"open","sticky":false,"template":"","format":"standard","meta":{"footnotes":""},"categories":[7,11],"tags":[],"class_list":["post-31936","post","type-post","status-publish","format-standard","has-post-thumbnail","hentry","category-economia","category-sociedade"],"_links":{"self":[{"href":"https:\/\/tintafresca.net\/index.php\/wp-json\/wp\/v2\/posts\/31936","targetHints":{"allow":["GET"]}}],"collection":[{"href":"https:\/\/tintafresca.net\/index.php\/wp-json\/wp\/v2\/posts"}],"about":[{"href":"https:\/\/tintafresca.net\/index.php\/wp-json\/wp\/v2\/types\/post"}],"author":[{"embeddable":true,"href":"https:\/\/tintafresca.net\/index.php\/wp-json\/wp\/v2\/users\/2"}],"replies":[{"embeddable":true,"href":"https:\/\/tintafresca.net\/index.php\/wp-json\/wp\/v2\/comments?post=31936"}],"version-history":[{"count":2,"href":"https:\/\/tintafresca.net\/index.php\/wp-json\/wp\/v2\/posts\/31936\/revisions"}],"predecessor-version":[{"id":31938,"href":"https:\/\/tintafresca.net\/index.php\/wp-json\/wp\/v2\/posts\/31936\/revisions\/31938"}],"wp:featuredmedia":[{"embeddable":true,"href":"https:\/\/tintafresca.net\/index.php\/wp-json\/wp\/v2\/media\/7112"}],"wp:attachment":[{"href":"https:\/\/tintafresca.net\/index.php\/wp-json\/wp\/v2\/media?parent=31936"}],"wp:term":[{"taxonomy":"category","embeddable":true,"href":"https:\/\/tintafresca.net\/index.php\/wp-json\/wp\/v2\/categories?post=31936"},{"taxonomy":"post_tag","embeddable":true,"href":"https:\/\/tintafresca.net\/index.php\/wp-json\/wp\/v2\/tags?post=31936"}],"curies":[{"name":"wp","href":"https:\/\/api.w.org\/{rel}","templated":true}]}}