{"id":31947,"date":"2023-11-19T11:22:37","date_gmt":"2023-11-19T11:22:37","guid":{"rendered":"https:\/\/tintafresca.net\/?p=31947"},"modified":"2023-11-19T11:25:30","modified_gmt":"2023-11-19T11:25:30","slug":"unidade-local-de-saude-da-regiao-de-leiria-vai-comecar-a-funcionar-no-dia-1-de-janeiro-de-2024","status":"publish","type":"post","link":"https:\/\/tintafresca.net\/index.php\/2023\/11\/19\/unidade-local-de-saude-da-regiao-de-leiria-vai-comecar-a-funcionar-no-dia-1-de-janeiro-de-2024\/","title":{"rendered":"Unidade Local de Sa\u00fade da Regi\u00e3o de Leiria vai come\u00e7ar a funcionar no dia 1 de janeiro de 2024"},"content":{"rendered":"<div id=\"attachment_20203\" style=\"width: 360px\" class=\"wp-caption alignleft\"><img loading=\"lazy\" decoding=\"async\" aria-describedby=\"caption-attachment-20203\" class=\"wp-image-20203 size-full\" src=\"https:\/\/tintafresca.net\/wp-content\/uploads\/2022\/09\/Abrantes_Hospital.jpg\" alt=\"\" width=\"350\" height=\"248\" srcset=\"https:\/\/tintafresca.net\/wp-content\/uploads\/2022\/09\/Abrantes_Hospital.jpg 350w, https:\/\/tintafresca.net\/wp-content\/uploads\/2022\/09\/Abrantes_Hospital-300x213.jpg 300w\" sizes=\"auto, (max-width: 350px) 100vw, 350px\" \/><p id=\"caption-attachment-20203\" class=\"wp-caption-text\">Unidade de Abrantes do Centro Hospitalar do M\u00e9dio Tejo<\/p><\/div>\n<p>De acordo com o Decreto-Lei n.\u00ba 102\/2023, publicado no dia 7 de novembro, entrou em fun\u00e7\u00f5es no dia 8 de novembro uma comiss\u00e3o executiva, constitu\u00edda pelo presidente do Centro Hospitalar de Leiria (CHL), Lic\u00ednio de Carvalho, o diretor executivo do Agrupamento de Centros de Sa\u00fade (ACES) de Pinhal Litoral, Marco Neves, a diretora executiva do ACES do M\u00e9dio Tejo, Diana Leiria, e o diretor executivo do ACES do Oeste Norte, Jo\u00e3o Gomes, com o objetivo de desenvolver todas as dilig\u00eancias necess\u00e1rias para que a nova Unidade Local de Sa\u00fade da Regi\u00e3o de Leiria (ULS RL) inicie o seu funcionamento no dia 1 de janeiro de 2024. O mandato desta comiss\u00e3o executiva termina no dia 31 de dezembro do presente ano.<\/p>\n<p>\u00abNo in\u00edcio desta semana j\u00e1 particip\u00e1mos numa reuni\u00e3o dinamizada pela ACSS (Administra\u00e7\u00e3o Central do Sistema de Sa\u00fade), onde foram delineados os objetivos de todas as comiss\u00f5es executivas nomeadas para colocar em funcionamento as novas ULS propostas pela Dire\u00e7\u00e3o-Executiva do SNS. A nossa comiss\u00e3o executiva tamb\u00e9m reuniu e j\u00e1 estamos no terreno a trabalhar para que a abertura da nova ULS seja uma realidade\u00bb, explica Lic\u00ednio de Carvalho, presidente do Conselho de Administra\u00e7\u00e3o do CHL e coordenador da nova comiss\u00e3o executiva.<\/p>\n<p>Outra das tarefas desta comiss\u00e3o \u00e9 a elabora\u00e7\u00e3o da lista nominativa do pessoal da ULS RL, para posterior valida\u00e7\u00e3o da tutela, bem como a cria\u00e7\u00e3o do Plano de Desenvolvimento Organizacional para o tri\u00e9nio 2024-2026 e a defini\u00e7\u00e3o do Contrato-Programa para 2024.<\/p>\n<p>A Unidade Local de Sa\u00fade da Regi\u00e3o de Leiria integra o CHL, o ACES de Pinhal Litoral, os Centros de Sa\u00fade de Our\u00e9m e de F\u00e1tima (atualmente integrados no ACES do M\u00e9dio Tejo), e os Centros de Sa\u00fade de Alcoba\u00e7a e da Nazar\u00e9 (atualmente integrados no ACES do Oeste Norte).<\/p>\n<p>\u00abA integra\u00e7\u00e3o dos ACES, hospitais e centros hospitalares j\u00e1 existentes no modelo das ULS constitui uma qualifica\u00e7\u00e3o da resposta do SNS, simplificando os processos, incrementando a articula\u00e7\u00e3o entre equipas de profissionais de sa\u00fade, com o foco na experi\u00eancia e nos percursos entre os diferentes n\u00edveis de cuidados, aumentando a autonomia gestion\u00e1ria, melhorando a participa\u00e7\u00e3o dos cidad\u00e3os, das comunidades, dos profissionais e das autarquias na defini\u00e7\u00e3o, acompanhamento e avalia\u00e7\u00e3o das pol\u00edticas de sa\u00fade, maximizando o acesso e a efici\u00eancia do SNS\u00bb, l\u00ea-se no pre\u00e2mbulo do Decreto-Lei n.\u00ba 102\/2023, de 7 de novembro.<\/p>\n<p><strong>\u00a0 \u00a0 \u00a0Fonte: Midlandcom<\/strong><\/p>\n","protected":false},"excerpt":{"rendered":"<p>De acordo com o Decreto-Lei n.\u00ba 102\/2023, publicado no dia 7 de novembro, entrou em fun\u00e7\u00f5es no dia 8 de novembro uma comiss\u00e3o executiva, constitu\u00edda pelo presidente do Centro Hospitalar de Leiria (CHL), Lic\u00ednio de Carvalho, o diretor executivo do Agrupamento de Centros de Sa\u00fade (ACES) de Pinhal Litoral, Marco Neves, a diretora executiva do [&hellip;]<\/p>\n","protected":false},"author":2,"featured_media":17530,"comment_status":"open","ping_status":"open","sticky":false,"template":"","format":"standard","meta":{"footnotes":""},"categories":[6],"tags":[],"class_list":["post-31947","post","type-post","status-publish","format-standard","has-post-thumbnail","hentry","category-saude"],"_links":{"self":[{"href":"https:\/\/tintafresca.net\/index.php\/wp-json\/wp\/v2\/posts\/31947","targetHints":{"allow":["GET"]}}],"collection":[{"href":"https:\/\/tintafresca.net\/index.php\/wp-json\/wp\/v2\/posts"}],"about":[{"href":"https:\/\/tintafresca.net\/index.php\/wp-json\/wp\/v2\/types\/post"}],"author":[{"embeddable":true,"href":"https:\/\/tintafresca.net\/index.php\/wp-json\/wp\/v2\/users\/2"}],"replies":[{"embeddable":true,"href":"https:\/\/tintafresca.net\/index.php\/wp-json\/wp\/v2\/comments?post=31947"}],"version-history":[{"count":2,"href":"https:\/\/tintafresca.net\/index.php\/wp-json\/wp\/v2\/posts\/31947\/revisions"}],"predecessor-version":[{"id":31949,"href":"https:\/\/tintafresca.net\/index.php\/wp-json\/wp\/v2\/posts\/31947\/revisions\/31949"}],"wp:featuredmedia":[{"embeddable":true,"href":"https:\/\/tintafresca.net\/index.php\/wp-json\/wp\/v2\/media\/17530"}],"wp:attachment":[{"href":"https:\/\/tintafresca.net\/index.php\/wp-json\/wp\/v2\/media?parent=31947"}],"wp:term":[{"taxonomy":"category","embeddable":true,"href":"https:\/\/tintafresca.net\/index.php\/wp-json\/wp\/v2\/categories?post=31947"},{"taxonomy":"post_tag","embeddable":true,"href":"https:\/\/tintafresca.net\/index.php\/wp-json\/wp\/v2\/tags?post=31947"}],"curies":[{"name":"wp","href":"https:\/\/api.w.org\/{rel}","templated":true}]}}