{"id":3197,"date":"2021-04-14T14:31:20","date_gmt":"2021-04-14T14:31:20","guid":{"rendered":"https:\/\/tintafresca.net\/?p=3197"},"modified":"2021-04-14T14:36:19","modified_gmt":"2021-04-14T14:36:19","slug":"presidente-da-camara-da-batalha-apela-a-intervencao-do-primeiro-ministro-sobre-a-suspensao-da-construcao-da-etes-do-lis","status":"publish","type":"post","link":"https:\/\/tintafresca.net\/index.php\/2021\/04\/14\/presidente-da-camara-da-batalha-apela-a-intervencao-do-primeiro-ministro-sobre-a-suspensao-da-construcao-da-etes-do-lis\/","title":{"rendered":"Presidente da C\u00e2mara da Batalha apela \u00e0 interven\u00e7\u00e3o do primeiro-ministro na suspens\u00e3o do projeto da ETES do Lis"},"content":{"rendered":"<div id=\"attachment_3199\" style=\"width: 360px\" class=\"wp-caption alignleft\"><img loading=\"lazy\" decoding=\"async\" aria-describedby=\"caption-attachment-3199\" class=\"wp-image-3199\" src=\"https:\/\/tintafresca.net\/wp-content\/uploads\/2021\/04\/Antonio_Costa10.jpg\" alt=\"\" width=\"350\" height=\"456\" \/><p id=\"caption-attachment-3199\" class=\"wp-caption-text\">Ant\u00f3nio Costa<\/p><\/div>\n<p>Em of\u00edcio dirigido esta quarta-feira, dia 14 de abril, ao ministro do Ambiente, Jo\u00e3o Matos Fernandes, o autarca da Batalha \u00e9 perent\u00f3rio sobre a decis\u00e3o de suspender a constru\u00e7\u00e3o da esta\u00e7\u00e3o de tratamento de efluentes suin\u00edcolas (ETES) em Leiria, considerando que, \u201ccom o devido respeito, a solu\u00e7\u00e3o agora apresentada por V. Exa, \u00e9 uma n\u00e3o solu\u00e7\u00e3o, agrava o problema e prolonga no tempo as graves consequ\u00eancias ambientais para a regi\u00e3o de Leiria\u201d.<\/p>\n<p>\u201cPorque saber\u00e1 o Senhor Ministro e os poucos deputados eleitos pelo PS que defendem esta decis\u00e3o, que os s\u00edtios de sempre para a descarga de efluentes suin\u00edcolas s\u00e3o o rio Lena, o rio Lis e a ribeira dos Milagres, com elevada carga poluente para a bacia hidrogr\u00e1fica do Lis, para al\u00e9m dos terrenos do vale do Lena e do Lis, saturados de tanta \u201cvaloriza\u00e7\u00e3o agr\u00edcola\u201d que V. Exa. preconiza\u201d, acrescenta Paulo Batista Santos, presidente da C\u00e2mara da Batalha.<\/p>\n<p>Recorde-se que o ministro Jo\u00e3o Matos Fernandes foi ouvido esta ter\u00e7a-feira na Comiss\u00e3o de Agricultura e Mar, na Assembleia da Rep\u00fablica, sobre a polui\u00e7\u00e3o na bacia hidrogr\u00e1fica do Lis, onde em resposta a requerimento do Bloco de Esquerda, veio afirmar que mudou de opini\u00e3o sobre a constru\u00e7\u00e3o de uma Esta\u00e7\u00e3o de Tratamentos de Efluentes Suin\u00edcolas (ETES) em Leiria, dizendo que n\u00e3o \u00e9 solu\u00e7\u00e3o e preconizando como op\u00e7\u00e3o ideal a designada valoriza\u00e7\u00e3o agr\u00edcola, ou seja espalhamentos dos efluentes, embora na sua opini\u00e3o se deva recomendar aos suinicultores que n\u00e3o deve acontecer \u201csempre no mesmo s\u00edtio\u201d.<\/p>\n<p>Situa\u00e7\u00e3o da maior gravidade que leva o autarca da Batalha a exigir que o ministro do Ambiente delegue este dossier a outro membro do Governo ou ao pr\u00f3prio primeiro-ministro, Ant\u00f3nio Costa, referindo na sua missiva que \u201cpela gravidade do exposto, pela leviandade como muda de opini\u00e3o e sobretudo pela manifesta incapacidade em lidar com este problema que afeta mais de 200 mil cidad\u00e3os que vivem nesta regi\u00e3o, dever\u00e1 V. Exa. ponderar abster-se de intervir no assunto e delegar em quem no Governo, desde logo a interven\u00e7\u00e3o do Senhor Primeiro-Ministro, tenha capacidade de decis\u00e3o e sensibilidade ambiental para contribuir para a solu\u00e7\u00e3o deste grave problema ambiental da regi\u00e3o de Leiria\u201d, refere o edil da Batalha.<\/p>\n<p><strong>\u00a0 \u00a0 Fonte: MB<\/strong><\/p>\n","protected":false},"excerpt":{"rendered":"<p>Em of\u00edcio dirigido esta quarta-feira, dia 14 de abril, ao ministro do Ambiente, Jo\u00e3o Matos Fernandes, o autarca da Batalha \u00e9 perent\u00f3rio sobre a decis\u00e3o de suspender a constru\u00e7\u00e3o da esta\u00e7\u00e3o de tratamento de efluentes suin\u00edcolas (ETES) em Leiria, considerando que, \u201ccom o devido respeito, a solu\u00e7\u00e3o agora apresentada por V. Exa, \u00e9 uma n\u00e3o [&hellip;]<\/p>\n","protected":false},"author":2,"featured_media":3200,"comment_status":"open","ping_status":"open","sticky":false,"template":"","format":"standard","meta":{"footnotes":""},"categories":[9],"tags":[],"class_list":["post-3197","post","type-post","status-publish","format-standard","has-post-thumbnail","hentry","category-ambiente"],"_links":{"self":[{"href":"https:\/\/tintafresca.net\/index.php\/wp-json\/wp\/v2\/posts\/3197","targetHints":{"allow":["GET"]}}],"collection":[{"href":"https:\/\/tintafresca.net\/index.php\/wp-json\/wp\/v2\/posts"}],"about":[{"href":"https:\/\/tintafresca.net\/index.php\/wp-json\/wp\/v2\/types\/post"}],"author":[{"embeddable":true,"href":"https:\/\/tintafresca.net\/index.php\/wp-json\/wp\/v2\/users\/2"}],"replies":[{"embeddable":true,"href":"https:\/\/tintafresca.net\/index.php\/wp-json\/wp\/v2\/comments?post=3197"}],"version-history":[{"count":5,"href":"https:\/\/tintafresca.net\/index.php\/wp-json\/wp\/v2\/posts\/3197\/revisions"}],"predecessor-version":[{"id":3204,"href":"https:\/\/tintafresca.net\/index.php\/wp-json\/wp\/v2\/posts\/3197\/revisions\/3204"}],"wp:featuredmedia":[{"embeddable":true,"href":"https:\/\/tintafresca.net\/index.php\/wp-json\/wp\/v2\/media\/3200"}],"wp:attachment":[{"href":"https:\/\/tintafresca.net\/index.php\/wp-json\/wp\/v2\/media?parent=3197"}],"wp:term":[{"taxonomy":"category","embeddable":true,"href":"https:\/\/tintafresca.net\/index.php\/wp-json\/wp\/v2\/categories?post=3197"},{"taxonomy":"post_tag","embeddable":true,"href":"https:\/\/tintafresca.net\/index.php\/wp-json\/wp\/v2\/tags?post=3197"}],"curies":[{"name":"wp","href":"https:\/\/api.w.org\/{rel}","templated":true}]}}