{"id":32009,"date":"2023-11-21T22:01:04","date_gmt":"2023-11-21T22:01:04","guid":{"rendered":"https:\/\/tintafresca.net\/?p=32009"},"modified":"2023-11-21T22:08:31","modified_gmt":"2023-11-21T22:08:31","slug":"ccdrc-distingue-na-lourinha-ana-garcia-como-empreendedora-50-da-regiao-centro-2023","status":"publish","type":"post","link":"https:\/\/tintafresca.net\/index.php\/2023\/11\/21\/ccdrc-distingue-na-lourinha-ana-garcia-como-empreendedora-50-da-regiao-centro-2023\/","title":{"rendered":"CCDR distingue Ana Garcia como Empreendedora 50+ da Regi\u00e3o Centro 2023"},"content":{"rendered":"<div id=\"attachment_32012\" style=\"width: 510px\" class=\"wp-caption alignleft\"><img loading=\"lazy\" decoding=\"async\" aria-describedby=\"caption-attachment-32012\" class=\"wp-image-32012 size-full\" src=\"https:\/\/tintafresca.net\/wp-content\/uploads\/2023\/11\/Lourinha_CCDR_Ana_Garcia10.jpg\" alt=\"\" width=\"500\" height=\"333\" srcset=\"https:\/\/tintafresca.net\/wp-content\/uploads\/2023\/11\/Lourinha_CCDR_Ana_Garcia10.jpg 500w, https:\/\/tintafresca.net\/wp-content\/uploads\/2023\/11\/Lourinha_CCDR_Ana_Garcia10-300x200.jpg 300w\" sizes=\"auto, (max-width: 500px) 100vw, 500px\" \/><p id=\"caption-attachment-32012\" class=\"wp-caption-text\">Entrega do pr\u00e9mio a Ana Garcia<\/p><\/div>\n<p>A Comiss\u00e3o de Coordena\u00e7\u00e3o e Desenvolvimento Regional do Centro (CCDRC) entregou, no dia 20 de novembro, na Lourinh\u00e3, a distin\u00e7\u00e3o \u201cEmpreendedor 50+ da Regi\u00e3o Centro\u201d, edi\u00e7\u00e3o de 2023, a Ana Garcia, pelo desenvolvimento e implementa\u00e7\u00e3o de projetos de Turismo Acess\u00edvel e Inclusivo na Regi\u00e3o Centro. Esta distin\u00e7\u00e3o contou com a presen\u00e7a da ministra da Coes\u00e3o Territorial, Ana Abrunhosa.<\/p>\n<p>O pr\u00e9mio \u201cEmpreendedor 50+ da Regi\u00e3o Centro\u201d, promovido em estreita colabora\u00e7\u00e3o com 26 institui\u00e7\u00f5es parceiras, tem como objetivo reconhecer publicamente empreendedores com hist\u00f3rias de vida inspiradoras, bem como promover o esp\u00edrito empresarial em pessoas com mais de 50 anos.<\/p>\n<p>O pr\u00e9mio associado \u00e0 distin\u00e7\u00e3o do \u201cEmpreendedor 50+ da Regi\u00e3o Centro\u201d consiste na atribui\u00e7\u00e3o de dois vales no montante total de cinco mil euros. Este pr\u00e9mio \u00e9 atribu\u00eddo a institui\u00e7\u00f5es, com incid\u00eancia na Regi\u00e3o Centro, que realizem atividades de natureza social e cultural. Uma destas institui\u00e7\u00f5es \u00e9 escolhida pelo empres\u00e1rio distinguido, recebendo um pr\u00e9mio de quatro mil euros, e a outra \u00e9 indicada pela entidade parceira que prop\u00f4s o empres\u00e1rio distinguido, que tem um pr\u00e9mio de mil euros.<\/p>\n<p>A Empreendedora Ana Garcia indicou a institui\u00e7\u00e3o Associa\u00e7\u00e3o Eira da Paz e da Alegria, que recebe um pr\u00e9mio de quatro mil euros. A segunda institui\u00e7\u00e3o, indicada pelo Portugal Inova\u00e7\u00e3o Social, foi a Confer\u00eancia Vicentina de Nossa Senhora da Salva\u00e7\u00e3o de Arruda dos Vinhos, que recebe um pr\u00e9mio de mil euros.<\/p>\n<p>Os candidatos \u00e0 distin\u00e7\u00e3o Empreendedor 50+ da Regi\u00e3o Centro s\u00e3o propostos pelas institui\u00e7\u00f5es parceiras (Associa\u00e7\u00f5es empresariais, Comunidades Intermunicipais (CIM), Dire\u00e7\u00e3o Regional de Agricultura e Pescas do Centro (DRAPC), Instituto do Emprego e Forma\u00e7\u00e3o Profissional (IEFP), Parques de Ci\u00eancia e Tecnologia, Portugal Inova\u00e7\u00e3o Social e Turismo Centro de Portugal) e todas as candidaturas s\u00e3o analisadas por um j\u00fari constitu\u00eddo por elementos de entidades relacionadas com o emprego, empreendedorismo e o envelhecimento ativo e saud\u00e1vel.<\/p>\n<p><strong>Empreendedora Ana Garcia<\/strong><\/p>\n<p>Ana Garcia iniciou a sua atividade empreendedora aos 52 anos. Antes disso, desempenhou diferentes cargos em institui\u00e7\u00f5es p\u00fablicas e empresas privadas. Em 2016, criou a Associa\u00e7\u00e3o Accessible Portugal, da qual \u00e9 presidente da Dire\u00e7\u00e3o, com o objetivo de promover o Turismo Acess\u00edvel para todos. Este trabalho foi distinguido com diversos pr\u00e9mios, nomeadamente atrav\u00e9s da atribui\u00e7\u00e3o da Medalha de M\u00e9rito Tur\u00edstico 2018 &#8211; Turismo Acess\u00edvel, atribu\u00eddo pela Secret\u00e1ria de Estado do Turismo.<\/p>\n<p>Dado o seu conhecimento t\u00e9cnico nesta \u00e1rea, a equipa que constituiu \u00e9 chamada a dar forma\u00e7\u00e3o e intervir em pain\u00e9is internacionais especializados, sobre turismo acess\u00edvel. Realiza tamb\u00e9m auditorias t\u00e9cnicas a todos os tipos de recursos tur\u00edsticos, dando forma\u00e7\u00e3o especializada, bem como gere e promove a Plataforma TUR4all, em Portugal.<\/p>\n<p>\u00c9 a promotora do projeto de Turismo Acess\u00edvel e Inclus\u00e3o Social AccessTUR &#8211; Centro de Portugal, tendo estendido a metodologia ao Alentejo Central, com o Projeto InclusivTUR e ao Algarve, com o projeto Algarve For All.<\/p>\n<p><strong>\u00a0 \u00a0 Fonte: CCDR|Centro e GC|CML<\/strong><\/p>\n","protected":false},"excerpt":{"rendered":"<p>A Comiss\u00e3o de Coordena\u00e7\u00e3o e Desenvolvimento Regional do Centro (CCDRC) entregou, no dia 20 de novembro, na Lourinh\u00e3, a distin\u00e7\u00e3o \u201cEmpreendedor 50+ da Regi\u00e3o Centro\u201d, edi\u00e7\u00e3o de 2023, a Ana Garcia, pelo desenvolvimento e implementa\u00e7\u00e3o de projetos de Turismo Acess\u00edvel e Inclusivo na Regi\u00e3o Centro. Esta distin\u00e7\u00e3o contou com a presen\u00e7a da ministra da Coes\u00e3o [&hellip;]<\/p>\n","protected":false},"author":2,"featured_media":32013,"comment_status":"open","ping_status":"open","sticky":false,"template":"","format":"standard","meta":{"footnotes":""},"categories":[7],"tags":[],"class_list":["post-32009","post","type-post","status-publish","format-standard","has-post-thumbnail","hentry","category-economia"],"_links":{"self":[{"href":"https:\/\/tintafresca.net\/index.php\/wp-json\/wp\/v2\/posts\/32009","targetHints":{"allow":["GET"]}}],"collection":[{"href":"https:\/\/tintafresca.net\/index.php\/wp-json\/wp\/v2\/posts"}],"about":[{"href":"https:\/\/tintafresca.net\/index.php\/wp-json\/wp\/v2\/types\/post"}],"author":[{"embeddable":true,"href":"https:\/\/tintafresca.net\/index.php\/wp-json\/wp\/v2\/users\/2"}],"replies":[{"embeddable":true,"href":"https:\/\/tintafresca.net\/index.php\/wp-json\/wp\/v2\/comments?post=32009"}],"version-history":[{"count":6,"href":"https:\/\/tintafresca.net\/index.php\/wp-json\/wp\/v2\/posts\/32009\/revisions"}],"predecessor-version":[{"id":32017,"href":"https:\/\/tintafresca.net\/index.php\/wp-json\/wp\/v2\/posts\/32009\/revisions\/32017"}],"wp:featuredmedia":[{"embeddable":true,"href":"https:\/\/tintafresca.net\/index.php\/wp-json\/wp\/v2\/media\/32013"}],"wp:attachment":[{"href":"https:\/\/tintafresca.net\/index.php\/wp-json\/wp\/v2\/media?parent=32009"}],"wp:term":[{"taxonomy":"category","embeddable":true,"href":"https:\/\/tintafresca.net\/index.php\/wp-json\/wp\/v2\/categories?post=32009"},{"taxonomy":"post_tag","embeddable":true,"href":"https:\/\/tintafresca.net\/index.php\/wp-json\/wp\/v2\/tags?post=32009"}],"curies":[{"name":"wp","href":"https:\/\/api.w.org\/{rel}","templated":true}]}}