{"id":32027,"date":"2023-11-22T16:53:43","date_gmt":"2023-11-22T16:53:43","guid":{"rendered":"https:\/\/tintafresca.net\/?p=32027"},"modified":"2023-11-22T16:56:43","modified_gmt":"2023-11-22T16:56:43","slug":"camara-de-pombal-lanca-obras-a-concurso-de-requalificacao-urbanistica-e-rede-viaria-no-valor-de-15-milhoes-de-euros","status":"publish","type":"post","link":"https:\/\/tintafresca.net\/index.php\/2023\/11\/22\/camara-de-pombal-lanca-obras-a-concurso-de-requalificacao-urbanistica-e-rede-viaria-no-valor-de-15-milhoes-de-euros\/","title":{"rendered":"C\u00e2mara de Pombal lan\u00e7a obras a concurso de requalifica\u00e7\u00e3o urban\u00edstica e rede vi\u00e1ria no valor de 1,5 milh\u00f5es de euros"},"content":{"rendered":"<div id=\"attachment_10088\" style=\"width: 245px\" class=\"wp-caption alignleft\"><img loading=\"lazy\" decoding=\"async\" aria-describedby=\"caption-attachment-10088\" class=\"wp-image-10088 size-full\" src=\"https:\/\/tintafresca.net\/wp-content\/uploads\/2021\/10\/Pombal_Pedro-Pimpao-Presidente0010.jpg\" alt=\"\" width=\"235\" height=\"212\" \/><p id=\"caption-attachment-10088\" class=\"wp-caption-text\">Pedro Pimp\u00e3o<\/p><\/div>\n<p>A C\u00e2mara Municipal de Pombal vai lan\u00e7ar a concurso p\u00fablico quatro empreitadas num valor global a rondar os 1,5 milh\u00f5es de euros, na \u00e1rea da requalifica\u00e7\u00e3o urban\u00edstica e rede vi\u00e1ria. Os respetivos procedimentos concursais foram aprovados, por unanimidade, na \u00faltima reuni\u00e3o camar\u00e1ria.<\/p>\n<p>O maior investimento, com um pre\u00e7o base de 540 mil euros, refere-se \u00e0 requalifica\u00e7\u00e3o da Rua dos Muros, em Abiul, em particular na liga\u00e7\u00e3o entre o parque desportivo e a zona industrial e os principais equipamentos da freguesia, designadamente Junta de Freguesia, Centro de Sa\u00fade, Centro Escolar e Pra\u00e7a de Touros.<\/p>\n<p>O projeto permitir\u00e1 o acesso pedonal ao centro c\u00edvico de Abiul, bem como a incorpora\u00e7\u00e3o de uma bolsa de estacionamento de apoio, sobretudo ao parque desportivo e zona industrial.<\/p>\n<p>O projeto prev\u00ea ainda o redimensionamento da via, cria\u00e7\u00e3o de rede de drenagem pluvial, reformula\u00e7\u00e3o da rede de distribui\u00e7\u00e3o de \u00e1gua, prolongamento da rede de drenagem de \u00e1guas residuais dom\u00e9sticas e infraestruturas el\u00e9tricas de ilumina\u00e7\u00e3o p\u00fablica.<\/p>\n<p>Outra empreitada, com o valor base de 346.397,73 euros, pretende requalificar a rede vi\u00e1ria, tamb\u00e9m na freguesia de Abiul. O projeto visa a beneficia\u00e7\u00e3o do CM 1064, entre os lugares de Amieira, Vale da Figueira e Lagoa de Santa Catarina.<\/p>\n<p>A empreitada prev\u00ea a requalifica\u00e7\u00e3o de outras vias nas imedia\u00e7\u00f5es, intervindo em cerca de 5,968 metros de arruamentos com aplica\u00e7\u00e3o de cerca de 28.000 m2 de pavimento betuminoso.<\/p>\n<p>Trata-se de uma zona que apresenta atualmente uma degrada\u00e7\u00e3o acentuada e algumas deforma\u00e7\u00f5es, reclamando, assim, uma interven\u00e7\u00e3o na sua requalifica\u00e7\u00e3o e implementa\u00e7\u00e3o de sinaliza\u00e7\u00e3o de seguran\u00e7a.<\/p>\n<p>Por sua vez, na freguesia de Carnide, ser\u00e3o beneficiados diversos arruamentos, atrav\u00e9s de uma outra empreitada com valor base de 406.706,01 euros. O projeto, que contempla uma extens\u00e3o de 6.147 metros, prev\u00ea a requalifica\u00e7\u00e3o da Rua dos Picotos e Rua da Areia Gorda, bem como de alguns pequenos arruamentos nas imedia\u00e7\u00f5es.<\/p>\n<p>A interven\u00e7\u00e3o prev\u00ea alargamentos e a melhoria das condi\u00e7\u00f5es nos pavimentos e de seguran\u00e7a rodovi\u00e1ria com solu\u00e7\u00f5es pontuais, nomeadamente atrav\u00e9s da implementa\u00e7\u00e3o de sinaliza\u00e7\u00e3o vertical e horizontal.<\/p>\n<p>O quarto procedimento concursal aprovado pelo Executivo Municipal apresenta um valor base de 183.764,40 euros e refere-se \u00e0 requalifica\u00e7\u00e3o urban\u00edstica de uma zona junto ao Jardim das Oliveiras da Urbaniza\u00e7\u00e3o Nossa Senhora de Bel\u00e9m, na freguesia de Pombal.<\/p>\n<p>A interven\u00e7\u00e3o prev\u00ea, essencialmente, a constru\u00e7\u00e3o de uma zona de estacionamento e de passeios pedonais, sistema de drenagem pluvial, coloca\u00e7\u00e3o de sinaliza\u00e7\u00e3o vertical e horizontal, cria\u00e7\u00e3o de zona relvada e a melhoria da ilumina\u00e7\u00e3o p\u00fablica.<\/p>\n<p>O presidente da C\u00e2mara Municipal de Pombal, Pedro Pimp\u00e3o, enaltece o \u201cesfor\u00e7o financeiro significativo\u201d do munic\u00edpio para a concretiza\u00e7\u00e3o das referidas interven\u00e7\u00f5es que, na sua opini\u00e3o, \u201cvai melhorar em muito os respetivos territ\u00f3rios e popula\u00e7\u00f5es\u201d.<\/p>\n<p><strong>\u00a0 \u00a0Fonte: OC|GC|CMP<\/strong><\/p>\n","protected":false},"excerpt":{"rendered":"<p>A C\u00e2mara Municipal de Pombal vai lan\u00e7ar a concurso p\u00fablico quatro empreitadas num valor global a rondar os 1,5 milh\u00f5es de euros, na \u00e1rea da requalifica\u00e7\u00e3o urban\u00edstica e rede vi\u00e1ria. Os respetivos procedimentos concursais foram aprovados, por unanimidade, na \u00faltima reuni\u00e3o camar\u00e1ria. O maior investimento, com um pre\u00e7o base de 540 mil euros, refere-se \u00e0 [&hellip;]<\/p>\n","protected":false},"author":2,"featured_media":15908,"comment_status":"open","ping_status":"open","sticky":false,"template":"","format":"standard","meta":{"footnotes":""},"categories":[7],"tags":[],"class_list":["post-32027","post","type-post","status-publish","format-standard","has-post-thumbnail","hentry","category-economia"],"_links":{"self":[{"href":"https:\/\/tintafresca.net\/index.php\/wp-json\/wp\/v2\/posts\/32027","targetHints":{"allow":["GET"]}}],"collection":[{"href":"https:\/\/tintafresca.net\/index.php\/wp-json\/wp\/v2\/posts"}],"about":[{"href":"https:\/\/tintafresca.net\/index.php\/wp-json\/wp\/v2\/types\/post"}],"author":[{"embeddable":true,"href":"https:\/\/tintafresca.net\/index.php\/wp-json\/wp\/v2\/users\/2"}],"replies":[{"embeddable":true,"href":"https:\/\/tintafresca.net\/index.php\/wp-json\/wp\/v2\/comments?post=32027"}],"version-history":[{"count":2,"href":"https:\/\/tintafresca.net\/index.php\/wp-json\/wp\/v2\/posts\/32027\/revisions"}],"predecessor-version":[{"id":32029,"href":"https:\/\/tintafresca.net\/index.php\/wp-json\/wp\/v2\/posts\/32027\/revisions\/32029"}],"wp:featuredmedia":[{"embeddable":true,"href":"https:\/\/tintafresca.net\/index.php\/wp-json\/wp\/v2\/media\/15908"}],"wp:attachment":[{"href":"https:\/\/tintafresca.net\/index.php\/wp-json\/wp\/v2\/media?parent=32027"}],"wp:term":[{"taxonomy":"category","embeddable":true,"href":"https:\/\/tintafresca.net\/index.php\/wp-json\/wp\/v2\/categories?post=32027"},{"taxonomy":"post_tag","embeddable":true,"href":"https:\/\/tintafresca.net\/index.php\/wp-json\/wp\/v2\/tags?post=32027"}],"curies":[{"name":"wp","href":"https:\/\/api.w.org\/{rel}","templated":true}]}}