{"id":32040,"date":"2023-11-23T15:31:12","date_gmt":"2023-11-23T15:31:12","guid":{"rendered":"https:\/\/tintafresca.net\/?p=32040"},"modified":"2023-11-23T15:31:12","modified_gmt":"2023-11-23T15:31:12","slug":"programa-centro-2030-disponibiliza-500-milhoes-de-euros-de-fundos-europeus-e-ja-arrancou","status":"publish","type":"post","link":"https:\/\/tintafresca.net\/index.php\/2023\/11\/23\/programa-centro-2030-disponibiliza-500-milhoes-de-euros-de-fundos-europeus-e-ja-arrancou\/","title":{"rendered":"Programa Centro 2030 disponibiliza 500 milh\u00f5es de euros de fundos europeus e j\u00e1 arrancou"},"content":{"rendered":"<div id=\"attachment_32042\" style=\"width: 510px\" class=\"wp-caption alignleft\"><img loading=\"lazy\" decoding=\"async\" aria-describedby=\"caption-attachment-32042\" class=\"wp-image-32042 size-full\" src=\"https:\/\/tintafresca.net\/wp-content\/uploads\/2023\/11\/CCDRC_centro_fundos10.jpg\" alt=\"\" width=\"500\" height=\"367\" srcset=\"https:\/\/tintafresca.net\/wp-content\/uploads\/2023\/11\/CCDRC_centro_fundos10.jpg 500w, https:\/\/tintafresca.net\/wp-content\/uploads\/2023\/11\/CCDRC_centro_fundos10-300x220.jpg 300w\" sizes=\"auto, (max-width: 500px) 100vw, 500px\" \/><p id=\"caption-attachment-32042\" class=\"wp-caption-text\">Reuni\u00e3o do Comit\u00e9 de Acompanhamento do Programa Regional do Centro (Centro 2030)<\/p><\/div>\n<p>O Comit\u00e9 de Acompanhamento do Programa Regional do Centro (Centro 2030) reuniu no dia 22 de novembro, em Coimbra, para aprovar os crit\u00e9rios de sele\u00e7\u00e3o de v\u00e1rias tipologias de investimento, o que vai permitir lan\u00e7ar novos concursos a curto prazo.<\/p>\n<p>Isabel Damasceno, presidente da Comiss\u00e3o de Coordena\u00e7\u00e3o e Desenvolvimento Regional do Centro, I.P (CCDR Centro), explica que \u201co Comit\u00e9 de Acompanhamento decorreu muito bem, com um excelente n\u00edvel de debate e participa\u00e7\u00e3o. O Programa Centro 2030 j\u00e1 arrancou e j\u00e1 aprov\u00e1mos 8 milh\u00f5es de euros para o ensino superior. At\u00e9 ao primeiro semestre de 2024 esperamos colocar \u00e0 disposi\u00e7\u00e3o da regi\u00e3o Centro cerca de 500 milh\u00f5es de euros de fundos europeus. Com a aprova\u00e7\u00e3o dos crit\u00e9rios de sele\u00e7\u00e3o dos investimentos, vai ser poss\u00edvel abrir novos concursos, por exemplo, para escolas, regenera\u00e7\u00e3o urbana, sucesso educativo e \u00e1reas de acolhimento empresarial\u00bb.<\/p>\n<p>Quanto ao Programa Centro 2020, Isabel Damasceno adianta que \u00ab2023 foi um ano de forte execu\u00e7\u00e3o do Programa Centro 2020, tendo sido ultrapassados os 90% de execu\u00e7\u00e3o em outubro. Nesta reuni\u00e3o, destac\u00e1mos a import\u00e2ncia de acelerar a execu\u00e7\u00e3o do Centro 2020, para chegar aos 100% de execu\u00e7\u00e3o\u00bb.<\/p>\n<p>A reuni\u00e3o contou com a presen\u00e7a de representantes da Comiss\u00e3o Europeia, da Ag\u00eancia para o Desenvolvimento e Coes\u00e3o, organismos interm\u00e9dios dos sistemas de incentivos, Comunidades Intermunicipais, Grupos de A\u00e7\u00e3o Local e v\u00e1rios parceiros regionais como as associa\u00e7\u00f5es empresariais, sindicatos, munic\u00edpios, universidades, polit\u00e9cnicos.<\/p>\n<p>O Programa Centro 2030, que disp\u00f5e de 2,2 mil milh\u00f5es de euros de fundos europeus para financiar investimentos na regi\u00e3o, estrutura-se em cinco objetivos estrat\u00e9gicos: Centro mais competitivo e inteligente, Centro mais verde, Centro mais conectado, Centro mais social e inclusivo e Centro territorialmente mais coeso e pr\u00f3ximo dos cidad\u00e3os.<\/p>\n<p><strong>\u00a0 \u00a0 \u00a0Fonte: CCDR|Centro<\/strong><\/p>\n","protected":false},"excerpt":{"rendered":"<p>O Comit\u00e9 de Acompanhamento do Programa Regional do Centro (Centro 2030) reuniu no dia 22 de novembro, em Coimbra, para aprovar os crit\u00e9rios de sele\u00e7\u00e3o de v\u00e1rias tipologias de investimento, o que vai permitir lan\u00e7ar novos concursos a curto prazo. Isabel Damasceno, presidente da Comiss\u00e3o de Coordena\u00e7\u00e3o e Desenvolvimento Regional do Centro, I.P (CCDR Centro), [&hellip;]<\/p>\n","protected":false},"author":2,"featured_media":32043,"comment_status":"open","ping_status":"open","sticky":false,"template":"","format":"standard","meta":{"footnotes":""},"categories":[7],"tags":[],"class_list":["post-32040","post","type-post","status-publish","format-standard","has-post-thumbnail","hentry","category-economia"],"_links":{"self":[{"href":"https:\/\/tintafresca.net\/index.php\/wp-json\/wp\/v2\/posts\/32040","targetHints":{"allow":["GET"]}}],"collection":[{"href":"https:\/\/tintafresca.net\/index.php\/wp-json\/wp\/v2\/posts"}],"about":[{"href":"https:\/\/tintafresca.net\/index.php\/wp-json\/wp\/v2\/types\/post"}],"author":[{"embeddable":true,"href":"https:\/\/tintafresca.net\/index.php\/wp-json\/wp\/v2\/users\/2"}],"replies":[{"embeddable":true,"href":"https:\/\/tintafresca.net\/index.php\/wp-json\/wp\/v2\/comments?post=32040"}],"version-history":[{"count":2,"href":"https:\/\/tintafresca.net\/index.php\/wp-json\/wp\/v2\/posts\/32040\/revisions"}],"predecessor-version":[{"id":32044,"href":"https:\/\/tintafresca.net\/index.php\/wp-json\/wp\/v2\/posts\/32040\/revisions\/32044"}],"wp:featuredmedia":[{"embeddable":true,"href":"https:\/\/tintafresca.net\/index.php\/wp-json\/wp\/v2\/media\/32043"}],"wp:attachment":[{"href":"https:\/\/tintafresca.net\/index.php\/wp-json\/wp\/v2\/media?parent=32040"}],"wp:term":[{"taxonomy":"category","embeddable":true,"href":"https:\/\/tintafresca.net\/index.php\/wp-json\/wp\/v2\/categories?post=32040"},{"taxonomy":"post_tag","embeddable":true,"href":"https:\/\/tintafresca.net\/index.php\/wp-json\/wp\/v2\/tags?post=32040"}],"curies":[{"name":"wp","href":"https:\/\/api.w.org\/{rel}","templated":true}]}}