{"id":32177,"date":"2023-11-29T19:01:32","date_gmt":"2023-11-29T19:01:32","guid":{"rendered":"https:\/\/tintafresca.net\/?p=32177"},"modified":"2023-11-29T19:28:24","modified_gmt":"2023-11-29T19:28:24","slug":"rossio-sera-a-casa-da-familia-alcobacense-durante-a-quadra-natalicia","status":"publish","type":"post","link":"https:\/\/tintafresca.net\/index.php\/2023\/11\/29\/rossio-sera-a-casa-da-familia-alcobacense-durante-a-quadra-natalicia\/","title":{"rendered":"Rossio ser\u00e1 a casa da fam\u00edlia alcobacense durante a quadra natal\u00edcia"},"content":{"rendered":"<div id=\"attachment_32179\" style=\"width: 410px\" class=\"wp-caption alignleft\"><img loading=\"lazy\" decoding=\"async\" aria-describedby=\"caption-attachment-32179\" class=\"wp-image-32179\" src=\"https:\/\/tintafresca.net\/wp-content\/uploads\/2023\/11\/Alcobaca_Natal.png\" alt=\"\" width=\"400\" height=\"400\" srcset=\"https:\/\/tintafresca.net\/wp-content\/uploads\/2023\/11\/Alcobaca_Natal.png 781w, https:\/\/tintafresca.net\/wp-content\/uploads\/2023\/11\/Alcobaca_Natal-300x300.png 300w, https:\/\/tintafresca.net\/wp-content\/uploads\/2023\/11\/Alcobaca_Natal-150x150.png 150w, https:\/\/tintafresca.net\/wp-content\/uploads\/2023\/11\/Alcobaca_Natal-768x768.png 768w\" sizes=\"auto, (max-width: 400px) 100vw, 400px\" \/><p id=\"caption-attachment-32179\" class=\"wp-caption-text\">Cartaz<\/p><\/div>\n<p>Este Natal, o Rossio de Alcoba\u00e7a (Pra\u00e7a 25 de Abril) ser\u00e1 o ponto de encontro para toda a fam\u00edlia.<\/p>\n<p>Depois do sucesso dos anos anteriores, a C\u00e2mara Municipal de Alcoba\u00e7a ir\u00e1 organizar o programa &#8220;\u00c9 Natal em Alcoba\u00e7a&#8221;, em parceria com a Uni\u00e3o de Freguesias de Alcoba\u00e7a e Vestiaria (UFAV), a Associa\u00e7\u00e3o Comercial, de Servi\u00e7os e Industrial de Alcoba\u00e7a e Regi\u00e3o de Leiria (ACSIA) e com as freguesias do concelho.<\/p>\n<p>Esta sexta-feira, 1 de dezembro, a partir das 15h30, n\u00e3o perca o Desfile de Natal com associa\u00e7\u00f5es, IPSS, clubes e escolas, com in\u00edcio no pavilh\u00e3o da Escola D. Pedro I, rumo ao Rossio (org. UFAV).<\/p>\n<p>Depois, a partir das 18h15, haver\u00e1 Concerto de Natal do Coro da Banda de Alcoba\u00e7a nas escadarias do Mosteiro de Alcoba\u00e7a.<\/p>\n<p>At\u00e9 31 de dezembro, visite a Casinha do Pai Natal (org. CMA e ACSIA), as anima\u00e7\u00f5es e os carross\u00e9is de Natal (org. CMA) e o Mercado de Natal (dinamizado pelas Freguesias do Concelho de Alcoba\u00e7a).<\/p>\n<p>&#8220;O Rossio ser\u00e1, como sempre, a casa da fam\u00edlia alcobacense durante a quadra natal\u00edcia. Visite-nos e celebre o verdadeiro esp\u00edrito do Natal, em ambiente de conv\u00edvio e de partilha. Apoie o com\u00e9rcio local e valorize o que \u00e9 nosso&#8221;, apela o Presidente da C\u00e2mara Municipal de Alcoba\u00e7a, Herm\u00ednio Rodrigues.<\/p>\n<p><strong>PROGRAMA COMPLETO<\/strong><\/p>\n<p>1 DE DEZEMBRO<\/p>\n<p>15h30<br \/>\nDesfile de Natal<br \/>\nJunto ao Pavilh\u00e3o da Escola D. Pedro I at\u00e9 \u00e0 Pra\u00e7a 25 de Abril<\/p>\n<p>18h15<br \/>\nCan\u00e7\u00f5es de Natal<br \/>\npelo Coro da Banda de Alcoba\u00e7a<br \/>\nEscadaria do Mosteiro<\/p>\n<p>HOR\u00c1RIOS*<br \/>\nMercado de Natal e carross\u00e9is: 1 a 23 e 26 a 30 dez \u2013 14h30 \u00e0s 19h | 24 e 31 dez &#8211; 10h \u00e0s 12h<br \/>\nCasinha do Pai Natal e carross\u00e9is: 1 dez -14h30 \u00e0s 19h | 2 a 3, 8 a 10, 15 a 24 DEZ \u2013 10h \u00e0s 19h<\/p>\n<p>*ENCERRA a 25 DEZ<\/p>\n<p>ORGANIZA\u00c7\u00c3O: C\u00c2MARA MUNICIPAL DE ALCOBA\u00c7A, ACSIA E UNI\u00c3O DAS FREGUESIAS DE ALCOBA\u00c7A E VESTIARIA<\/p>\n<p><strong>\u00a0 \u00a0 Fonte: GAP|CMA<\/strong><\/p>\n","protected":false},"excerpt":{"rendered":"<p>Este Natal, o Rossio de Alcoba\u00e7a (Pra\u00e7a 25 de Abril) ser\u00e1 o ponto de encontro para toda a fam\u00edlia. Depois do sucesso dos anos anteriores, a C\u00e2mara Municipal de Alcoba\u00e7a ir\u00e1 organizar o programa &#8220;\u00c9 Natal em Alcoba\u00e7a&#8221;, em parceria com a Uni\u00e3o de Freguesias de Alcoba\u00e7a e Vestiaria (UFAV), a Associa\u00e7\u00e3o Comercial, de Servi\u00e7os [&hellip;]<\/p>\n","protected":false},"author":2,"featured_media":32181,"comment_status":"open","ping_status":"open","sticky":false,"template":"","format":"standard","meta":{"footnotes":""},"categories":[7,11],"tags":[],"class_list":["post-32177","post","type-post","status-publish","format-standard","has-post-thumbnail","hentry","category-economia","category-sociedade"],"_links":{"self":[{"href":"https:\/\/tintafresca.net\/index.php\/wp-json\/wp\/v2\/posts\/32177","targetHints":{"allow":["GET"]}}],"collection":[{"href":"https:\/\/tintafresca.net\/index.php\/wp-json\/wp\/v2\/posts"}],"about":[{"href":"https:\/\/tintafresca.net\/index.php\/wp-json\/wp\/v2\/types\/post"}],"author":[{"embeddable":true,"href":"https:\/\/tintafresca.net\/index.php\/wp-json\/wp\/v2\/users\/2"}],"replies":[{"embeddable":true,"href":"https:\/\/tintafresca.net\/index.php\/wp-json\/wp\/v2\/comments?post=32177"}],"version-history":[{"count":3,"href":"https:\/\/tintafresca.net\/index.php\/wp-json\/wp\/v2\/posts\/32177\/revisions"}],"predecessor-version":[{"id":32182,"href":"https:\/\/tintafresca.net\/index.php\/wp-json\/wp\/v2\/posts\/32177\/revisions\/32182"}],"wp:featuredmedia":[{"embeddable":true,"href":"https:\/\/tintafresca.net\/index.php\/wp-json\/wp\/v2\/media\/32181"}],"wp:attachment":[{"href":"https:\/\/tintafresca.net\/index.php\/wp-json\/wp\/v2\/media?parent=32177"}],"wp:term":[{"taxonomy":"category","embeddable":true,"href":"https:\/\/tintafresca.net\/index.php\/wp-json\/wp\/v2\/categories?post=32177"},{"taxonomy":"post_tag","embeddable":true,"href":"https:\/\/tintafresca.net\/index.php\/wp-json\/wp\/v2\/tags?post=32177"}],"curies":[{"name":"wp","href":"https:\/\/api.w.org\/{rel}","templated":true}]}}