{"id":32267,"date":"2023-12-04T19:57:09","date_gmt":"2023-12-04T19:57:09","guid":{"rendered":"https:\/\/tintafresca.net\/?p=32267"},"modified":"2023-12-04T19:59:40","modified_gmt":"2023-12-04T19:59:40","slug":"camara-de-pombal-abdica-de-6-milhoes-em-impostos-e-taxas-municipais-a-favor-de-familias-e-empresas","status":"publish","type":"post","link":"https:\/\/tintafresca.net\/index.php\/2023\/12\/04\/camara-de-pombal-abdica-de-6-milhoes-em-impostos-e-taxas-municipais-a-favor-de-familias-e-empresas\/","title":{"rendered":"C\u00e2mara de Pombal abdica de 6 milh\u00f5es em impostos e taxas municipais a favor de fam\u00edlias e empresas"},"content":{"rendered":"<div id=\"attachment_32268\" style=\"width: 410px\" class=\"wp-caption alignleft\"><img loading=\"lazy\" decoding=\"async\" aria-describedby=\"caption-attachment-32268\" class=\"wp-image-32268\" src=\"https:\/\/tintafresca.net\/wp-content\/uploads\/2023\/12\/Pombal_Camara10.jpg\" alt=\"\" width=\"400\" height=\"533\" srcset=\"https:\/\/tintafresca.net\/wp-content\/uploads\/2023\/12\/Pombal_Camara10.jpg 500w, https:\/\/tintafresca.net\/wp-content\/uploads\/2023\/12\/Pombal_Camara10-225x300.jpg 225w\" sizes=\"auto, (max-width: 400px) 100vw, 400px\" \/><p id=\"caption-attachment-32268\" class=\"wp-caption-text\">Sede da C\u00e2mara Municipal de Pombal<\/p><\/div>\n<p>Prosseguindo a sua pol\u00edtica fiscal de esfor\u00e7o e contributo para o desagravamento dos custos para as fam\u00edlias e empresas, a C\u00e2mara Municipal de Pombal aprovou, na sua \u00faltima reuni\u00e3o, por unanimidade, as propostas de impostos e taxas municipais para 2024 que se traduzem uma despesa fiscal na ordem dos seis milh\u00f5es de euros. Um montante que, juntando-se ao acumulado dos anos 2022 e 2023, ascende a 16 milh\u00f5es de euros de benef\u00edcios para as fam\u00edlias e empresas.<\/p>\n<p>A maior fatia da despesa fiscal para 2024 recai no Imposto Municipal sobre Im\u00f3veis (IMI) com uma previs\u00e3o de 3,8 milh\u00f5es de euros (10,6 milh\u00f5es acumulados desde 2022). Acresce, ainda, um benef\u00edcio previsto na ordem dos 220 mil euros com o IMI Familiar (490 mil euros acumulados), enquanto a participa\u00e7\u00e3o vari\u00e1vel no Imposto sobre o Rendimento de Pessoas Singulares (IRS) beneficia as fam\u00edlias em mais de um milh\u00e3o de euros (2,9 milh\u00f5es acumulados desde 2022). Relativamente \u00e0 Derrama, o Munic\u00edpio prev\u00ea uma despesa fiscal a rondar os 880 mil euros (2,3 milh\u00f5es acumulados desde 2022).<\/p>\n<p>A manuten\u00e7\u00e3o da pol\u00edtica fiscal inscreve-se no eixo de responsabilidade social municipal que orienta a gest\u00e3o p\u00fablica neste momento de particulares dificuldades econ\u00f3micas e sociais.<\/p>\n<p>Relativamente ao Imposto Municipal sobre Im\u00f3veis (IMI), a proposta aprovada para 2024 mant\u00e9m a aplica\u00e7\u00e3o da taxa m\u00ednima de 0,300% (abaixo do limite legal de 0,450%), prevendo ainda uma redu\u00e7\u00e3o fixa em benef\u00edcio dos sujeitos passivos com dependentes a cargo (30 euros para um dependente a cargo, 70 euros para dois dependentes a cargo, e 140 euros para tr\u00eas ou mais dependentes a cargo).<\/p>\n<p>A proposta, que ser\u00e1 submetida \u00e0 aprecia\u00e7\u00e3o e vota\u00e7\u00e3o da Assembleia Municipal, prev\u00ea tamb\u00e9m a prorroga\u00e7\u00e3o, por mais dois anos, do per\u00edodo de isen\u00e7\u00e3o de IMI (3 anos) relativo a pr\u00e9dios urbanos constru\u00eddos, ampliados, melhorados ou adquiridos a t\u00edtulo oneroso, destinados \u00e0 habita\u00e7\u00e3o.<\/p>\n<p>Por outro lado, ser\u00e3o aplicadas majora\u00e7\u00f5es da taxa aplic\u00e1vel a pr\u00e9dios urbanos degradados e a pr\u00e9dios r\u00fasticos em situa\u00e7\u00e3o de abandono, de 30% e 100% respetivamente.<\/p>\n<p>Quanto \u00e0 Derrama a cobrar \u00e0s empresas, sobre o lucro tribut\u00e1vel sujeito e n\u00e3o isento de IRC, a proposta mant\u00e9m a taxa de 1% sobre o lucro tribut\u00e1vel (abaixo do limite legal de 1,5%), bem como a isen\u00e7\u00e3o para empresas com volume de neg\u00f3cios igual ou inferior a 150 mil euros, e para empresas que hajam instalado a sede social no Concelho de Pombal nos \u00faltimos dois anos econ\u00f3micos, da qual resulte a cria\u00e7\u00e3o de, no m\u00ednimo, tr\u00eas novos postos de trabalho.<\/p>\n<p>A C\u00e2mara Municipal aprovou, ainda, a manuten\u00e7\u00e3o da taxa de 2,5% (abaixo do limite legal de 5%), a t\u00edtulo de participa\u00e7\u00e3o vari\u00e1vel no Imposto sobre o Rendimento de Pessoas Singulares (IRS), a aplicar aos rendimentos do ano de 2024, dos sujeitos passivos com domic\u00edlio fiscal no concelho de Pombal.<\/p>\n<p><strong>\u00a0 \u00a0 \u00a0Fonte: GC|CMP<\/strong><\/p>\n","protected":false},"excerpt":{"rendered":"<p>Prosseguindo a sua pol\u00edtica fiscal de esfor\u00e7o e contributo para o desagravamento dos custos para as fam\u00edlias e empresas, a C\u00e2mara Municipal de Pombal aprovou, na sua \u00faltima reuni\u00e3o, por unanimidade, as propostas de impostos e taxas municipais para 2024 que se traduzem uma despesa fiscal na ordem dos seis milh\u00f5es de euros. Um montante [&hellip;]<\/p>\n","protected":false},"author":2,"featured_media":32269,"comment_status":"open","ping_status":"open","sticky":false,"template":"","format":"standard","meta":{"footnotes":""},"categories":[7],"tags":[],"class_list":["post-32267","post","type-post","status-publish","format-standard","has-post-thumbnail","hentry","category-economia"],"_links":{"self":[{"href":"https:\/\/tintafresca.net\/index.php\/wp-json\/wp\/v2\/posts\/32267","targetHints":{"allow":["GET"]}}],"collection":[{"href":"https:\/\/tintafresca.net\/index.php\/wp-json\/wp\/v2\/posts"}],"about":[{"href":"https:\/\/tintafresca.net\/index.php\/wp-json\/wp\/v2\/types\/post"}],"author":[{"embeddable":true,"href":"https:\/\/tintafresca.net\/index.php\/wp-json\/wp\/v2\/users\/2"}],"replies":[{"embeddable":true,"href":"https:\/\/tintafresca.net\/index.php\/wp-json\/wp\/v2\/comments?post=32267"}],"version-history":[{"count":1,"href":"https:\/\/tintafresca.net\/index.php\/wp-json\/wp\/v2\/posts\/32267\/revisions"}],"predecessor-version":[{"id":32270,"href":"https:\/\/tintafresca.net\/index.php\/wp-json\/wp\/v2\/posts\/32267\/revisions\/32270"}],"wp:featuredmedia":[{"embeddable":true,"href":"https:\/\/tintafresca.net\/index.php\/wp-json\/wp\/v2\/media\/32269"}],"wp:attachment":[{"href":"https:\/\/tintafresca.net\/index.php\/wp-json\/wp\/v2\/media?parent=32267"}],"wp:term":[{"taxonomy":"category","embeddable":true,"href":"https:\/\/tintafresca.net\/index.php\/wp-json\/wp\/v2\/categories?post=32267"},{"taxonomy":"post_tag","embeddable":true,"href":"https:\/\/tintafresca.net\/index.php\/wp-json\/wp\/v2\/tags?post=32267"}],"curies":[{"name":"wp","href":"https:\/\/api.w.org\/{rel}","templated":true}]}}