{"id":32276,"date":"2023-12-05T00:45:41","date_gmt":"2023-12-05T00:45:41","guid":{"rendered":"https:\/\/tintafresca.net\/?p=32276"},"modified":"2023-12-05T00:50:46","modified_gmt":"2023-12-05T00:50:46","slug":"avisan-recebeu-19-600-visitantes-no-cnema","status":"publish","type":"post","link":"https:\/\/tintafresca.net\/index.php\/2023\/12\/05\/avisan-recebeu-19-600-visitantes-no-cnema\/","title":{"rendered":"Avisan recebeu 19.600 visitantes no CNEMA"},"content":{"rendered":"<div id=\"attachment_32278\" style=\"width: 410px\" class=\"wp-caption alignleft\"><img loading=\"lazy\" decoding=\"async\" aria-describedby=\"caption-attachment-32278\" class=\"wp-image-32278\" src=\"https:\/\/tintafresca.net\/wp-content\/uploads\/2023\/12\/Santarem_AVISAN10.jpg\" alt=\"\" width=\"400\" height=\"300\" srcset=\"https:\/\/tintafresca.net\/wp-content\/uploads\/2023\/12\/Santarem_AVISAN10.jpg 500w, https:\/\/tintafresca.net\/wp-content\/uploads\/2023\/12\/Santarem_AVISAN10-300x225.jpg 300w\" sizes=\"auto, (max-width: 400px) 100vw, 400px\" \/><p id=\"caption-attachment-32278\" class=\"wp-caption-text\">Avisan 2023<\/p><\/div>\n<p>A Avisan &#8211; Exposi\u00e7\u00e3o Nacional de Aves, Animais de Companhia, Equipamentos e Acess\u00f3rios, certame que se realizou no Centro Nacional de Exposi\u00e7\u00f5es em Santar\u00e9m, de 1 a 3 de dezembro, recebeu 19.600 visitantes.<\/p>\n<p>O evento registou a presen\u00e7a de 77 expositores diretos e reuniu exemplares das mais variadas esp\u00e9cies, entre aves, r\u00e9pteis, animais dom\u00e9sticos, ex\u00f3ticos e recebeu exposi\u00e7\u00f5es internacionais de c\u00e3es e gatos.<\/p>\n<p>Com a presen\u00e7a de criadores nacionais e internacionais, a Avisan foi um ponto de encontro de milhares de visitantes e contou com uma programa\u00e7\u00e3o diversificada, atrativa e representativa do sector.<\/p>\n<p><strong>Exposi\u00e7\u00f5es Internacionais de C\u00e3es e Gatos<\/strong><\/p>\n<p>A 29\u00aa Exposi\u00e7\u00e3o Canina Nacional de Santar\u00e9m (2 dezembro) e a 23\u00aa Exposi\u00e7\u00e3o Canina Internacional de Santar\u00e9m (3 dezembro) contaram com a participa\u00e7\u00e3o de 1119 exemplares e as Monogr\u00e1ficas Caninas tiveram um saldo positivo com a presen\u00e7a de muitos animais.<\/p>\n<p>A 13\u00aa Exposi\u00e7\u00e3o Internacional de Gatos de Santar\u00e9m (2 e 3 dezembro) tamb\u00e9m conseguiu um registo assinal\u00e1vel com a presen\u00e7a de 135 exemplares por dia.<\/p>\n<p><strong>Atividades para todos os gostos<\/strong><\/p>\n<p>De 1 a 3 de dezembro, os visitantes puderam apreciar diversas iniciativas como Shows de Araras, Shows de Aves de Rapina e R\u00e9pteis, a 12\u00aa ExpoAlcac &#8211; 8\u00ba Concurso \/ Exposi\u00e7\u00e3o de Galinhas de Santar\u00e9m, a 1\u00aa Monogr\u00e1fica de Galinhas Brahma de Portugal, a 7\u00aa Exposi\u00e7\u00e3o de Columbicultura \/ Pombos de Ra\u00e7a, a 21\u00aa Exposi\u00e7\u00e3o Nacional do Gloster ou os Passeios a Cavalo.<\/p>\n<p><strong>Mostra Comercial<\/strong><\/p>\n<p>No \u00e2mbito da Avisan, uma mostra comercial com tudo o que \u00e9 necess\u00e1rio para animais de estima\u00e7\u00e3o com equipamentos e acess\u00f3rios, permitiu uma escolha variada para quem quis adquirir este tipo de produtos. V\u00e1rias empresas apostaram na Avisan com o intuito de estreitar rela\u00e7\u00f5es com clientes e p\u00fablico em geral divulgando simultaneamente as suas novidades.<\/p>\n<p>A organiza\u00e7\u00e3o n\u00e3o pode deixar de real\u00e7ar o trabalho e o empenho de parceiros, expositores e visitantes por, mais uma vez, partilharem connosco esta paix\u00e3o pelos animais.<\/p>\n<p><strong>\u00a0 \u00a0Fonte: CNEMA<\/strong><\/p>\n","protected":false},"excerpt":{"rendered":"<p>A Avisan &#8211; Exposi\u00e7\u00e3o Nacional de Aves, Animais de Companhia, Equipamentos e Acess\u00f3rios, certame que se realizou no Centro Nacional de Exposi\u00e7\u00f5es em Santar\u00e9m, de 1 a 3 de dezembro, recebeu 19.600 visitantes. O evento registou a presen\u00e7a de 77 expositores diretos e reuniu exemplares das mais variadas esp\u00e9cies, entre aves, r\u00e9pteis, animais dom\u00e9sticos, ex\u00f3ticos [&hellip;]<\/p>\n","protected":false},"author":2,"featured_media":32279,"comment_status":"open","ping_status":"open","sticky":false,"template":"","format":"standard","meta":{"footnotes":""},"categories":[7],"tags":[],"class_list":["post-32276","post","type-post","status-publish","format-standard","has-post-thumbnail","hentry","category-economia"],"_links":{"self":[{"href":"https:\/\/tintafresca.net\/index.php\/wp-json\/wp\/v2\/posts\/32276","targetHints":{"allow":["GET"]}}],"collection":[{"href":"https:\/\/tintafresca.net\/index.php\/wp-json\/wp\/v2\/posts"}],"about":[{"href":"https:\/\/tintafresca.net\/index.php\/wp-json\/wp\/v2\/types\/post"}],"author":[{"embeddable":true,"href":"https:\/\/tintafresca.net\/index.php\/wp-json\/wp\/v2\/users\/2"}],"replies":[{"embeddable":true,"href":"https:\/\/tintafresca.net\/index.php\/wp-json\/wp\/v2\/comments?post=32276"}],"version-history":[{"count":2,"href":"https:\/\/tintafresca.net\/index.php\/wp-json\/wp\/v2\/posts\/32276\/revisions"}],"predecessor-version":[{"id":32280,"href":"https:\/\/tintafresca.net\/index.php\/wp-json\/wp\/v2\/posts\/32276\/revisions\/32280"}],"wp:featuredmedia":[{"embeddable":true,"href":"https:\/\/tintafresca.net\/index.php\/wp-json\/wp\/v2\/media\/32279"}],"wp:attachment":[{"href":"https:\/\/tintafresca.net\/index.php\/wp-json\/wp\/v2\/media?parent=32276"}],"wp:term":[{"taxonomy":"category","embeddable":true,"href":"https:\/\/tintafresca.net\/index.php\/wp-json\/wp\/v2\/categories?post=32276"},{"taxonomy":"post_tag","embeddable":true,"href":"https:\/\/tintafresca.net\/index.php\/wp-json\/wp\/v2\/tags?post=32276"}],"curies":[{"name":"wp","href":"https:\/\/api.w.org\/{rel}","templated":true}]}}