{"id":3232,"date":"2021-04-15T20:30:29","date_gmt":"2021-04-15T20:30:29","guid":{"rendered":"https:\/\/tintafresca.net\/?p=3232"},"modified":"2021-04-15T20:31:30","modified_gmt":"2021-04-15T20:31:30","slug":"rio-maior-volta-atras-no-desconfinamento-marinha-grande-marca-passo","status":"publish","type":"post","link":"https:\/\/tintafresca.net\/index.php\/2021\/04\/15\/rio-maior-volta-atras-no-desconfinamento-marinha-grande-marca-passo\/","title":{"rendered":"Rio Maior volta atr\u00e1s no desconfinamento, Marinha Grande marca passo"},"content":{"rendered":"<div id=\"attachment_3234\" style=\"width: 510px\" class=\"wp-caption alignleft\"><img loading=\"lazy\" decoding=\"async\" aria-describedby=\"caption-attachment-3234\" class=\"wp-image-3234\" src=\"https:\/\/tintafresca.net\/wp-content\/uploads\/2021\/04\/Centro_Saude_Rio_maior.png\" alt=\"\" width=\"500\" height=\"375\" \/><p id=\"caption-attachment-3234\" class=\"wp-caption-text\">Centro de Sa\u00fade de Rio Maior<\/p><\/div>\n<p>O primeiro-ministro Ant\u00f3nio Costa afirmou esta quinta-feira, dia 15 de abril, que \u00aba generalidade do Pa\u00eds vai avan\u00e7ar para a pr\u00f3xima fase de desconfinamento a partir de segunda-feira\u00bb. Na confer\u00eancia de imprensa ap\u00f3s a reuni\u00e3o do Conselho de Ministros, Ant\u00f3nio Costa real\u00e7ou que h\u00e1 13 concelhos em risco, sete concelhos que v\u00e3o manter as regras da fase de desconfinamento em vigor at\u00e9 18 de abril, entre os quais a Marinha Grande, e quatro concelhos que \u00abv\u00e3o ter de recuar para a fase anterior\u00bb, entre os quais Rio Maior.<\/p>\n<p>O primeiro-ministro destacou que a taxa de incid\u00eancia entre 9 de mar\u00e7o e 14 de abril passou de 118 para 69 casos por 100 mil habitantes a 14 dias mas que, em sentido contr\u00e1rio, o risco de transmissibilidade est\u00e1 a verificar uma evolu\u00e7\u00e3o negativa, tendo passado de 0,78 para 1,05.<\/p>\n<p><strong>Exce\u00e7\u00f5es no desconfinamento por concelho<\/strong><\/p>\n<p>O primeiro-ministro sublinhou que esta fase de desconfinamento vai aplicar-se \u00e0 generalidade do territ\u00f3rio nacional, incluindo oito concelhos que h\u00e1 15 dias estavam com uma taxa de incid\u00eancia superior a 120 casos por 100 mil habitantes a 14 dias mas que conseguiram baixar desta fasquia (Borba, Cinf\u00e3es, Figueir\u00f3 dos Vinhos, Lagos, Ribeira de Pena, Soure, Vila do Bispo e Vimioso).<\/p>\n<p>Ant\u00f3nio Costa alertou tamb\u00e9m que, apesar de avan\u00e7arem para a nova fase de desconfinamento, h\u00e1 13 concelhos que est\u00e3o pela primeira vez com uma taxa de incid\u00eancia superior a 120 casos por 100 mil habitantes a 14 dias e que devem ter \u00abparticular aten\u00e7\u00e3o sobre a forma como controlam a pandemia durante os pr\u00f3ximos 15 dias (Aljezur, Almeirim, Barrancos, M\u00eada, Miranda do Corvo, Miranda do Douro, Olh\u00e3o, Paredes, Penalva do Castelo, Resende, Valongo, Vila Franca de Xira e Vila Nova de Famalic\u00e3o)\u00bb.<\/p>\n<p>\u00abEsperamos que daqui a 15 dias possam prosseguir na pr\u00f3xima etapa de desconfinamento\u00bb, desejou Ant\u00f3nio Costa, referindo que concelhos muito populosos como Vila Franca de Xira, Valongo e Vila Nova de Famalic\u00e3o \u00abdevem ter uma particular aten\u00e7\u00e3o para que as not\u00edcias possam ser boas daqui a 15 dias\u00bb.<\/p>\n<p>Os concelhos de Alandroal, Albufeira, Beja, Carregal do Sal, Figueira da Foz, Marinha Grande e Penela mantiveram-se acima dos 120 casos por 100 mil habitantes a 14 dias e, como tal, v\u00e3o manter-se na fase de desconfinamento que ainda est\u00e1 em vigor. \u00abFa\u00e7o votos que o esfor\u00e7o que tem sido feito possa ser prosseguido e que daqui a 15 dias tenhamos chegado l\u00e1 e que possam evoluir para esta fase de desconfinamento\u00bb.<\/p>\n<p>\u00abMais complicado \u00e9 o caso de quatro concelhos que est\u00e3o n\u00e3o s\u00f3 acima de 120 mas de 240 casos por 100 mil habitantes a 14 dias (Moura, Odemira, Portim\u00e3o e Rio Maior)\u00bb, disse Ant\u00f3nio Costa. \u00abRelativamente a estes casos, n\u00e3o basta n\u00e3o passar para a fase seguinte. \u00c9 necess\u00e1rio que recuemos para o conjunto de regras que vigoravam antes do \u00faltimo desconfinamento\u00bb, disse.<\/p>\n<p>Ant\u00f3nio Costa destacou que estas medidas \u00abn\u00e3o s\u00e3o pr\u00e9mios nem castigos\u00bb, mas sim \u00abmedidas de sa\u00fade p\u00fablica, adotadas para a seguran\u00e7a das popula\u00e7\u00f5es, para cada uma das pessoas, e para a seguran\u00e7a de todos\u00bb. \u00ab\u00c9 a adequa\u00e7\u00e3o das medidas e da forma de viver \u00e0s condi\u00e7\u00f5es de pandemia nestes concelhos. Isto significa que nestes concelhos vamos ter de continuar a ter um esfor\u00e7o acrescido de testar cada vez mais, identificar casos positivos, estabelecer cadeias de transmiss\u00e3o e isolar o conjunto das pessoas que estiveram em contacto com casos positivos para que, o mais rapidamente poss\u00edvel, possamos conter pandemia nestes concelhos\u00bb, acrescentou.<\/p>\n<p><strong>\u00a0 \u00a0 Fonte: GC|Governo\u00a0<\/strong><\/p>\n","protected":false},"excerpt":{"rendered":"<p>O primeiro-ministro Ant\u00f3nio Costa afirmou esta quinta-feira, dia 15 de abril, que \u00aba generalidade do Pa\u00eds vai avan\u00e7ar para a pr\u00f3xima fase de desconfinamento a partir de segunda-feira\u00bb. Na confer\u00eancia de imprensa ap\u00f3s a reuni\u00e3o do Conselho de Ministros, Ant\u00f3nio Costa real\u00e7ou que h\u00e1 13 concelhos em risco, sete concelhos que v\u00e3o manter as regras [&hellip;]<\/p>\n","protected":false},"author":2,"featured_media":3235,"comment_status":"open","ping_status":"open","sticky":false,"template":"","format":"standard","meta":{"footnotes":""},"categories":[7,6],"tags":[],"class_list":["post-3232","post","type-post","status-publish","format-standard","has-post-thumbnail","hentry","category-economia","category-saude"],"_links":{"self":[{"href":"https:\/\/tintafresca.net\/index.php\/wp-json\/wp\/v2\/posts\/3232","targetHints":{"allow":["GET"]}}],"collection":[{"href":"https:\/\/tintafresca.net\/index.php\/wp-json\/wp\/v2\/posts"}],"about":[{"href":"https:\/\/tintafresca.net\/index.php\/wp-json\/wp\/v2\/types\/post"}],"author":[{"embeddable":true,"href":"https:\/\/tintafresca.net\/index.php\/wp-json\/wp\/v2\/users\/2"}],"replies":[{"embeddable":true,"href":"https:\/\/tintafresca.net\/index.php\/wp-json\/wp\/v2\/comments?post=3232"}],"version-history":[{"count":2,"href":"https:\/\/tintafresca.net\/index.php\/wp-json\/wp\/v2\/posts\/3232\/revisions"}],"predecessor-version":[{"id":3236,"href":"https:\/\/tintafresca.net\/index.php\/wp-json\/wp\/v2\/posts\/3232\/revisions\/3236"}],"wp:featuredmedia":[{"embeddable":true,"href":"https:\/\/tintafresca.net\/index.php\/wp-json\/wp\/v2\/media\/3235"}],"wp:attachment":[{"href":"https:\/\/tintafresca.net\/index.php\/wp-json\/wp\/v2\/media?parent=3232"}],"wp:term":[{"taxonomy":"category","embeddable":true,"href":"https:\/\/tintafresca.net\/index.php\/wp-json\/wp\/v2\/categories?post=3232"},{"taxonomy":"post_tag","embeddable":true,"href":"https:\/\/tintafresca.net\/index.php\/wp-json\/wp\/v2\/tags?post=3232"}],"curies":[{"name":"wp","href":"https:\/\/api.w.org\/{rel}","templated":true}]}}