{"id":32326,"date":"2023-12-07T19:48:23","date_gmt":"2023-12-07T19:48:23","guid":{"rendered":"https:\/\/tintafresca.net\/?p=32326"},"modified":"2023-12-07T19:50:05","modified_gmt":"2023-12-07T19:50:05","slug":"pme-do-centro-e-alentejo-podem-candidatar-se-para-contratacao-de-recursos-humanos-altamente-qualificados","status":"publish","type":"post","link":"https:\/\/tintafresca.net\/index.php\/2023\/12\/07\/pme-do-centro-e-alentejo-podem-candidatar-se-para-contratacao-de-recursos-humanos-altamente-qualificados\/","title":{"rendered":"PME do Centro e Alentejo podem candidatar-se para Contrata\u00e7\u00e3o de Recursos Humanos Altamente Qualificados"},"content":{"rendered":"<p><img loading=\"lazy\" decoding=\"async\" class=\"alignleft wp-image-8568 size-full\" src=\"https:\/\/tintafresca.net\/wp-content\/uploads\/2021\/09\/Computadores.jpg\" alt=\"\" width=\"224\" height=\"336\" \/>Est\u00e3o abertas candidaturas \u00e0 Contrata\u00e7\u00e3o de Recursos Humanos Altamente Qualificados por micro, pequenas e m\u00e9dias empresas (PME) das regi\u00f5es Centro e Alentejo, com financiamento de 50% do sal\u00e1rio base. Os Avisos promovem a contrata\u00e7\u00e3o de recursos humanos com qualifica\u00e7\u00e3o de n\u00edvel superior, com vista \u00e0 resposta a problemas concretos no \u00e2mbito da competitividade regional.<\/p>\n<p>Com o objetivo de promover o emprego e o incremento da propor\u00e7\u00e3o de pessoal altamente qualificado no emprego e nas empresas, por um lado, e a promo\u00e7\u00e3o da acelera\u00e7\u00e3o da inova\u00e7\u00e3o e transi\u00e7\u00e3o digital das empresas, por outro, est\u00e3o lan\u00e7ados Avisos para a apresenta\u00e7\u00e3o de candidaturas \u00e0 contrata\u00e7\u00e3o de recursos humanos com forma\u00e7\u00e3o avan\u00e7ada, isto \u00e9, com grau de licenciado ou superior.<\/p>\n<p>Estes Avisos procuram, desta forma, dar resposta \u00e0s mudan\u00e7as e desafios das empresas, como sejam a necessidade de inova\u00e7\u00e3o, de adapta\u00e7\u00e3o \u00e0 era digital, e de salvaguarda da motiva\u00e7\u00e3o dos trabalhadores num contexto de garantia de melhor satisfa\u00e7\u00e3o pessoal e profissional com evidentes ganhos de produtividade.<\/p>\n<p>Os benefici\u00e1rios dos apoios previstos s\u00e3o empresas PME (micro, pequenas e m\u00e9dias empresas), de qualquer natureza e sob qualquer forma jur\u00eddica, com contabilidade organizada, sediadas na regi\u00e3o Centro e regi\u00e3o Alentejo (incuba\u00e7\u00e3o virtual n\u00e3o eleg\u00edvel). Para cada uma das regi\u00f5es \u2013 Centro e Alentejo \u2013 existem dois Avisos distintos: para territ\u00f3rios de baixa densidade e para os restantes territ\u00f3rios.<\/p>\n<p>O apoio a atribuir \u2013 com cofinanciamento de 50% \u2013 destina-se a apoiar Recursos Humanos de n\u00edvel CITE 6 ou superior (licenciados, mestres, doutorados ou p\u00f3s-doutorados), como forma de aquisi\u00e7\u00e3o de massa critica e de suporte ao desenvolvimento de processos que promovam a inova\u00e7\u00e3o empresarial.<\/p>\n<p>S\u00e3o eleg\u00edveis os custos com o sal\u00e1rio base dos Recursos Humanos, bem como os respetivos encargos sociais obrigat\u00f3rios, ou seja, despesas com seguran\u00e7a social e seguro de acidentes de trabalho. S\u00e3o ainda eleg\u00edveis custos com os subs\u00eddios de f\u00e9rias e natal.<\/p>\n<p>A apresenta\u00e7\u00e3o das candidaturas \u00e9 efetuada atrav\u00e9s da submiss\u00e3o de formul\u00e1rio eletr\u00f3nico no Balc\u00e3o 2030, em\u00a0<a href=\"https:\/\/balcaofundosue.pt\/\">https:\/\/balcaofundosue.pt\/<\/a>. As candidaturas est\u00e3o abertas desde 30 de novembro e at\u00e9 junho de 2024, sendo a an\u00e1lise e decis\u00e3o efetuada em quatro fases, de dois em dois meses.<\/p>\n<p>As empresas da regi\u00e3o interessadas em contratar e beneficiar deste apoio, podem contactar a NERSANT para apoiar a elabora\u00e7\u00e3o e submiss\u00e3o de candidaturas, atrav\u00e9s do seu Departamento de Inova\u00e7\u00e3o e Empreendedorismo. Os contactos s\u00e3o\u00a0die@nersant.pt\u00a0ou 249\u00a0839\u00a0503.<\/p>\n<p><strong>\u00a0 \u00a0 \u00a0Fonte: Nersant<\/strong><\/p>\n","protected":false},"excerpt":{"rendered":"<p>Est\u00e3o abertas candidaturas \u00e0 Contrata\u00e7\u00e3o de Recursos Humanos Altamente Qualificados por micro, pequenas e m\u00e9dias empresas (PME) das regi\u00f5es Centro e Alentejo, com financiamento de 50% do sal\u00e1rio base. Os Avisos promovem a contrata\u00e7\u00e3o de recursos humanos com qualifica\u00e7\u00e3o de n\u00edvel superior, com vista \u00e0 resposta a problemas concretos no \u00e2mbito da competitividade regional. Com [&hellip;]<\/p>\n","protected":false},"author":2,"featured_media":8568,"comment_status":"open","ping_status":"open","sticky":false,"template":"","format":"standard","meta":{"footnotes":""},"categories":[7],"tags":[],"class_list":["post-32326","post","type-post","status-publish","format-standard","has-post-thumbnail","hentry","category-economia"],"_links":{"self":[{"href":"https:\/\/tintafresca.net\/index.php\/wp-json\/wp\/v2\/posts\/32326","targetHints":{"allow":["GET"]}}],"collection":[{"href":"https:\/\/tintafresca.net\/index.php\/wp-json\/wp\/v2\/posts"}],"about":[{"href":"https:\/\/tintafresca.net\/index.php\/wp-json\/wp\/v2\/types\/post"}],"author":[{"embeddable":true,"href":"https:\/\/tintafresca.net\/index.php\/wp-json\/wp\/v2\/users\/2"}],"replies":[{"embeddable":true,"href":"https:\/\/tintafresca.net\/index.php\/wp-json\/wp\/v2\/comments?post=32326"}],"version-history":[{"count":2,"href":"https:\/\/tintafresca.net\/index.php\/wp-json\/wp\/v2\/posts\/32326\/revisions"}],"predecessor-version":[{"id":32328,"href":"https:\/\/tintafresca.net\/index.php\/wp-json\/wp\/v2\/posts\/32326\/revisions\/32328"}],"wp:featuredmedia":[{"embeddable":true,"href":"https:\/\/tintafresca.net\/index.php\/wp-json\/wp\/v2\/media\/8568"}],"wp:attachment":[{"href":"https:\/\/tintafresca.net\/index.php\/wp-json\/wp\/v2\/media?parent=32326"}],"wp:term":[{"taxonomy":"category","embeddable":true,"href":"https:\/\/tintafresca.net\/index.php\/wp-json\/wp\/v2\/categories?post=32326"},{"taxonomy":"post_tag","embeddable":true,"href":"https:\/\/tintafresca.net\/index.php\/wp-json\/wp\/v2\/tags?post=32326"}],"curies":[{"name":"wp","href":"https:\/\/api.w.org\/{rel}","templated":true}]}}