{"id":32342,"date":"2023-12-08T19:28:19","date_gmt":"2023-12-08T19:28:19","guid":{"rendered":"https:\/\/tintafresca.net\/?p=32342"},"modified":"2023-12-08T19:35:54","modified_gmt":"2023-12-08T19:35:54","slug":"camara-municipal-de-ourem-aprovou-orcamento-de-663-milhoes-de-euros-para-2024","status":"publish","type":"post","link":"https:\/\/tintafresca.net\/index.php\/2023\/12\/08\/camara-municipal-de-ourem-aprovou-orcamento-de-663-milhoes-de-euros-para-2024\/","title":{"rendered":"C\u00e2mara Municipal de Our\u00e9m aprovou or\u00e7amento de 66,3 milh\u00f5es de euros para 2024"},"content":{"rendered":"<div id=\"attachment_32345\" style=\"width: 510px\" class=\"wp-caption alignleft\"><img loading=\"lazy\" decoding=\"async\" aria-describedby=\"caption-attachment-32345\" class=\"wp-image-32345 size-full\" src=\"https:\/\/tintafresca.net\/wp-content\/uploads\/2023\/12\/Ourem_Reuniao10.jpg\" alt=\"\" width=\"500\" height=\"333\" srcset=\"https:\/\/tintafresca.net\/wp-content\/uploads\/2023\/12\/Ourem_Reuniao10.jpg 500w, https:\/\/tintafresca.net\/wp-content\/uploads\/2023\/12\/Ourem_Reuniao10-300x200.jpg 300w\" sizes=\"auto, (max-width: 500px) 100vw, 500px\" \/><p id=\"caption-attachment-32345\" class=\"wp-caption-text\">Reuni\u00e3o da C\u00e2mara Municipal de Our\u00e9m<\/p><\/div>\n<p>A C\u00e2mara Municipal de Our\u00e9m aprovou na reuni\u00e3o de 4 de dezembro o Or\u00e7amento para 2024 e as Grandes Op\u00e7\u00f5es do Plano para o quinqu\u00e9nio 2024\/2028.<\/p>\n<p>Nas palavras do presidente Lu\u00eds Miguel Albuquerque, o or\u00e7amento de 66,3 milh\u00f5es de euros \u201c\u00e9 o maior or\u00e7amento de sempre\u201d e representa um incremento de sensivelmente 10 milh\u00f5es de euros face ao valor aprovado para o ano em curso. Apesar da incerteza que marca o futuro e a instabilidade social e pol\u00edtica, tanto a n\u00edvel nacional como internacional, a C\u00e2mara Municipal prev\u00ea realizar investimentos na ordem dos 29,5 milh\u00f5es de euros.<\/p>\n<p>Os Documentos Previsionais 2024\/2028 foram aprovados por maioria, com a absten\u00e7\u00e3o da Vereadora C\u00edlia Seixo (eleita pelo Partido Socialista), e ser\u00e3o agora sujeitos \u00e0 aprecia\u00e7\u00e3o da pr\u00f3xima Assembleia Municipal de Our\u00e9m.<\/p>\n<p>Na apresenta\u00e7\u00e3o dos Documentos Previsionais, o Presidente da C\u00e2mara real\u00e7ou que este \u00e9 um \u201cor\u00e7amento ambicioso que pretende responder a necessidades e realizar interven\u00e7\u00f5es identificadas h\u00e1 muito tempo\u201d. Lu\u00eds Miguel Albuquerque refor\u00e7ou ainda que com esta proposta o Executivo Municipal \u201cabdica de 4 milh\u00f5es de euros em receita de IMI e Derrama\u201d pela n\u00e3o aplica\u00e7\u00e3o da taxa m\u00e1xima aos mun\u00edcipes, e real\u00e7a a capacidade de endividamento atual da autarquia, que se cifra na ordem dos 46 milh\u00f5es de euros.<\/p>\n<p>Relativamente \u00e0s Grandes Op\u00e7\u00f5es do Plano, os objetivos com maior impacto or\u00e7amental s\u00e3o Habita\u00e7\u00e3o e Urbanismo, Comunica\u00e7\u00f5es e Transportes e Educa\u00e7\u00e3o, embora as restantes rubricas contemplem tamb\u00e9m projetos estruturantes para o futuro do concelho.<\/p>\n<p><strong>Habita\u00e7\u00e3o e Urbanismo \u2013 14,6 milh\u00f5es de euros<\/strong><\/p>\n<p>\u2013 Programa de constru\u00e7\u00e3o de habita\u00e7\u00e3o a custos controlados para arrendamento a custos acess\u00edveis em Our\u00e9m e F\u00e1tima;<br \/>\n\u2013 Substitui\u00e7\u00e3o da ilumina\u00e7\u00e3o p\u00fablica por led\u2019s;<br \/>\n\u2013 Conclus\u00e3o da requalifica\u00e7\u00e3o entre a rotunda dos \u00c1lamos e a Rotunda das Freguesias (Avenida D. Nuno \u00c1lvares Pereira);<br \/>\n\u2013 In\u00edcio da requalifica\u00e7\u00e3o da Avenida Papa Jo\u00e3o XXIII e tro\u00e7o de liga\u00e7\u00e3o \u00e0 futura variante de Moimento (F\u00e1tima);<br \/>\n\u2013 In\u00edcio da requalifica\u00e7\u00e3o da Avenida Irm\u00e3 L\u00facia de Jesus (no tro\u00e7o entre Rotunda Sul e Limite Urbano (F\u00e1tima);<br \/>\n\u2013 Requalifica\u00e7\u00e3o urbana da Estrada Nacional 113 em dire\u00e7\u00e3o a Tomar;<br \/>\n\u2013 In\u00edcio do procedimento de cria\u00e7\u00e3o do eixo vertical pedonal estruturante da Vila Medieval de Our\u00e9m;<br \/>\n\u2013 In\u00edcio da requalifica\u00e7\u00e3o da Rua da Castela, em Our\u00e9m<\/p>\n<p><strong>Comunica\u00e7\u00f5es e Transportes \u2013 7,8 milh\u00f5es de euros<\/strong><\/p>\n<p>\u2013 Conclus\u00e3o da 1\u00ba fase de requalifica\u00e7\u00e3o da Estrada de Minde e lan\u00e7amento da 2\u00ba fase;<br \/>\n\u2013 Requalifica\u00e7\u00e3o EN 356 em Rio de Couros que contempla a interven\u00e7\u00e3o na Casa dos Cantoneiros e o alargamento da ponte;<br \/>\n\u2013 Beneficia\u00e7\u00e3o de v\u00e1rias estradas municipais<\/p>\n<p><strong>Educa\u00e7\u00e3o \u2013 5,4 milh\u00f5es de euros<\/strong><\/p>\n<p>\u2013 Requalifica\u00e7\u00e3o da Antiga Escola das Lou\u00e7\u00e3s e reconvers\u00e3o em creche;<br \/>\n\u2013 Apoio \u00e0 natalidade;<br \/>\n\u2013 Programa de apoio \u00e0 educa\u00e7\u00e3o PEDIME;<br \/>\n\u2013 Refei\u00e7\u00f5es escolares e atividades extracurriculares<\/p>\n<p><strong>Cultura, Desporto e Tempos Livres \u2013 4,2 milh\u00f5es<\/strong><\/p>\n<p>\u2013 In\u00edcio da amplia\u00e7\u00e3o do Parque Desportivo de F\u00e1tima,<br \/>\n\u2013 In\u00edcio da requalifica\u00e7\u00e3o da Capela de S. Sebasti\u00e3o;<br \/>\n\u2013 Programa\u00e7\u00e3o do Teatro Municipal de Our\u00e9m;<br \/>\n\u2013 Apoio ao associativismo<\/p>\n<p><strong>Desenvolvimento econ\u00f3mico \u2013 2,7 milh\u00f5es de euros<\/strong><\/p>\n<p>\u2013 Valoriza\u00e7\u00e3o da Praia Fluvial do Agroal;<br \/>\n\u2013 Conclus\u00e3o da constru\u00e7\u00e3o da \u00c1rea de Acolhimento Empresarial de Freixianda<br \/>\n\u2013 Eventos: Feira Nova de Santa Iria, Feirour\u00e9m, Natal, etc.<\/p>\n<p><strong>Prote\u00e7\u00e3o Civil \u2013 2,6 milh\u00f5es de euros<\/strong><\/p>\n<p>\u2013 Apoios \u00e0s corpora\u00e7\u00f5es de bombeiros concelhias;<br \/>\n\u2013 Desobstru\u00e7\u00e3o das linhas de \u00e1gua e limpeza florestal<\/p>\n<p><strong>Instala\u00e7\u00f5es e servi\u00e7os municipais \u2013 1,7 milh\u00f5es de euros<\/strong><\/p>\n<p>\u2013 Constru\u00e7\u00e3o do edif\u00edcio multiusos em Caxarias;<br \/>\n\u2013 Requalifica\u00e7\u00e3o da Casa dos Magistrados<\/p>\n<p><strong>Freguesias \u2013 1,7 milh\u00f5es de euros<\/strong><\/p>\n<p>\u2013 Requalifica\u00e7\u00e3o de parques de lazer;<br \/>\n\u2013 Investimentos em casas mortu\u00e1rias e amplia\u00e7\u00f5es de cemit\u00e9rios.<\/p>\n<p><strong>Sa\u00fade \u2013 1,7 milh\u00f5es euros<\/strong><\/p>\n<p>\u2013 Investimentos no Centro de Sa\u00fade de Caxarias, F\u00e1tima e Our\u00e9m<br \/>\n\u2013 Projeto Bata Branca<\/p>\n<p><strong>A\u00e7\u00e3o Social \u2013 1,1 milh\u00f5es de euros<\/strong><\/p>\n<p>\u2013 Protocolos com IPSS concelhias no \u00e2mbito do programa PARES<br \/>\n\u2013 Programa de a\u00e7\u00e3o social do Munic\u00edpio de Our\u00e9m<\/p>\n<p><strong>Saneamento e Salubridade \u2013 1 milh\u00e3o de euros<\/strong><\/p>\n<p>\u2013 Limpeza urbana;<br \/>\n\u2013 Centro de Recolha Oficial de Animais de Our\u00e9m<\/p>\n<p><strong>Meio Ambiente \u2013 800 mil euros<\/strong><\/p>\n<p>\u2013 Manuten\u00e7\u00e3o de espa\u00e7os verdes;<br \/>\n\u2013 Constru\u00e7\u00e3o do Parque de Lazer de Espite;<br \/>\n\u2013 In\u00edcio do Parque da Cidade de F\u00e1tima;<br \/>\n\u2013 Constru\u00e7\u00e3o do caminho pedonal em Urqueira que far\u00e1 a liga\u00e7\u00e3o entre o Largo do Rossio e o Parque de Merendas de Amieira<\/p>\n<p><strong>Fonte: LC|GIC|CMO<\/strong><\/p>\n","protected":false},"excerpt":{"rendered":"<p>A C\u00e2mara Municipal de Our\u00e9m aprovou na reuni\u00e3o de 4 de dezembro o Or\u00e7amento para 2024 e as Grandes Op\u00e7\u00f5es do Plano para o quinqu\u00e9nio 2024\/2028. Nas palavras do presidente Lu\u00eds Miguel Albuquerque, o or\u00e7amento de 66,3 milh\u00f5es de euros \u201c\u00e9 o maior or\u00e7amento de sempre\u201d e representa um incremento de sensivelmente 10 milh\u00f5es de [&hellip;]<\/p>\n","protected":false},"author":2,"featured_media":32346,"comment_status":"open","ping_status":"open","sticky":false,"template":"","format":"standard","meta":{"footnotes":""},"categories":[7],"tags":[],"class_list":["post-32342","post","type-post","status-publish","format-standard","has-post-thumbnail","hentry","category-economia"],"_links":{"self":[{"href":"https:\/\/tintafresca.net\/index.php\/wp-json\/wp\/v2\/posts\/32342","targetHints":{"allow":["GET"]}}],"collection":[{"href":"https:\/\/tintafresca.net\/index.php\/wp-json\/wp\/v2\/posts"}],"about":[{"href":"https:\/\/tintafresca.net\/index.php\/wp-json\/wp\/v2\/types\/post"}],"author":[{"embeddable":true,"href":"https:\/\/tintafresca.net\/index.php\/wp-json\/wp\/v2\/users\/2"}],"replies":[{"embeddable":true,"href":"https:\/\/tintafresca.net\/index.php\/wp-json\/wp\/v2\/comments?post=32342"}],"version-history":[{"count":5,"href":"https:\/\/tintafresca.net\/index.php\/wp-json\/wp\/v2\/posts\/32342\/revisions"}],"predecessor-version":[{"id":32349,"href":"https:\/\/tintafresca.net\/index.php\/wp-json\/wp\/v2\/posts\/32342\/revisions\/32349"}],"wp:featuredmedia":[{"embeddable":true,"href":"https:\/\/tintafresca.net\/index.php\/wp-json\/wp\/v2\/media\/32346"}],"wp:attachment":[{"href":"https:\/\/tintafresca.net\/index.php\/wp-json\/wp\/v2\/media?parent=32342"}],"wp:term":[{"taxonomy":"category","embeddable":true,"href":"https:\/\/tintafresca.net\/index.php\/wp-json\/wp\/v2\/categories?post=32342"},{"taxonomy":"post_tag","embeddable":true,"href":"https:\/\/tintafresca.net\/index.php\/wp-json\/wp\/v2\/tags?post=32342"}],"curies":[{"name":"wp","href":"https:\/\/api.w.org\/{rel}","templated":true}]}}