{"id":32388,"date":"2023-12-11T00:03:15","date_gmt":"2023-12-11T00:03:15","guid":{"rendered":"https:\/\/tintafresca.net\/?p=32388"},"modified":"2023-12-11T19:43:45","modified_gmt":"2023-12-11T19:43:45","slug":"vereadores-do-ps-acusam-camara-de-rio-maior-de-desperdicar-43-milhoes-de-euros-em-obras-paradas","status":"publish","type":"post","link":"https:\/\/tintafresca.net\/index.php\/2023\/12\/11\/vereadores-do-ps-acusam-camara-de-rio-maior-de-desperdicar-43-milhoes-de-euros-em-obras-paradas\/","title":{"rendered":"Vereadores do PS acusam C\u00e2mara de Rio Maior de perder 4,3 milh\u00f5es de euros em obras paradas"},"content":{"rendered":"<div id=\"attachment_32391\" style=\"width: 510px\" class=\"wp-caption alignleft\"><img loading=\"lazy\" decoding=\"async\" aria-describedby=\"caption-attachment-32391\" class=\"wp-image-32391\" src=\"https:\/\/tintafresca.net\/wp-content\/uploads\/2023\/12\/RM_Miguel_Paulo_Susana_Gaspar.jpg\" alt=\"\" width=\"500\" height=\"375\" srcset=\"https:\/\/tintafresca.net\/wp-content\/uploads\/2023\/12\/RM_Miguel_Paulo_Susana_Gaspar.jpg 640w, https:\/\/tintafresca.net\/wp-content\/uploads\/2023\/12\/RM_Miguel_Paulo_Susana_Gaspar-300x225.jpg 300w\" sizes=\"auto, (max-width: 500px) 100vw, 500px\" \/><p id=\"caption-attachment-32391\" class=\"wp-caption-text\">Miguel Paulo e Susana Gaspar<\/p><\/div>\n<p>No dia 30 de novembro, os vereadores do PS de Rio Maior votaram contra, e com votos de vencidos, a proposta de Ratifica\u00e7\u00e3o do Despacho n\u00ba 84\/2023, de 27 de novembro, do presidente da C\u00e2mara de Rio Maior, que resolve o Contrato de Empreitada da Requalifica\u00e7\u00e3o da Moagem Maria Celeste. Desde 2021, os vereadores socialistas t\u00eam vindo a alertar para os sistem\u00e1ticos atrasos e falhas desta obra, e de outra similar, a Casa Poeta Ruy Belo, em S\u00e3o Jo\u00e3o da Ribeira.<\/p>\n<p>\u201cSugerimos acautelar a resolu\u00e7\u00e3o dos Contratos, por incumprimento, mais cedo, e foi desvalorizada a nossa opini\u00e3o (e at\u00e9 ridicularizada). Pedimos documentos sobre o andamento das obras, que nunca chegaram, e somos agora confrontados, uma vez mais, com uma resolu\u00e7\u00e3o de Contrato, por Despacho\u201d, relatam Miguel Paulo e Susana Gaspar.<\/p>\n<p>S\u00f3 na Moagem Maria Celeste, o Munic\u00edpio perder\u00e1 cerca de 2 milh\u00f5es de euros deste Quadro Comunit\u00e1rio de Apoio (2020) e ir\u00e1 comprometer outro tanto para o pr\u00f3ximo Quadro 2030, alertam.<\/p>\n<div id=\"attachment_32392\" style=\"width: 510px\" class=\"wp-caption alignleft\"><img loading=\"lazy\" decoding=\"async\" aria-describedby=\"caption-attachment-32392\" class=\"wp-image-32392\" src=\"https:\/\/tintafresca.net\/wp-content\/uploads\/2023\/12\/RM_Moagem_Maria_Celeste.jpg\" alt=\"\" width=\"500\" height=\"375\" srcset=\"https:\/\/tintafresca.net\/wp-content\/uploads\/2023\/12\/RM_Moagem_Maria_Celeste.jpg 640w, https:\/\/tintafresca.net\/wp-content\/uploads\/2023\/12\/RM_Moagem_Maria_Celeste-300x225.jpg 300w\" sizes=\"auto, (max-width: 500px) 100vw, 500px\" \/><p id=\"caption-attachment-32392\" class=\"wp-caption-text\">Moagem Maria Celeste<\/p><\/div>\n<p>\u201cCom a soma das perdas na empreitada da Casa Ruy Belo, que teve o mesmo Empreiteiro e seguiu a \u201cmesma sorte\u201d, o Munic\u00edpio, entre perdas e comprometimento de Fundos, relan\u00e7amento de empreitadas e adapta\u00e7\u00e3o de projetos, agravamento de pre\u00e7os, perder\u00e1 cerca de 4,3 milh\u00f5es de euros\u201d, referem os vereadores do PS, que classificam estes desenvolvimentos como \u201cm\u00e1 gest\u00e3o, facilitismo e falta de planeamento.\u201d<\/p>\n<p>\u201cNa obra da Casa Ruy Belo, o empreiteiro foi eximido de toda e qualquer responsabilidade presente e futura pelo Despacho do presidente da C\u00e2mara, o qual ainda hoje n\u00e3o percebemos o alcance. Ainda com esta situa\u00e7\u00e3o por esclarecer, temos agora em rela\u00e7\u00e3o \u00e0 obra da Moagem e novamente por Despacho, a Resolu\u00e7\u00e3o de mais um Contrato\u201d, lamentam.<\/p>\n<p>Miguel Paulo e Susana Gaspar asseguram, por isso, que n\u00e3o deixar\u00e3o que aqui suceda o mesmo. \u201cPerder 4,3 milh\u00f5es de euros assim \u00e9 ruinoso para o Munic\u00edpio\u201d, concluem.<\/p>\n","protected":false},"excerpt":{"rendered":"<p>No dia 30 de novembro, os vereadores do PS de Rio Maior votaram contra, e com votos de vencidos, a proposta de Ratifica\u00e7\u00e3o do Despacho n\u00ba 84\/2023, de 27 de novembro, do presidente da C\u00e2mara de Rio Maior, que resolve o Contrato de Empreitada da Requalifica\u00e7\u00e3o da Moagem Maria Celeste. Desde 2021, os vereadores socialistas [&hellip;]<\/p>\n","protected":false},"author":2,"featured_media":32396,"comment_status":"open","ping_status":"open","sticky":false,"template":"","format":"standard","meta":{"footnotes":""},"categories":[7],"tags":[],"class_list":["post-32388","post","type-post","status-publish","format-standard","has-post-thumbnail","hentry","category-economia"],"_links":{"self":[{"href":"https:\/\/tintafresca.net\/index.php\/wp-json\/wp\/v2\/posts\/32388","targetHints":{"allow":["GET"]}}],"collection":[{"href":"https:\/\/tintafresca.net\/index.php\/wp-json\/wp\/v2\/posts"}],"about":[{"href":"https:\/\/tintafresca.net\/index.php\/wp-json\/wp\/v2\/types\/post"}],"author":[{"embeddable":true,"href":"https:\/\/tintafresca.net\/index.php\/wp-json\/wp\/v2\/users\/2"}],"replies":[{"embeddable":true,"href":"https:\/\/tintafresca.net\/index.php\/wp-json\/wp\/v2\/comments?post=32388"}],"version-history":[{"count":4,"href":"https:\/\/tintafresca.net\/index.php\/wp-json\/wp\/v2\/posts\/32388\/revisions"}],"predecessor-version":[{"id":32398,"href":"https:\/\/tintafresca.net\/index.php\/wp-json\/wp\/v2\/posts\/32388\/revisions\/32398"}],"wp:featuredmedia":[{"embeddable":true,"href":"https:\/\/tintafresca.net\/index.php\/wp-json\/wp\/v2\/media\/32396"}],"wp:attachment":[{"href":"https:\/\/tintafresca.net\/index.php\/wp-json\/wp\/v2\/media?parent=32388"}],"wp:term":[{"taxonomy":"category","embeddable":true,"href":"https:\/\/tintafresca.net\/index.php\/wp-json\/wp\/v2\/categories?post=32388"},{"taxonomy":"post_tag","embeddable":true,"href":"https:\/\/tintafresca.net\/index.php\/wp-json\/wp\/v2\/tags?post=32388"}],"curies":[{"name":"wp","href":"https:\/\/api.w.org\/{rel}","templated":true}]}}