{"id":32445,"date":"2023-12-13T12:15:17","date_gmt":"2023-12-13T12:15:17","guid":{"rendered":"https:\/\/tintafresca.net\/?p=32445"},"modified":"2023-12-14T11:24:36","modified_gmt":"2023-12-14T11:24:36","slug":"campus-da-faculdade-de-medicina-da-universidade-lisboa-sera-instalado-em-torres-vedras","status":"publish","type":"post","link":"https:\/\/tintafresca.net\/index.php\/2023\/12\/13\/campus-da-faculdade-de-medicina-da-universidade-lisboa-sera-instalado-em-torres-vedras\/","title":{"rendered":"Faculdade de Medicina da Universidade Lisboa instala novo campus em Torres Vedras"},"content":{"rendered":"<div id=\"attachment_32447\" style=\"width: 510px\" class=\"wp-caption alignleft\"><img loading=\"lazy\" decoding=\"async\" aria-describedby=\"caption-attachment-32447\" class=\"wp-image-32447\" src=\"https:\/\/tintafresca.net\/wp-content\/uploads\/2023\/12\/TV_campus_medicina.jpeg\" alt=\"\" width=\"500\" height=\"333\" srcset=\"https:\/\/tintafresca.net\/wp-content\/uploads\/2023\/12\/TV_campus_medicina.jpeg 720w, https:\/\/tintafresca.net\/wp-content\/uploads\/2023\/12\/TV_campus_medicina-300x200.jpeg 300w\" sizes=\"auto, (max-width: 500px) 100vw, 500px\" \/><p id=\"caption-attachment-32447\" class=\"wp-caption-text\">Projeto ir\u00e1 transformar aquele antigo hospital, encerrado desde 2015, num Centro Cl\u00ednico, Acad\u00e9mico e de Investiga\u00e7\u00e3o<\/p><\/div>\n<p>O futuro Medicina ULisboa &#8211; Campus de Torres Vedras foi apresentado no dia 8 de dezembro. Este projeto da C\u00e2mara Municipal de Torres Vedras e da Faculdade de Medicina da Universidade de Lisboa ser\u00e1 implementado no antigo Hospital Dr. Jos\u00e9 Maria Antunes J\u00fanior, no Barro.<\/p>\n<p>O projeto ir\u00e1 transformar aquele antigo hospital, encerrado desde 2015 e que se encontra em processo de revitaliza\u00e7\u00e3o, num Centro Cl\u00ednico, Acad\u00e9mico e de Investiga\u00e7\u00e3o nas \u00e1reas dos cuidados de sa\u00fade prim\u00e1rios, cuidados interdisciplinares em doen\u00e7as cr\u00f3nicas e medicina humanit\u00e1ria e de cat\u00e1strofe, esta \u00faltima em parceria com Harvard Medical School.<\/p>\n<p>No feriado de 8 de dezembro, o edif\u00edcio esteve de portas abertas \u00e0 comunidade com um programa que incluiu visitas guiadas ao espa\u00e7o, uma caminhada, jogos tradicionais e de xadrez, uma Feira de Ci\u00eancia e Sa\u00fade e culminou na apresenta\u00e7\u00e3o do futuro Medicina ULisboa &#8211; Campus de Torres Vedras.<\/p>\n<p>Laura Rodrigues, presidente da C\u00e2mara Municipal de Torres Vedras, afirmou que &#8220;a colabora\u00e7\u00e3o com a Faculdade de Medicina da Universidade de Lisboa neste projeto pioneiro \u00e9 uma aposta na sa\u00fade e investiga\u00e7\u00e3o cient\u00edfica a n\u00edvel nacional, mas tamb\u00e9m um importante investimento para Torres Vedras, que vai saber acolher estes profissionais de sa\u00fade e equipas multidisciplinares&#8221;. A autarca destacou, ainda, que Torres Vedras &#8220;\u00e9 um territ\u00f3rio f\u00e9rtil quando pensamos em agricultura e em atra\u00e7\u00e3o de pessoas e ser\u00e1 f\u00e9rtil em ideias inovadoras com um espa\u00e7o como este&#8221;.<\/p>\n<p>J\u00e1 o diretor da Faculdade de Medicina da Universidade de Lisboa, Jo\u00e3o Eurico da Fonseca, referiu que &#8220;o Medicina ULisboa &#8211; Campus de Torres Vedras vai oferecer \u00e0 popula\u00e7\u00e3o local um servi\u00e7o de cuidados de sa\u00fade na comunidade com enfoque em tr\u00eas \u00e1reas essenciais do ponto de vista cl\u00ednico e cient\u00edfico: neuroci\u00eancias, cardiologia e patologia musculoesquel\u00e9tica. Al\u00e9m disso, estar\u00e1 dotado de uma unidade de investiga\u00e7\u00e3o cl\u00ednica, uma unidade de investiga\u00e7\u00e3o em tecnologias da sa\u00fade, com destaque para a intelig\u00eancia artificial, um centro de forma\u00e7\u00e3o acad\u00e9mico e um centro vocacionado para a medicina humanit\u00e1ria e de cat\u00e1strofe, que \u00e9 uma nova \u00e1rea na qual a Faculdade est\u00e1 a apostar&#8221;.<\/p>\n<p>O coordenador do projeto por parte da Faculdade de Medicina da Universidade de Lisboa, Joaquim Ferreira, explicou que este campus ir\u00e1 combinar um espa\u00e7o multidisciplinar dedicado ao ensino, presta\u00e7\u00e3o de cuidados de sa\u00fade de qualidade e investiga\u00e7\u00e3o, num conceito de One Health (Uma Sa\u00fade). Para tal, vai contar com uma Unidade de Sa\u00fade Familiar Acad\u00e9mica, uma Unidade de Cuidados Interdisciplinares em doen\u00e7as cr\u00f3nicas (com capacidade de internamento), um Centro de Investiga\u00e7\u00e3o Cl\u00ednica, um Centro de Investiga\u00e7\u00e3o em Tecnologias da Sa\u00fade, um Centro Acad\u00e9mico com forma\u00e7\u00e3o pr\u00e9 e p\u00f3s-graduada e alojamento universit\u00e1rio.<\/p>\n<p>Este campus, que vai, no imediato, conseguir dar assist\u00eancia a mais de 9 mil utentes que n\u00e3o t\u00eam m\u00e9dico de medicina geral e familiar, resulta de uma parceria consolidada atrav\u00e9s do Memorando de Entendimento assinado em 28 de junho de 2019, entre o Munic\u00edpio de Torres Vedras e a Faculdade de Medicina. Prev\u00ea-se que o projeto esteja totalmente conclu\u00eddo em cinco anos, sendo que a primeira fase dever\u00e1 estar em funcionamento ainda em 2024. Com uma \u00e1rea de constru\u00e7\u00e3o de 13.435 m2 e 25.926 m2 de \u00e1rea de terreno, este campus empregar\u00e1 cerca de 400 pessoas entre profissionais de sa\u00fade e prestadores de servi\u00e7os.<\/p>\n<p>O Medicina ULisboa &#8211; Campus de Sa\u00fade de Torres Vedras conta com os apoios institucionais da Universidade de Lisboa, do Minist\u00e9rio da Coes\u00e3o Territorial, do Minist\u00e9rio da Ci\u00eancia, Tecnologia e Ensino Superior e do Minist\u00e9rio da Sa\u00fade, e tem como parceiros o Instituto Superior T\u00e9cnico para as \u00e1reas de engenharia biom\u00e9dica e rob\u00f3tica, a Faculdade de Ci\u00eancias para as \u00e1reas de engenharia inform\u00e1tica, intera\u00e7\u00e3o doente\/tecnologia, e outras faculdades da Universidade de Lisboa como a de Medicina Veterin\u00e1ria, Agronomia e o Instituto Superior de Economia e Gest\u00e3o (ISEG), as Unidades de Sa\u00fade Familiar de Torres Vedras e mecenas privados.<\/p>\n<p><strong>Fonte: ACM|CMTV<\/strong><\/p>\n","protected":false},"excerpt":{"rendered":"<p>O futuro Medicina ULisboa &#8211; Campus de Torres Vedras foi apresentado no dia 8 de dezembro. Este projeto da C\u00e2mara Municipal de Torres Vedras e da Faculdade de Medicina da Universidade de Lisboa ser\u00e1 implementado no antigo Hospital Dr. Jos\u00e9 Maria Antunes J\u00fanior, no Barro. O projeto ir\u00e1 transformar aquele antigo hospital, encerrado desde 2015 [&hellip;]<\/p>\n","protected":false},"author":2,"featured_media":32448,"comment_status":"open","ping_status":"open","sticky":false,"template":"","format":"standard","meta":{"footnotes":""},"categories":[6],"tags":[],"class_list":["post-32445","post","type-post","status-publish","format-standard","has-post-thumbnail","hentry","category-saude"],"_links":{"self":[{"href":"https:\/\/tintafresca.net\/index.php\/wp-json\/wp\/v2\/posts\/32445","targetHints":{"allow":["GET"]}}],"collection":[{"href":"https:\/\/tintafresca.net\/index.php\/wp-json\/wp\/v2\/posts"}],"about":[{"href":"https:\/\/tintafresca.net\/index.php\/wp-json\/wp\/v2\/types\/post"}],"author":[{"embeddable":true,"href":"https:\/\/tintafresca.net\/index.php\/wp-json\/wp\/v2\/users\/2"}],"replies":[{"embeddable":true,"href":"https:\/\/tintafresca.net\/index.php\/wp-json\/wp\/v2\/comments?post=32445"}],"version-history":[{"count":6,"href":"https:\/\/tintafresca.net\/index.php\/wp-json\/wp\/v2\/posts\/32445\/revisions"}],"predecessor-version":[{"id":32476,"href":"https:\/\/tintafresca.net\/index.php\/wp-json\/wp\/v2\/posts\/32445\/revisions\/32476"}],"wp:featuredmedia":[{"embeddable":true,"href":"https:\/\/tintafresca.net\/index.php\/wp-json\/wp\/v2\/media\/32448"}],"wp:attachment":[{"href":"https:\/\/tintafresca.net\/index.php\/wp-json\/wp\/v2\/media?parent=32445"}],"wp:term":[{"taxonomy":"category","embeddable":true,"href":"https:\/\/tintafresca.net\/index.php\/wp-json\/wp\/v2\/categories?post=32445"},{"taxonomy":"post_tag","embeddable":true,"href":"https:\/\/tintafresca.net\/index.php\/wp-json\/wp\/v2\/tags?post=32445"}],"curies":[{"name":"wp","href":"https:\/\/api.w.org\/{rel}","templated":true}]}}