{"id":32470,"date":"2023-12-14T11:08:01","date_gmt":"2023-12-14T11:08:01","guid":{"rendered":"https:\/\/tintafresca.net\/?p=32470"},"modified":"2023-12-15T12:22:09","modified_gmt":"2023-12-15T12:22:09","slug":"presidente-do-municipio-do-bombarral-marcou-presenca-na-cop28-das-nacoes-unidas","status":"publish","type":"post","link":"https:\/\/tintafresca.net\/index.php\/2023\/12\/14\/presidente-do-municipio-do-bombarral-marcou-presenca-na-cop28-das-nacoes-unidas\/","title":{"rendered":"Presidente do Munic\u00edpio do Bombarral marcou presen\u00e7a na COP28 das Na\u00e7\u00f5es Unidas"},"content":{"rendered":"<div id=\"attachment_32472\" style=\"width: 510px\" class=\"wp-caption alignleft\"><img loading=\"lazy\" decoding=\"async\" aria-describedby=\"caption-attachment-32472\" class=\"wp-image-32472\" src=\"https:\/\/tintafresca.net\/wp-content\/uploads\/2023\/12\/Bombarral_COP28.jpg\" alt=\"\" width=\"500\" height=\"500\" srcset=\"https:\/\/tintafresca.net\/wp-content\/uploads\/2023\/12\/Bombarral_COP28.jpg 652w, https:\/\/tintafresca.net\/wp-content\/uploads\/2023\/12\/Bombarral_COP28-300x300.jpg 300w, https:\/\/tintafresca.net\/wp-content\/uploads\/2023\/12\/Bombarral_COP28-150x150.jpg 150w\" sizes=\"auto, (max-width: 500px) 100vw, 500px\" \/><p id=\"caption-attachment-32472\" class=\"wp-caption-text\">Ricardo Fernandes e Rog\u00e9rio Ivan<\/p><\/div>\n<p>O presidente da C\u00e2mara Municipal do Bombarral, Ricardo Fernandes, enquanto presidente da OesteSustent\u00e1vel \u2013 Ag\u00eancia Regional de Energia e Ambiente, participou na COP28, Confer\u00eancia para as Altera\u00e7\u00f5es Clim\u00e1ticas das Na\u00e7\u00f5es Unidas, que decorreu no Dubai. No evento participou tamb\u00e9m o diretor da OesteSustent\u00e1vel, Rog\u00e9rio Ivan, na qualidade de Embaixador do Pacto Europeu do Clima.<\/p>\n<p>O papel dos munic\u00edpios na \u00e1rea da sustentabilidade, as quest\u00f5es da mobilidade sustent\u00e1vel e a sua import\u00e2ncia na descarboniza\u00e7\u00e3o foram os temas focados pelo edil bombarralense na sua interven\u00e7\u00e3o.<\/p>\n<p>A OesteSustent\u00e1vel foi convidada a participar na COP28 tendo por base o trabalho que tem sido desenvolvido nos \u00faltimos 13 anos ao n\u00edvel da sustentabilidade energ\u00e9tica. A COP28 contou com a participa\u00e7\u00e3o de especialistas de 224 pa\u00edses, onde foram debatidos os compromissos globais para a a\u00e7\u00e3o clim\u00e1tica.<\/p>\n<p><strong>\u00a0 \u00a0 \u00a0 \u00a0Fonte: RC|GAPOM|CMB<\/strong><\/p>\n","protected":false},"excerpt":{"rendered":"<p>O presidente da C\u00e2mara Municipal do Bombarral, Ricardo Fernandes, enquanto presidente da OesteSustent\u00e1vel \u2013 Ag\u00eancia Regional de Energia e Ambiente, participou na COP28, Confer\u00eancia para as Altera\u00e7\u00f5es Clim\u00e1ticas das Na\u00e7\u00f5es Unidas, que decorreu no Dubai. No evento participou tamb\u00e9m o diretor da OesteSustent\u00e1vel, Rog\u00e9rio Ivan, na qualidade de Embaixador do Pacto Europeu do Clima. O [&hellip;]<\/p>\n","protected":false},"author":2,"featured_media":32473,"comment_status":"open","ping_status":"open","sticky":false,"template":"","format":"standard","meta":{"footnotes":""},"categories":[9],"tags":[],"class_list":["post-32470","post","type-post","status-publish","format-standard","has-post-thumbnail","hentry","category-ambiente"],"_links":{"self":[{"href":"https:\/\/tintafresca.net\/index.php\/wp-json\/wp\/v2\/posts\/32470","targetHints":{"allow":["GET"]}}],"collection":[{"href":"https:\/\/tintafresca.net\/index.php\/wp-json\/wp\/v2\/posts"}],"about":[{"href":"https:\/\/tintafresca.net\/index.php\/wp-json\/wp\/v2\/types\/post"}],"author":[{"embeddable":true,"href":"https:\/\/tintafresca.net\/index.php\/wp-json\/wp\/v2\/users\/2"}],"replies":[{"embeddable":true,"href":"https:\/\/tintafresca.net\/index.php\/wp-json\/wp\/v2\/comments?post=32470"}],"version-history":[{"count":2,"href":"https:\/\/tintafresca.net\/index.php\/wp-json\/wp\/v2\/posts\/32470\/revisions"}],"predecessor-version":[{"id":32474,"href":"https:\/\/tintafresca.net\/index.php\/wp-json\/wp\/v2\/posts\/32470\/revisions\/32474"}],"wp:featuredmedia":[{"embeddable":true,"href":"https:\/\/tintafresca.net\/index.php\/wp-json\/wp\/v2\/media\/32473"}],"wp:attachment":[{"href":"https:\/\/tintafresca.net\/index.php\/wp-json\/wp\/v2\/media?parent=32470"}],"wp:term":[{"taxonomy":"category","embeddable":true,"href":"https:\/\/tintafresca.net\/index.php\/wp-json\/wp\/v2\/categories?post=32470"},{"taxonomy":"post_tag","embeddable":true,"href":"https:\/\/tintafresca.net\/index.php\/wp-json\/wp\/v2\/tags?post=32470"}],"curies":[{"name":"wp","href":"https:\/\/api.w.org\/{rel}","templated":true}]}}