{"id":325,"date":"2021-01-07T19:36:10","date_gmt":"2021-01-07T18:36:10","guid":{"rendered":"http:\/\/tintafresca.net\/?p=325"},"modified":"2021-01-07T20:44:53","modified_gmt":"2021-01-07T19:44:53","slug":"exercito-descontamina-instalacoes-da-associacao-para-o-desenvolvimento-de-cabeca-gorda","status":"publish","type":"post","link":"https:\/\/tintafresca.net\/index.php\/2021\/01\/07\/exercito-descontamina-instalacoes-da-associacao-para-o-desenvolvimento-de-cabeca-gorda\/","title":{"rendered":"Ex\u00e9rcito descontamina instala\u00e7\u00f5es da Associa\u00e7\u00e3o para o Desenvolvimento de Cabe\u00e7a Gorda"},"content":{"rendered":"<div id=\"attachment_326\" style=\"width: 310px\" class=\"wp-caption alignleft\"><img loading=\"lazy\" decoding=\"async\" aria-describedby=\"caption-attachment-326\" class=\"wp-image-326 size-full\" src=\"http:\/\/tintafresca.net\/wp-content\/uploads\/2021\/01\/Lourinha_AD_Cabeca_Gorda.jpg\" alt=\"\" width=\"300\" height=\"362\" \/><p id=\"caption-attachment-326\" class=\"wp-caption-text\">Associa\u00e7\u00e3o para o Desenvolvimento de Cabe\u00e7a Gorda<\/p><\/div>\n<p>Ap\u00f3s ter sido dado por encerrado o surto no Lar de Nossa Senhora da Piedade, nas instala\u00e7\u00f5es da Associa\u00e7\u00e3o para o Desenvolvimento de Cabe\u00e7a Gorda, no concelho da Lourinh\u00e3, pela Autoridade de Sa\u00fade Local, procedeu-se, em articula\u00e7\u00e3o com o CDOS de Lisboa, \u00e0 solicita\u00e7\u00e3o de ativa\u00e7\u00e3o da equipa do Ex\u00e9rcito Portugu\u00eas, especializada na Defesa Biol\u00f3gica, Qu\u00edmica e Radiol\u00f3gica, para descontamina\u00e7\u00e3o da ala COVID-19, ala esta que esteve afeta aos casos positivos da Institui\u00e7\u00e3o. A a\u00e7\u00e3o teve lugar esta quarta-feira \u00e0 tarde, dia 06 de janeiro e contou com 24 militares.<\/p>\n<p>&nbsp;<\/p>\n<p>Fonte: CL|GCI|CML<\/p>\n","protected":false},"excerpt":{"rendered":"<p>Ap\u00f3s ter sido dado por encerrado o surto no Lar de Nossa Senhora da Piedade, nas instala\u00e7\u00f5es da Associa\u00e7\u00e3o para o Desenvolvimento de Cabe\u00e7a Gorda, no concelho da Lourinh\u00e3, pela Autoridade de Sa\u00fade Local, procedeu-se, em articula\u00e7\u00e3o com o CDOS de Lisboa, \u00e0 solicita\u00e7\u00e3o de ativa\u00e7\u00e3o da equipa do Ex\u00e9rcito Portugu\u00eas, especializada na Defesa Biol\u00f3gica, [&hellip;]<\/p>\n","protected":false},"author":2,"featured_media":0,"comment_status":"open","ping_status":"open","sticky":false,"template":"","format":"standard","meta":{"footnotes":""},"categories":[6,11],"tags":[],"class_list":["post-325","post","type-post","status-publish","format-standard","hentry","category-saude","category-sociedade"],"_links":{"self":[{"href":"https:\/\/tintafresca.net\/index.php\/wp-json\/wp\/v2\/posts\/325","targetHints":{"allow":["GET"]}}],"collection":[{"href":"https:\/\/tintafresca.net\/index.php\/wp-json\/wp\/v2\/posts"}],"about":[{"href":"https:\/\/tintafresca.net\/index.php\/wp-json\/wp\/v2\/types\/post"}],"author":[{"embeddable":true,"href":"https:\/\/tintafresca.net\/index.php\/wp-json\/wp\/v2\/users\/2"}],"replies":[{"embeddable":true,"href":"https:\/\/tintafresca.net\/index.php\/wp-json\/wp\/v2\/comments?post=325"}],"version-history":[{"count":1,"href":"https:\/\/tintafresca.net\/index.php\/wp-json\/wp\/v2\/posts\/325\/revisions"}],"predecessor-version":[{"id":327,"href":"https:\/\/tintafresca.net\/index.php\/wp-json\/wp\/v2\/posts\/325\/revisions\/327"}],"wp:attachment":[{"href":"https:\/\/tintafresca.net\/index.php\/wp-json\/wp\/v2\/media?parent=325"}],"wp:term":[{"taxonomy":"category","embeddable":true,"href":"https:\/\/tintafresca.net\/index.php\/wp-json\/wp\/v2\/categories?post=325"},{"taxonomy":"post_tag","embeddable":true,"href":"https:\/\/tintafresca.net\/index.php\/wp-json\/wp\/v2\/tags?post=325"}],"curies":[{"name":"wp","href":"https:\/\/api.w.org\/{rel}","templated":true}]}}