{"id":32507,"date":"2023-12-15T22:38:50","date_gmt":"2023-12-15T22:38:50","guid":{"rendered":"https:\/\/tintafresca.net\/?p=32507"},"modified":"2023-12-15T22:45:25","modified_gmt":"2023-12-15T22:45:25","slug":"incendios-com-inicio-no-concelho-de-leiria-em-2023-resultaram-em-mais-de-mil-hectares-ardidos","status":"publish","type":"post","link":"https:\/\/tintafresca.net\/index.php\/2023\/12\/15\/incendios-com-inicio-no-concelho-de-leiria-em-2023-resultaram-em-mais-de-mil-hectares-ardidos\/","title":{"rendered":"Inc\u00eandios com in\u00edcio no concelho de Leiria em 2023 resultaram em mais de mil hectares ardidos"},"content":{"rendered":"<div id=\"attachment_18382\" style=\"width: 355px\" class=\"wp-caption alignleft\"><img loading=\"lazy\" decoding=\"async\" aria-describedby=\"caption-attachment-18382\" class=\"wp-image-18382 size-full\" src=\"https:\/\/tintafresca.net\/wp-content\/uploads\/2022\/07\/MG_incendios.png\" alt=\"\" width=\"345\" height=\"229\" srcset=\"https:\/\/tintafresca.net\/wp-content\/uploads\/2022\/07\/MG_incendios.png 345w, https:\/\/tintafresca.net\/wp-content\/uploads\/2022\/07\/MG_incendios-300x199.png 300w\" sizes=\"auto, (max-width: 345px) 100vw, 345px\" \/><p id=\"caption-attachment-18382\" class=\"wp-caption-text\">Causas intencionais e negligentes continuam a ser a principal origem das ocorr\u00eancias<\/p><\/div>\n<p>Os inc\u00eandios registados este ano consumiram uma \u00e1rea de 731 hectares no concelho de Leiria, revelou, esta ter\u00e7a-feira, dia 12 de dezembro, o vereador da Prote\u00e7\u00e3o Civil, Lu\u00eds Lopes, numa reuni\u00e3o da Comiss\u00e3o Municipal de Prote\u00e7\u00e3o Civil.<\/p>\n<p>Este n\u00famero diz respeito a apenas ao territ\u00f3rio ardido no Munic\u00edpio, j\u00e1 que de todas as ocorr\u00eancias com in\u00edcio no concelho de Leiria resultou um total de 1.055 hectares ardidos.<\/p>\n<p>Al\u00e9m disso, estes valores contabilizam os 13 inc\u00eandios que mais recursos envolveram e maior \u00e1rea ardida tiveram (de um total de 70), sendo que mais de metade destas ocorr\u00eancias foi registada na freguesia da Caranguejeira (sete).<\/p>\n<p>No encontro, Lu\u00eds Lopes destacou \u201ca capacidade de coordena\u00e7\u00e3o e disponibilidade de todos os agentes de prote\u00e7\u00e3o civil e entidades com dever de coopera\u00e7\u00e3o, que contribu\u00edram para minimizar as consequ\u00eancias dos inc\u00eandios rurais num ano em que a severidade meteorol\u00f3gica foi acima da m\u00e9dia do \u00faltimo dec\u00e9nio.\u201d<\/p>\n<p>As causas intencionais e negligentes continuam a ser a principal origem das ocorr\u00eancias, sendo de destacar os atos de vandalismo, as a\u00e7\u00f5es de incendiarismo intencional e fumar em meio rural, que levaram \u00e0 destrui\u00e7\u00e3o principalmente de eucaliptos e de pinheiros-bravos.<\/p>\n<p>Em compara\u00e7\u00e3o com o ano passado, 2023 registou quase o mesmo n\u00famero de ocorr\u00eancias, mas apenas pouco mais de um ter\u00e7o da \u00e1rea ardida.<\/p>\n<p>No encontro, foi ainda destacada a disponibilidade institucional e dos operacionais e o envolvimento das Unidades Locais de Prote\u00e7\u00e3o Civil, sendo necess\u00e1rio apostar mais em a\u00e7\u00f5es de informa\u00e7\u00e3o e de sensibiliza\u00e7\u00e3o \u00e0 popula\u00e7\u00e3o.<\/p>\n<p><strong>\u00a0 \u00a0 Fonte: DCRP|CML<\/strong><\/p>\n","protected":false},"excerpt":{"rendered":"<p>Os inc\u00eandios registados este ano consumiram uma \u00e1rea de 731 hectares no concelho de Leiria, revelou, esta ter\u00e7a-feira, dia 12 de dezembro, o vereador da Prote\u00e7\u00e3o Civil, Lu\u00eds Lopes, numa reuni\u00e3o da Comiss\u00e3o Municipal de Prote\u00e7\u00e3o Civil. Este n\u00famero diz respeito a apenas ao territ\u00f3rio ardido no Munic\u00edpio, j\u00e1 que de todas as ocorr\u00eancias com [&hellip;]<\/p>\n","protected":false},"author":2,"featured_media":18383,"comment_status":"open","ping_status":"open","sticky":false,"template":"","format":"standard","meta":{"footnotes":""},"categories":[9],"tags":[],"class_list":["post-32507","post","type-post","status-publish","format-standard","has-post-thumbnail","hentry","category-ambiente"],"_links":{"self":[{"href":"https:\/\/tintafresca.net\/index.php\/wp-json\/wp\/v2\/posts\/32507","targetHints":{"allow":["GET"]}}],"collection":[{"href":"https:\/\/tintafresca.net\/index.php\/wp-json\/wp\/v2\/posts"}],"about":[{"href":"https:\/\/tintafresca.net\/index.php\/wp-json\/wp\/v2\/types\/post"}],"author":[{"embeddable":true,"href":"https:\/\/tintafresca.net\/index.php\/wp-json\/wp\/v2\/users\/2"}],"replies":[{"embeddable":true,"href":"https:\/\/tintafresca.net\/index.php\/wp-json\/wp\/v2\/comments?post=32507"}],"version-history":[{"count":2,"href":"https:\/\/tintafresca.net\/index.php\/wp-json\/wp\/v2\/posts\/32507\/revisions"}],"predecessor-version":[{"id":32509,"href":"https:\/\/tintafresca.net\/index.php\/wp-json\/wp\/v2\/posts\/32507\/revisions\/32509"}],"wp:featuredmedia":[{"embeddable":true,"href":"https:\/\/tintafresca.net\/index.php\/wp-json\/wp\/v2\/media\/18383"}],"wp:attachment":[{"href":"https:\/\/tintafresca.net\/index.php\/wp-json\/wp\/v2\/media?parent=32507"}],"wp:term":[{"taxonomy":"category","embeddable":true,"href":"https:\/\/tintafresca.net\/index.php\/wp-json\/wp\/v2\/categories?post=32507"},{"taxonomy":"post_tag","embeddable":true,"href":"https:\/\/tintafresca.net\/index.php\/wp-json\/wp\/v2\/tags?post=32507"}],"curies":[{"name":"wp","href":"https:\/\/api.w.org\/{rel}","templated":true}]}}