{"id":32519,"date":"2023-12-16T22:03:34","date_gmt":"2023-12-16T22:03:34","guid":{"rendered":"https:\/\/tintafresca.net\/?p=32519"},"modified":"2023-12-16T22:06:58","modified_gmt":"2023-12-16T22:06:58","slug":"produtores-de-pera-rocha-reuniram-no-cadaval-para-formacao-e-balanco-da-campanha-de-2023","status":"publish","type":"post","link":"https:\/\/tintafresca.net\/index.php\/2023\/12\/16\/produtores-de-pera-rocha-reuniram-no-cadaval-para-formacao-e-balanco-da-campanha-de-2023\/","title":{"rendered":"Produtores de Pera Rocha reuniram no Cadaval para forma\u00e7\u00e3o e balan\u00e7o da campanha de 2023"},"content":{"rendered":"<div id=\"attachment_32521\" style=\"width: 510px\" class=\"wp-caption alignleft\"><img loading=\"lazy\" decoding=\"async\" aria-describedby=\"caption-attachment-32521\" class=\"wp-image-32521 size-full\" src=\"https:\/\/tintafresca.net\/wp-content\/uploads\/2023\/12\/Cadaval_pera_rocha10.jpg\" alt=\"\" width=\"500\" height=\"281\" srcset=\"https:\/\/tintafresca.net\/wp-content\/uploads\/2023\/12\/Cadaval_pera_rocha10.jpg 500w, https:\/\/tintafresca.net\/wp-content\/uploads\/2023\/12\/Cadaval_pera_rocha10-300x169.jpg 300w\" sizes=\"auto, (max-width: 500px) 100vw, 500px\" \/><p id=\"caption-attachment-32521\" class=\"wp-caption-text\">Reuni\u00e3o de produtores de Pera Rocha<\/p><\/div>\n<p>Na sexta-feira, dia 15 de dezembro, o Audit\u00f3rio dos Pa\u00e7os do Concelho do Cadaval recebeu cerca de uma centena de pessoas que debateram sobre diversos t\u00f3picos relacionados com a tem\u00e1tica da Pera Rocha. A sess\u00e3o contou com a organiza\u00e7\u00e3o do Centro Operativo e Tecnol\u00f3gico Hortofrut\u00edcola Nacional (COTHN) e da Associa\u00e7\u00e3o Nacional de Produtores de Pera Rocha (ANP).<\/p>\n<p>Para al\u00e9m do balan\u00e7o da Campanha da Pera Rocha de 2023, os presentes tamb\u00e9m tiveram oportunidade de aprofundar compet\u00eancias sobre as novas estrat\u00e9gias no controlo do Fogo Bacteriano, assim como conhecer novos m\u00e9todos de combate \u00e0 estenfiliose e ainda alguns trabalhos em curso no INIAV, I.P \u2013 Esta\u00e7\u00e3o Nacional de Fruticultura Vieira Natividade, relacionados com o melhoramento gen\u00e9tico da pereira &#8216;Rocha&#8217;.<\/p>\n<p><strong>\u00a0 \u00a0 Fonte: EC|GCRP|CMC<\/strong><\/p>\n","protected":false},"excerpt":{"rendered":"<p>Na sexta-feira, dia 15 de dezembro, o Audit\u00f3rio dos Pa\u00e7os do Concelho do Cadaval recebeu cerca de uma centena de pessoas que debateram sobre diversos t\u00f3picos relacionados com a tem\u00e1tica da Pera Rocha. A sess\u00e3o contou com a organiza\u00e7\u00e3o do Centro Operativo e Tecnol\u00f3gico Hortofrut\u00edcola Nacional (COTHN) e da Associa\u00e7\u00e3o Nacional de Produtores de Pera [&hellip;]<\/p>\n","protected":false},"author":2,"featured_media":32522,"comment_status":"open","ping_status":"open","sticky":false,"template":"","format":"standard","meta":{"footnotes":""},"categories":[7],"tags":[],"class_list":["post-32519","post","type-post","status-publish","format-standard","has-post-thumbnail","hentry","category-economia"],"_links":{"self":[{"href":"https:\/\/tintafresca.net\/index.php\/wp-json\/wp\/v2\/posts\/32519","targetHints":{"allow":["GET"]}}],"collection":[{"href":"https:\/\/tintafresca.net\/index.php\/wp-json\/wp\/v2\/posts"}],"about":[{"href":"https:\/\/tintafresca.net\/index.php\/wp-json\/wp\/v2\/types\/post"}],"author":[{"embeddable":true,"href":"https:\/\/tintafresca.net\/index.php\/wp-json\/wp\/v2\/users\/2"}],"replies":[{"embeddable":true,"href":"https:\/\/tintafresca.net\/index.php\/wp-json\/wp\/v2\/comments?post=32519"}],"version-history":[{"count":2,"href":"https:\/\/tintafresca.net\/index.php\/wp-json\/wp\/v2\/posts\/32519\/revisions"}],"predecessor-version":[{"id":32523,"href":"https:\/\/tintafresca.net\/index.php\/wp-json\/wp\/v2\/posts\/32519\/revisions\/32523"}],"wp:featuredmedia":[{"embeddable":true,"href":"https:\/\/tintafresca.net\/index.php\/wp-json\/wp\/v2\/media\/32522"}],"wp:attachment":[{"href":"https:\/\/tintafresca.net\/index.php\/wp-json\/wp\/v2\/media?parent=32519"}],"wp:term":[{"taxonomy":"category","embeddable":true,"href":"https:\/\/tintafresca.net\/index.php\/wp-json\/wp\/v2\/categories?post=32519"},{"taxonomy":"post_tag","embeddable":true,"href":"https:\/\/tintafresca.net\/index.php\/wp-json\/wp\/v2\/tags?post=32519"}],"curies":[{"name":"wp","href":"https:\/\/api.w.org\/{rel}","templated":true}]}}