{"id":32558,"date":"2023-12-18T19:45:58","date_gmt":"2023-12-18T19:45:58","guid":{"rendered":"https:\/\/tintafresca.net\/?p=32558"},"modified":"2023-12-18T19:52:50","modified_gmt":"2023-12-18T19:52:50","slug":"assembleia-municipal-do-bombarral-repudia-ausencia-de-resposta-da-ars-lvt-sobre-cuidados-de-saude-prestados-no-concelho","status":"publish","type":"post","link":"https:\/\/tintafresca.net\/index.php\/2023\/12\/18\/assembleia-municipal-do-bombarral-repudia-ausencia-de-resposta-da-ars-lvt-sobre-cuidados-de-saude-prestados-no-concelho\/","title":{"rendered":"Assembleia Municipal do Bombarral repudia aus\u00eancia de resposta da ARS LVT sobre cuidados de sa\u00fade no concelho"},"content":{"rendered":"<div id=\"attachment_14478\" style=\"width: 410px\" class=\"wp-caption alignleft\"><img loading=\"lazy\" decoding=\"async\" aria-describedby=\"caption-attachment-14478\" class=\"wp-image-14478\" src=\"https:\/\/tintafresca.net\/wp-content\/uploads\/2022\/03\/Bombarral_camara10.jpg\" alt=\"\" width=\"400\" height=\"533\" \/><p id=\"caption-attachment-14478\" class=\"wp-caption-text\">Pa\u00e7os do Concelho do Bombarral<\/p><\/div>\n<p>A Assembleia Municipal do Bombarral aprovou uma Mo\u00e7\u00e3o de Rep\u00fadio, no dia 15 de dezembro, pela aus\u00eancia de resposta por parte da ARS Lisboa e Vale do Tejo a quest\u00f5es colocadas pela sua Comiss\u00e3o Permanente.<\/p>\n<p>Na tentativa de contribuir para a melhoria dos cuidados de sa\u00fade prestados no concelho do Bombarral, a Comiss\u00e3o Permanente da Assembleia Municipal do Bombarral decidiu,\u00a0unanimemente, dedicar parte dos trabalhos desta Comiss\u00e3o \u00e0 tem\u00e1tica da sa\u00fade, nomeadamente em rela\u00e7\u00e3o aos cuidados prestados pela Unidade de Sa\u00fade Familiar local, recentemente classificada como Unidade de Cuidados de Sa\u00fade Personalizados.<\/p>\n<p>Tendo em considera\u00e7\u00e3o os deficit\u00e1rios cuidados de sa\u00fade prestados pela respetiva unidade de sa\u00fade, onde segundo dados atuais do Mist\u00e9rio da Sa\u00fade, 76,46% dos utentes n\u00e3o t\u00eam m\u00e9dico de fam\u00edlia, a Comiss\u00e3o Permanente decidiu enviar um of\u00edcio para a diretora desta unidade de sa\u00fade com um conjunto de quest\u00f5es relacionadas com o funcionamento da mesma, seguindo-se a seguinte cronologia dos acontecimentos:<\/p>\n<p>Na sequ\u00eancia da decis\u00e3o tomada em reuni\u00e3o da Comiss\u00e3o Permanente, no dia 7 de mar\u00e7o foi remetido of\u00edcio \u00e0 Unidade de Sa\u00fade Familiar do Bombarral, com prazo de resposta at\u00e9 17 de mar\u00e7o, a solicitar os seguintes elementos:<\/p>\n<ol>\n<li>a) N\u00famero de inscritos na USF do Bombarral;<\/li>\n<li>b) N\u00famero de utentes que em m\u00e9dia utilizam mensalmente a USF;<\/li>\n<li>c) N\u00famero de utentes sem m\u00e9dico de Fam\u00edlia;<\/li>\n<li>d) N\u00famero de m\u00e9dicos, enfermeiros e outros t\u00e9cnicos de sa\u00fade e assistentes administrativos em falta nos quadros em falta na USF;<\/li>\n<li>e) Percentagem de utentes que utilizam a USF somente para renovar a medica\u00e7\u00e3o;<\/li>\n<li>f) N\u00famero de m\u00e9dicos\/as, enfermeiros\/as, auxiliares e administrativos\/as, efetivos na USF de Bombarral;<\/li>\n<li>g) N\u00famero de m\u00e9dicos\/as em presta\u00e7\u00e3o de servi\u00e7o e em est\u00e1gio se essa situa\u00e7\u00e3o ainda se verificar;<\/li>\n<li>h) Indica\u00e7\u00e3o da regularidade com que s\u00e3o celebrados os contratos de presta\u00e7\u00e3o de servi\u00e7o;<\/li>\n<li>i) Crit\u00e9rios de prioridade para o atendimento de gestantes e beb\u00e9s;<\/li>\n<li>j) Crit\u00e9rios de prioridade para o atendimento de doentes cr\u00f3nicos;<\/li>\n<li>k) Indica\u00e7\u00e3o do tempo m\u00e9dio de entrega de receitu\u00e1rios, ou de envio via e-mail ou por SMS;<\/li>\n<li>l) N\u00famero de consultas de psicologia realizadas mensalmente pela psic\u00f3loga na USF;<\/li>\n<li>m) N\u00famero de utentes em lista de espera para consultas de psicologia;<\/li>\n<li>n) Informa\u00e7\u00e3o sobre o funcionamento do servi\u00e7o de fisioterapia da USF;<\/li>\n<li>o) N\u00famero de utentes que est\u00e3o a fazer fisioterapia na USF e qual o n\u00famero de utentes em lista de espera.<\/li>\n<\/ol>\n<p>Na aus\u00eancia de resposta ou qualquer informa\u00e7\u00e3o, foi a USF Bombarral contactada telefonicamente no dia 20 de mar\u00e7o, tendo a mesma informado que o of\u00edcio fora reencaminhado para o Agrupamento de Centros de Sa\u00fade Oeste Norte.<\/p>\n<p>Nesse mesmo dia foi remetido email ao diretor do ACES Oeste Norte, Dr. Jo\u00e3o Gomes, a solicitar previs\u00e3o de resposta. Ainda no dia 20 de mar\u00e7o, o Dr. Jo\u00e3o Gomes respondeu a dar conhecimento que o of\u00edcio fora encaminhado para parecer da Administra\u00e7\u00e3o Regional de Sa\u00fade de Lisboa e Vale do Tejo (ARSLVT), encontrando-se em an\u00e1lise.<\/p>\n<p>At\u00e9 \u00e0 presente data, a ARSLVT n\u00e3o respondeu \u00e0s quest\u00f5es colocadas pela Assembleia\u00a0Municipal, nem t\u00e3o pouco se dignou procurar justificar a aus\u00eancia de resposta, estando\u00a0ultrapassados todos os prazos razo\u00e1veis e admiss\u00edveis para que tal sucedesse, decorridos\u00a0que est\u00e3o nove meses sobre o pedido de informa\u00e7\u00e3o.<\/p>\n<p>Segundo a Assembleia Municipal do Bombarral, &#8220;esta atitude de manifesta recusa em prestar os esclarecimentos legitimamente solicitados, constitui um absoluto e injustific\u00e1vel desrespeito por um \u00f3rg\u00e3o democraticamente eleito e por todos os bombarralenses que esta Assembleia Municipal representa.&#8221;<\/p>\n","protected":false},"excerpt":{"rendered":"<p>A Assembleia Municipal do Bombarral aprovou uma Mo\u00e7\u00e3o de Rep\u00fadio, no dia 15 de dezembro, pela aus\u00eancia de resposta por parte da ARS Lisboa e Vale do Tejo a quest\u00f5es colocadas pela sua Comiss\u00e3o Permanente. Na tentativa de contribuir para a melhoria dos cuidados de sa\u00fade prestados no concelho do Bombarral, a Comiss\u00e3o Permanente da [&hellip;]<\/p>\n","protected":false},"author":2,"featured_media":28298,"comment_status":"open","ping_status":"open","sticky":false,"template":"","format":"standard","meta":{"footnotes":""},"categories":[6],"tags":[],"class_list":["post-32558","post","type-post","status-publish","format-standard","has-post-thumbnail","hentry","category-saude"],"_links":{"self":[{"href":"https:\/\/tintafresca.net\/index.php\/wp-json\/wp\/v2\/posts\/32558","targetHints":{"allow":["GET"]}}],"collection":[{"href":"https:\/\/tintafresca.net\/index.php\/wp-json\/wp\/v2\/posts"}],"about":[{"href":"https:\/\/tintafresca.net\/index.php\/wp-json\/wp\/v2\/types\/post"}],"author":[{"embeddable":true,"href":"https:\/\/tintafresca.net\/index.php\/wp-json\/wp\/v2\/users\/2"}],"replies":[{"embeddable":true,"href":"https:\/\/tintafresca.net\/index.php\/wp-json\/wp\/v2\/comments?post=32558"}],"version-history":[{"count":3,"href":"https:\/\/tintafresca.net\/index.php\/wp-json\/wp\/v2\/posts\/32558\/revisions"}],"predecessor-version":[{"id":32561,"href":"https:\/\/tintafresca.net\/index.php\/wp-json\/wp\/v2\/posts\/32558\/revisions\/32561"}],"wp:featuredmedia":[{"embeddable":true,"href":"https:\/\/tintafresca.net\/index.php\/wp-json\/wp\/v2\/media\/28298"}],"wp:attachment":[{"href":"https:\/\/tintafresca.net\/index.php\/wp-json\/wp\/v2\/media?parent=32558"}],"wp:term":[{"taxonomy":"category","embeddable":true,"href":"https:\/\/tintafresca.net\/index.php\/wp-json\/wp\/v2\/categories?post=32558"},{"taxonomy":"post_tag","embeddable":true,"href":"https:\/\/tintafresca.net\/index.php\/wp-json\/wp\/v2\/tags?post=32558"}],"curies":[{"name":"wp","href":"https:\/\/api.w.org\/{rel}","templated":true}]}}