{"id":32584,"date":"2023-12-20T00:09:28","date_gmt":"2023-12-20T00:09:28","guid":{"rendered":"https:\/\/tintafresca.net\/?p=32584"},"modified":"2023-12-20T00:15:20","modified_gmt":"2023-12-20T00:15:20","slug":"turismo-centro-de-portugal-aprova-estrategia-para-os-proximos-anos","status":"publish","type":"post","link":"https:\/\/tintafresca.net\/index.php\/2023\/12\/20\/turismo-centro-de-portugal-aprova-estrategia-para-os-proximos-anos\/","title":{"rendered":"Turismo Centro de Portugal aprova em Assembleia Geral Extraordin\u00e1ria estrat\u00e9gia para os pr\u00f3ximos anos"},"content":{"rendered":"<div id=\"attachment_32586\" style=\"width: 510px\" class=\"wp-caption alignleft\"><img loading=\"lazy\" decoding=\"async\" aria-describedby=\"caption-attachment-32586\" class=\"wp-image-32586 size-full\" src=\"https:\/\/tintafresca.net\/wp-content\/uploads\/2023\/12\/TCP_estrategia10.jpg\" alt=\"\" width=\"500\" height=\"375\" srcset=\"https:\/\/tintafresca.net\/wp-content\/uploads\/2023\/12\/TCP_estrategia10.jpg 500w, https:\/\/tintafresca.net\/wp-content\/uploads\/2023\/12\/TCP_estrategia10-300x225.jpg 300w\" sizes=\"auto, (max-width: 500px) 100vw, 500px\" \/><p id=\"caption-attachment-32586\" class=\"wp-caption-text\">Raul Almeida e Anabela Freitas<\/p><\/div>\n<p>A Turismo Centro de Portugal (TCP) consolidou a sua vis\u00e3o para os pr\u00f3ximos anos ao aprovar, por unanimidade, o Referencial Estrat\u00e9gico Centro Sustent\u00e1vel 2030, durante a Assembleia Geral Extraordin\u00e1ria realizada no Atrium Mira. Este documento projeta as diretrizes que nortear\u00e3o a atua\u00e7\u00e3o da entidade ao longo do pr\u00f3ximo ciclo de financiamento comunit\u00e1rio, que se estende at\u00e9 o final da d\u00e9cada.<\/p>\n<p>A assembleia, que contou com a participa\u00e7\u00e3o de diversas dezenas de membros, al\u00e9m de aprovar o Referencial Estrat\u00e9gico, ratificou unanimemente todos os restantes pontos da ordem de trabalhos, destacando-se os crit\u00e9rios de apoio a eventos tur\u00edsticos.<\/p>\n<p><strong>Referencial Estrat\u00e9gico: uma alian\u00e7a pela sustentabilidade<\/strong><\/p>\n<p>O Referencial Estrat\u00e9gico da TCP resultou de intensas reuni\u00f5es de trabalho mantidas com os v\u00e1rios parceiros da opera\u00e7\u00e3o tur\u00edstica no Centro de Portugal, nomeadamente a CCDRC &#8211; Comiss\u00e3o de Coordena\u00e7\u00e3o e Desenvolvimento Regional do Centro, a Ag\u00eancia Regional de Promo\u00e7\u00e3o Tur\u00edstica do Centro de Portugal, as diversas Comunidades Intermunicipais da regi\u00e3o e equipas t\u00e9cnicas dos PROVERE (Programas de Valoriza\u00e7\u00e3o Econ\u00f3mica dos Recursos End\u00f3genos) do territ\u00f3rio, entre outras entidades.<\/p>\n<p>As prioridades do documento, apresentadas na Assembleia Geral, incidem em quatro eixos essenciais. O primeiro eixo atua na estrutura\u00e7\u00e3o de produtos tur\u00edsticos sustent\u00e1veis, apoiados nos recursos-\u00e2ncora do territ\u00f3rio, e que considerem o envolvimento dos agentes p\u00fablicos e privados de base regional, intermunicipal e local.<\/p>\n<p>Neste eixo, s\u00e3o identificados v\u00e1rios n\u00edveis. Um deles consiste nos Produtos Tur\u00edsticos Regionais, os quais t\u00eam implementa\u00e7\u00e3o em toda a regi\u00e3o Centro de Portugal. S\u00e3o exemplos de Produtos Tur\u00edsticos Regionais: o Patrim\u00f3nio Mundial e Cidades Criativas; as Rotas Regionais de Gastronomia e Enoturismo; os Percursos Cycling e Walking; as Esta\u00e7\u00f5es N\u00e1uticas; os Caminhos da F\u00e9 e da Espiritualidade; o Centro de Portugal Film Commission; e os produtos Lifestyle Centro de Portugal e Destino Sustent\u00e1vel.<\/p>\n<p>Um segundo n\u00edvel tem como foco os Produtos Tur\u00edsticos Intermunicipais, que envolvam, pelo menos, tr\u00eas munic\u00edpios. O plano de a\u00e7\u00e3o prev\u00ea identificar e analisar os potenciais produtos tur\u00edsticos a desenvolver. Os produtos tur\u00edsticos que resultam da atua\u00e7\u00e3o dos PROVERE da regi\u00e3o \u2013 Rede das Aldeias Hist\u00f3ricas de Portugal, Rede das Aldeias do Xisto, Rede das Aldeias de Montanha, INature, Territ\u00f3rios Termais da Regi\u00e3o Centro \u2013 assim como as fileiras dos vinhos DOC e queijos DOP, est\u00e3o inclu\u00eddos neste n\u00edvel.<\/p>\n<p>O segundo eixo estrat\u00e9gico incide na promo\u00e7\u00e3o tur\u00edstica da regi\u00e3o, estando prevista a promo\u00e7\u00e3o integrada do destino Centro de Portugal, para refor\u00e7ar a sua notoriedade e posicionamento. O terceiro eixo diz respeito \u00e0 capacita\u00e7\u00e3o e inova\u00e7\u00e3o, ficando patente a preocupa\u00e7\u00e3o em qualificar e atrair talento para a atividade tur\u00edstica, suportada na capacita\u00e7\u00e3o t\u00e9cnica, atra\u00e7\u00e3o de talento e valoriza\u00e7\u00e3o dos recursos humanos. Por fim, o quarto eixo do Referencial Estrat\u00e9gico visa consolidar a monitoriza\u00e7\u00e3o e avalia\u00e7\u00e3o da atividade tur\u00edstica na regi\u00e3o, atrav\u00e9s do Observat\u00f3rio do Turismo Sustent\u00e1vel do Centro de Portugal.<\/p>\n<p>Raul Almeida, presidente da Turismo Centro de Portugal, destaca que &#8220;o Referencial Estrat\u00e9gico reflete o entendimento coletivo dos diversos intervenientes na atividade tur\u00edstica na regi\u00e3o, com base na valoriza\u00e7\u00e3o e qualifica\u00e7\u00e3o dos recursos dispon\u00edveis&#8221;. &#8220;Este documento essencial vai orientar a identifica\u00e7\u00e3o, estrutura\u00e7\u00e3o e promo\u00e7\u00e3o integrada dos principais produtos tur\u00edsticos no territ\u00f3rio, a n\u00edvel regional e local. A estrutura do Referencial Estrat\u00e9gico, que vem da Comiss\u00e3o Executiva anterior, foi submetida novamente \u00e0 Assembleia Geral ap\u00f3s termos mantido di\u00e1logos muito produtivos e \u00fateis com todos os envolvidos. \u00c9 com apre\u00e7o que verifico que todos os players regionais est\u00e3o sintonizados no objetivo comum de potenciar e projetar o desenvolvimento integrado e sustent\u00e1vel do setor tur\u00edstico no Centro de Portugal&#8221;, acrescenta Raul Almeida.<\/p>\n<p><strong>Sobre o Turismo Centro de Portugal<\/strong><\/p>\n<p>O Turismo Centro de Portugal \u00e9 a entidade que estrutura e promove o turismo na Regi\u00e3o Centro do pa\u00eds. Esta \u00e9 a maior e mais diversificada \u00e1rea tur\u00edstica nacional, abrangendo 100 munic\u00edpios, e tem registado um intenso crescimento da procura interna e externa. \u00c9 a regi\u00e3o a escolher para quem pretende experi\u00eancias diversificadas, pois concilia locais Patrim\u00f3nio da Humanidade com a melhor costa de surf da Europa, termas e spas id\u00edlicos, locais de culto de import\u00e2ncia mundial e as mais belas aldeias.<\/p>\n<p><strong>\u00a0 \u00a0 \u00a0Fonte: TCP e AdC<\/strong><\/p>\n","protected":false},"excerpt":{"rendered":"<p>A Turismo Centro de Portugal (TCP) consolidou a sua vis\u00e3o para os pr\u00f3ximos anos ao aprovar, por unanimidade, o Referencial Estrat\u00e9gico Centro Sustent\u00e1vel 2030, durante a Assembleia Geral Extraordin\u00e1ria realizada no Atrium Mira. Este documento projeta as diretrizes que nortear\u00e3o a atua\u00e7\u00e3o da entidade ao longo do pr\u00f3ximo ciclo de financiamento comunit\u00e1rio, que se estende [&hellip;]<\/p>\n","protected":false},"author":2,"featured_media":32587,"comment_status":"open","ping_status":"open","sticky":false,"template":"","format":"standard","meta":{"footnotes":""},"categories":[7],"tags":[],"class_list":["post-32584","post","type-post","status-publish","format-standard","has-post-thumbnail","hentry","category-economia"],"_links":{"self":[{"href":"https:\/\/tintafresca.net\/index.php\/wp-json\/wp\/v2\/posts\/32584","targetHints":{"allow":["GET"]}}],"collection":[{"href":"https:\/\/tintafresca.net\/index.php\/wp-json\/wp\/v2\/posts"}],"about":[{"href":"https:\/\/tintafresca.net\/index.php\/wp-json\/wp\/v2\/types\/post"}],"author":[{"embeddable":true,"href":"https:\/\/tintafresca.net\/index.php\/wp-json\/wp\/v2\/users\/2"}],"replies":[{"embeddable":true,"href":"https:\/\/tintafresca.net\/index.php\/wp-json\/wp\/v2\/comments?post=32584"}],"version-history":[{"count":4,"href":"https:\/\/tintafresca.net\/index.php\/wp-json\/wp\/v2\/posts\/32584\/revisions"}],"predecessor-version":[{"id":32590,"href":"https:\/\/tintafresca.net\/index.php\/wp-json\/wp\/v2\/posts\/32584\/revisions\/32590"}],"wp:featuredmedia":[{"embeddable":true,"href":"https:\/\/tintafresca.net\/index.php\/wp-json\/wp\/v2\/media\/32587"}],"wp:attachment":[{"href":"https:\/\/tintafresca.net\/index.php\/wp-json\/wp\/v2\/media?parent=32584"}],"wp:term":[{"taxonomy":"category","embeddable":true,"href":"https:\/\/tintafresca.net\/index.php\/wp-json\/wp\/v2\/categories?post=32584"},{"taxonomy":"post_tag","embeddable":true,"href":"https:\/\/tintafresca.net\/index.php\/wp-json\/wp\/v2\/tags?post=32584"}],"curies":[{"name":"wp","href":"https:\/\/api.w.org\/{rel}","templated":true}]}}