{"id":32657,"date":"2023-12-24T11:55:09","date_gmt":"2023-12-24T11:55:09","guid":{"rendered":"https:\/\/tintafresca.net\/?p=32657"},"modified":"2023-12-24T12:07:49","modified_gmt":"2023-12-24T12:07:49","slug":"nersant-inaugurou-a-quarta-startup-no-distrito-de-santarem","status":"publish","type":"post","link":"https:\/\/tintafresca.net\/index.php\/2023\/12\/24\/nersant-inaugurou-a-quarta-startup-no-distrito-de-santarem\/","title":{"rendered":"Nersant inaugura em Torres Novas quarta startup no distrito de Santar\u00e9m"},"content":{"rendered":"<div id=\"attachment_32661\" style=\"width: 510px\" class=\"wp-caption alignleft\"><img loading=\"lazy\" decoding=\"async\" aria-describedby=\"caption-attachment-32661\" class=\"wp-image-32661 size-full\" src=\"https:\/\/tintafresca.net\/wp-content\/uploads\/2023\/12\/TN_Startup10.jpg\" alt=\"\" width=\"500\" height=\"333\" srcset=\"https:\/\/tintafresca.net\/wp-content\/uploads\/2023\/12\/TN_Startup10.jpg 500w, https:\/\/tintafresca.net\/wp-content\/uploads\/2023\/12\/TN_Startup10-300x200.jpg 300w\" sizes=\"auto, (max-width: 500px) 100vw, 500px\" \/><p id=\"caption-attachment-32661\" class=\"wp-caption-text\">Manuel Valamatos, Ant\u00f3nio Pedroso Leal e Pedro Ferreira<\/p><\/div>\n<p>A Nersant &#8211; Associa\u00e7\u00e3o Empresarial da Regi\u00e3o de Santar\u00e9m, inaugurou, no dia 21 de dezembro, a Startup Nersant &#8211; Torres Novas, incubadora de empresas que pretende ser um polo dinamizador do empreendedorismo e da iniciativa empresarial na regi\u00e3o do Ribatejo. A Startup Nersant &#8211; Torres Novas junta-se \u00e0 rede de incubadoras da Nersant, que j\u00e1 inclui infraestruturas em Santar\u00e9m, Our\u00e9m e Alcanena.<\/p>\n<p>O apoio ao empreendedorismo e cria\u00e7\u00e3o de empresas continua a ser uma das prioridades da Nersant, tendo a associa\u00e7\u00e3o decidido colocar o seu pavilh\u00e3o de exposi\u00e7\u00f5es \u00e0 disposi\u00e7\u00e3o da iniciativa empresarial da regi\u00e3o, atrav\u00e9s da sua reconvers\u00e3o numa nova infraestrutura de incuba\u00e7\u00e3o e acelera\u00e7\u00e3o de empresas, nomeada Startup Nersant &#8211; Torres Novas.<\/p>\n<p>Este novo espa\u00e7o de acolhimento empresarial \u2013 onde j\u00e1 est\u00e3o incubadas empresas \u2013 tem como miss\u00e3o a promo\u00e7\u00e3o do desenvolvimento econ\u00f3mico do Ribatejo, incentivando quer empreendedores, quer empresas a investir e dinamizar a sua atividade econ\u00f3mica nesta regi\u00e3o.<\/p>\n<p>A abertura desta nova incubadora \u2013 que integra, a par das restantes startups da associa\u00e7\u00e3o, a rede RNI &#8211; Portugal Incubators da Startup Portugal \u2013 representa um marco na promo\u00e7\u00e3o da inova\u00e7\u00e3o e crescimento empresarial na regi\u00e3o, refletindo a miss\u00e3o da associa\u00e7\u00e3o em impulsionar a cria\u00e7\u00e3o e crescimento de empresas inovadoras. A nova incubadora oferece um ambiente prop\u00edcio ao desenvolvimento de startups, proporcionando n\u00e3o apenas espa\u00e7os f\u00edsicos para a instala\u00e7\u00e3o de neg\u00f3cios, mas tamb\u00e9m a possibilidade de pr\u00e9-incuba\u00e7\u00e3o \u2013 apoio t\u00e9cnico e mentoria \u00e0 cria\u00e7\u00e3o dos neg\u00f3cios \u2013 incuba\u00e7\u00e3o virtual e cowork, bem como salas de reuni\u00f5es e infraestruturas de apoio \u00e0 iniciativa empresarial.<\/p>\n<p>Na cerim\u00f3nia de inaugura\u00e7\u00e3o, o presidente da Dire\u00e7\u00e3o da Nersant, Ant\u00f3nio Pedroso Leal, afirmou que a Nersant continua a estar ao lado das empresas, destacando o simbolismo desta inaugura\u00e7\u00e3o. \u201cAqui foi criada e instalada, neste pavilh\u00e3o de exposi\u00e7\u00f5es, a Nersant, com atividade multidisciplinar no desenvolvimento do tecido empresarial, associa\u00e7\u00e3o que paulatinamente foi sedimentando a sua rela\u00e7\u00e3o de proximidade e de servi\u00e7o \u00e0 comunidade.\u201d<\/p>\n<p>Por isso, \u201c\u00e9 com grande orgulho que estamos hoje aqui para inaugurar mais uma das nossas iniciativas direcionadas para as novas empresas e para os empres\u00e1rios e jovens empres\u00e1rios, abrindo tamb\u00e9m espa\u00e7o para receber empresas que pretendam usufruir do nosso conhecimento e ajuda, no que concerne \u00e0 atividade empresarial, nas suas diversas \u00e1reas e vertentes\u201d, acrescentou.<\/p>\n<div id=\"attachment_32663\" style=\"width: 360px\" class=\"wp-caption alignleft\"><img loading=\"lazy\" decoding=\"async\" aria-describedby=\"caption-attachment-32663\" class=\"wp-image-32663\" src=\"https:\/\/tintafresca.net\/wp-content\/uploads\/2023\/12\/TN_Startup3.jpg\" alt=\"\" width=\"350\" height=\"698\" srcset=\"https:\/\/tintafresca.net\/wp-content\/uploads\/2023\/12\/TN_Startup3.jpg 428w, https:\/\/tintafresca.net\/wp-content\/uploads\/2023\/12\/TN_Startup3-150x300.jpg 150w\" sizes=\"auto, (max-width: 350px) 100vw, 350px\" \/><p id=\"caption-attachment-32663\" class=\"wp-caption-text\">Cartaz<\/p><\/div>\n<p>Ant\u00f3nio Pedroso Leal prosseguiu o seu discurso ressalvando a import\u00e2ncia da cria\u00e7\u00e3o de parcerias e sinergias entre os diversos atores regionais. \u201cPretendemos expandir este projeto, projetando a exist\u00eancia de uma rede que interligue estabelecimentos de ensino \u2013 profissionais e superiores \u2013 empresas e munic\u00edpios, num esfor\u00e7o conjunto para manter na regi\u00e3o a for\u00e7a de trabalho absolutamente necess\u00e1ria ao nosso desenvolvimento\u201d. \u201cA Nersant estar\u00e1 sempre dispon\u00edvel para estabelecer e aprofundar parcerias, permitindo rentabilizar os esfor\u00e7os de todos e assim permitir o nosso crescimento em conjunto\u201d, concluiu.<\/p>\n<p>O presidente da Comunidade Intermunicipal do M\u00e9dio Tejo, Manuel Valamatos, partilhou a perspetiva da CIMT sobre a iniciativa, destacando o alinhamento com os esfor\u00e7os regionais para impulsionar a inova\u00e7\u00e3o, o empreendedorismo e o desenvolvimento econ\u00f3mico. \u201cNeste dia importante, congratulo a associa\u00e7\u00e3o pela excelente remodela\u00e7\u00e3o deste espa\u00e7o onde nasceu a Nersant\u201d, come\u00e7ou por dizer, admitindo estarmos perante \u201ctempos desafiantes, que s\u00f3 ser\u00e3o mitigados em conjunto e com a uma Nersant\u201d ativa, viva e sens\u00edvel ao tecido empresarial\u201d.<\/p>\n<p>O presidente da C\u00e2mara Municipal de Torres Novas, Pedro Ferreira, enfatizou a vis\u00e3o da autarquia em rela\u00e7\u00e3o ao projeto e a sua import\u00e2ncia para o desenvolvimento local, tendo afirmado que o Munic\u00edpio est\u00e1 j\u00e1 a trabalhar em parceria com a Nersant no \u00e2mbito do apoio ao empreendedorismo. Classificou esta aposta da Nersant como \u201cum pequeno grande passo\u201d e congratulou a iniciativa, que vem refor\u00e7ar o apoio aos empreendedores e empresas que se pretendam instalar na regi\u00e3o.<\/p>\n<p>De referir que a Nersant \u00e9 l\u00edder no apoio ao empreendedorismo e cria\u00e7\u00e3o de empresas, dispondo de um programa de apoio t\u00e9cnico e consultoria para a cria\u00e7\u00e3o, matura\u00e7\u00e3o e acompanhamento p\u00f3s-in\u00edcio de atividade de novos neg\u00f3cios, que pretende n\u00e3o s\u00f3 ajudar trabalhar ideias de neg\u00f3cio, mas tamb\u00e9m ajudar a criar novas empresas na regi\u00e3o do Ribatejo.<\/p>\n<p>A necessidade de incuba\u00e7\u00e3o de empresas com condi\u00e7\u00f5es vantajosas para novos empres\u00e1rios, surgiu como uma necessidade subsequente desta estrat\u00e9gica, com a associa\u00e7\u00e3o a criar a sua primeira incubadora de empresas \u2013 a Startup Santar\u00e9m \u2013 , no ano de 2016, seguindo-se a cria\u00e7\u00e3o da Startup Our\u00e9m e da Startup Alcanena, a que se junta agora a Startup Nersant \u2013 Torres Novas, todas elas certificadas pela rede de incubadoras de empresas da Startup Portugal.<\/p>\n<p>Entre 2013 e 2022, a Nersant acompanhou a realiza\u00e7\u00e3o de cerca de 3.503 ideias de neg\u00f3cio, apoiou a cria\u00e7\u00e3o de 690 empresas e incubou 92 novas empresas na sua rede de Startups, incluindo 25 projetos internacionais.<\/p>\n<p><strong>\u00a0 \u00a0 Fonte: Nersant<\/strong><\/p>\n","protected":false},"excerpt":{"rendered":"<p>A Nersant &#8211; Associa\u00e7\u00e3o Empresarial da Regi\u00e3o de Santar\u00e9m, inaugurou, no dia 21 de dezembro, a Startup Nersant &#8211; Torres Novas, incubadora de empresas que pretende ser um polo dinamizador do empreendedorismo e da iniciativa empresarial na regi\u00e3o do Ribatejo. A Startup Nersant &#8211; Torres Novas junta-se \u00e0 rede de incubadoras da Nersant, que j\u00e1 [&hellip;]<\/p>\n","protected":false},"author":2,"featured_media":32662,"comment_status":"open","ping_status":"open","sticky":false,"template":"","format":"standard","meta":{"footnotes":""},"categories":[7],"tags":[],"class_list":["post-32657","post","type-post","status-publish","format-standard","has-post-thumbnail","hentry","category-economia"],"_links":{"self":[{"href":"https:\/\/tintafresca.net\/index.php\/wp-json\/wp\/v2\/posts\/32657","targetHints":{"allow":["GET"]}}],"collection":[{"href":"https:\/\/tintafresca.net\/index.php\/wp-json\/wp\/v2\/posts"}],"about":[{"href":"https:\/\/tintafresca.net\/index.php\/wp-json\/wp\/v2\/types\/post"}],"author":[{"embeddable":true,"href":"https:\/\/tintafresca.net\/index.php\/wp-json\/wp\/v2\/users\/2"}],"replies":[{"embeddable":true,"href":"https:\/\/tintafresca.net\/index.php\/wp-json\/wp\/v2\/comments?post=32657"}],"version-history":[{"count":7,"href":"https:\/\/tintafresca.net\/index.php\/wp-json\/wp\/v2\/posts\/32657\/revisions"}],"predecessor-version":[{"id":32667,"href":"https:\/\/tintafresca.net\/index.php\/wp-json\/wp\/v2\/posts\/32657\/revisions\/32667"}],"wp:featuredmedia":[{"embeddable":true,"href":"https:\/\/tintafresca.net\/index.php\/wp-json\/wp\/v2\/media\/32662"}],"wp:attachment":[{"href":"https:\/\/tintafresca.net\/index.php\/wp-json\/wp\/v2\/media?parent=32657"}],"wp:term":[{"taxonomy":"category","embeddable":true,"href":"https:\/\/tintafresca.net\/index.php\/wp-json\/wp\/v2\/categories?post=32657"},{"taxonomy":"post_tag","embeddable":true,"href":"https:\/\/tintafresca.net\/index.php\/wp-json\/wp\/v2\/tags?post=32657"}],"curies":[{"name":"wp","href":"https:\/\/api.w.org\/{rel}","templated":true}]}}