{"id":32668,"date":"2023-12-24T19:47:22","date_gmt":"2023-12-24T19:47:22","guid":{"rendered":"https:\/\/tintafresca.net\/?p=32668"},"modified":"2023-12-24T19:48:13","modified_gmt":"2023-12-24T19:48:13","slug":"projeto-para-compra-de-aparelho-de-reanimacao-vence-o-orcamento-participativo-da-nazare-2023","status":"publish","type":"post","link":"https:\/\/tintafresca.net\/index.php\/2023\/12\/24\/projeto-para-compra-de-aparelho-de-reanimacao-vence-o-orcamento-participativo-da-nazare-2023\/","title":{"rendered":"Projeto para compra de aparelho de reanima\u00e7\u00e3o vence o Or\u00e7amento Participativo da Nazar\u00e9 2023"},"content":{"rendered":"<div id=\"attachment_32670\" style=\"width: 269px\" class=\"wp-caption alignleft\"><img loading=\"lazy\" decoding=\"async\" aria-describedby=\"caption-attachment-32670\" class=\"wp-image-32670 size-full\" src=\"https:\/\/tintafresca.net\/wp-content\/uploads\/2023\/12\/disfibrilhador.png\" alt=\"\" width=\"259\" height=\"194\" \/><p id=\"caption-attachment-32670\" class=\"wp-caption-text\">Desfibrilhador<\/p><\/div>\n<p>O projeto \u201cBombeiros da Nazar\u00e9 e Lucas 3 \u2013 Preciosa ajuda a salvar vidas!\u201d, destinado \u00e0 aquisi\u00e7\u00e3o de um aparelho que auxilia as manobras de reanima\u00e7\u00e3o em situa\u00e7\u00f5es de paragem card\u00edaca, venceu o Or\u00e7amento Participativa 2023 do Munic\u00edpio da Nazar\u00e9.<\/p>\n<p>A vota\u00e7\u00e3o, de tr\u00eas dias [18 e 19 de dezembro online, e 20 de dezembro presencial], terminou ontem, e registou uma participa\u00e7\u00e3o de 190 votantes que, entre as duas propostas submetidas a escrut\u00ednio, escolheram atribuir o valor de 15 mil euros \u00e0 aquisi\u00e7\u00e3o de um dispositivo mec\u00e2nico de compress\u00e3o tor\u00e1cica, f\u00e1cil de utilizar, que ajuda as equipas de socorro (socorristas, param\u00e9dicos, m\u00e9dicos e enfermeiros) a manter compress\u00f5es tor\u00e1cicas eficazes e cont\u00ednuas nos pacientes em paragem card\u00edaca.<\/p>\n<p>A proposta vencedora, apresentada pela mun\u00edcipe Catarina Filipe, recolheu 151 votos (79% das prefer\u00eancias dos votantes), ao passo que o projeto que visava a cria\u00e7\u00e3o de um campo de basquetebol 3&#215;3, formulado por Marcos Jorge Costa, obteve 39 votos (21% das prefer\u00eancias dos votantes).<\/p>\n<p>Milton Estrelinha, adjunto do Presidente da C\u00e2mara da Nazar\u00e9, respons\u00e1vel pela condu\u00e7\u00e3o deste procedimento, disse, no final, que \u201co ato eleitoral decorreu dentro da normalidade, n\u00e3o tendo havido situa\u00e7\u00f5es de real\u00e7o\u201d.<\/p>\n<p>Ao Or\u00e7amento Participativo 2023 do Munic\u00edpio da Nazar\u00e9 candidataram-se 4 projetos, tendo dois deles [Passadi\u00e7o de madeira \u2013 foz do rio Alcoa e Zona ribeirinha \u201cconectar \u00e9 viver\u201d] sido exclu\u00eddos por n\u00e3o cumprirem os requisitos exigidos por neste processo.<\/p>\n<p>O or\u00e7amento participativo da Nazar\u00e9 teve in\u00edcio em 2016 e apenas foi interrompido no per\u00edodo de pandemia (2020 e 2021) tendo sido apresentados 24 projetos, no total, at\u00e9 a esta sexta edi\u00e7\u00e3o.<\/p>\n<p>Em 2016 venceu o projeto de Execu\u00e7\u00e3o da expans\u00e3o do Canil Municipal, destinado ao aumento da capacidade do canil para albergar c\u00e3es e gatos abandonados; em 2017 venceu a Reabilita\u00e7\u00e3o das instala\u00e7\u00f5es da Associa\u00e7\u00e3o Beneficente Valadense, que consistiu na recupera\u00e7\u00e3o deste equipamento comunit\u00e1rio com fracas condi\u00e7\u00f5es de conforto e bem-estar para os seus utilizadores; em 2018 efetuou-se a Reabilita\u00e7\u00e3o da sala polivalente do Centro Social da Freguesia de Famalic\u00e3o, que consistiu na cria\u00e7\u00e3o de uma \u00e1rea dedicada a atividades de lazer para crian\u00e7as e idosos.<\/p>\n<p>J\u00e1 em 2019 venceu a proposta para a cria\u00e7\u00e3o de uma Aplica\u00e7\u00e3o M\u00f3vel \u2013 Nazar\u00e9, uma app que concentra um variado leque de informa\u00e7\u00e3o dispon\u00edvel para todos os cidad\u00e3os que residam, trabalhem ou estudem no concelho da Nazar\u00e9; em 2022 venceu o projeto para a Aquisi\u00e7\u00e3o de material de prote\u00e7\u00e3o individual para os Bombeiros, indispens\u00e1vel \u00e0 seguran\u00e7a dos volunt\u00e1rios em opera\u00e7\u00f5es de socorro; e este ano a aquisi\u00e7\u00e3o de material de salvamento, a atribuir aos Bombeiros da vila.<\/p>\n<p>&nbsp;<\/p>\n<p>&nbsp;<\/p>\n","protected":false},"excerpt":{"rendered":"<p>O projeto \u201cBombeiros da Nazar\u00e9 e Lucas 3 \u2013 Preciosa ajuda a salvar vidas!\u201d, destinado \u00e0 aquisi\u00e7\u00e3o de um aparelho que auxilia as manobras de reanima\u00e7\u00e3o em situa\u00e7\u00f5es de paragem card\u00edaca, venceu o Or\u00e7amento Participativa 2023 do Munic\u00edpio da Nazar\u00e9. A vota\u00e7\u00e3o, de tr\u00eas dias [18 e 19 de dezembro online, e 20 de dezembro [&hellip;]<\/p>\n","protected":false},"author":2,"featured_media":32671,"comment_status":"open","ping_status":"open","sticky":false,"template":"","format":"standard","meta":{"footnotes":""},"categories":[6],"tags":[],"class_list":["post-32668","post","type-post","status-publish","format-standard","has-post-thumbnail","hentry","category-saude"],"_links":{"self":[{"href":"https:\/\/tintafresca.net\/index.php\/wp-json\/wp\/v2\/posts\/32668","targetHints":{"allow":["GET"]}}],"collection":[{"href":"https:\/\/tintafresca.net\/index.php\/wp-json\/wp\/v2\/posts"}],"about":[{"href":"https:\/\/tintafresca.net\/index.php\/wp-json\/wp\/v2\/types\/post"}],"author":[{"embeddable":true,"href":"https:\/\/tintafresca.net\/index.php\/wp-json\/wp\/v2\/users\/2"}],"replies":[{"embeddable":true,"href":"https:\/\/tintafresca.net\/index.php\/wp-json\/wp\/v2\/comments?post=32668"}],"version-history":[{"count":2,"href":"https:\/\/tintafresca.net\/index.php\/wp-json\/wp\/v2\/posts\/32668\/revisions"}],"predecessor-version":[{"id":32672,"href":"https:\/\/tintafresca.net\/index.php\/wp-json\/wp\/v2\/posts\/32668\/revisions\/32672"}],"wp:featuredmedia":[{"embeddable":true,"href":"https:\/\/tintafresca.net\/index.php\/wp-json\/wp\/v2\/media\/32671"}],"wp:attachment":[{"href":"https:\/\/tintafresca.net\/index.php\/wp-json\/wp\/v2\/media?parent=32668"}],"wp:term":[{"taxonomy":"category","embeddable":true,"href":"https:\/\/tintafresca.net\/index.php\/wp-json\/wp\/v2\/categories?post=32668"},{"taxonomy":"post_tag","embeddable":true,"href":"https:\/\/tintafresca.net\/index.php\/wp-json\/wp\/v2\/tags?post=32668"}],"curies":[{"name":"wp","href":"https:\/\/api.w.org\/{rel}","templated":true}]}}