{"id":32751,"date":"2023-12-30T00:46:03","date_gmt":"2023-12-30T00:46:03","guid":{"rendered":"https:\/\/tintafresca.net\/?p=32751"},"modified":"2023-12-30T00:56:20","modified_gmt":"2023-12-30T00:56:20","slug":"nerlei-cci-integra-estatuto-de-camara-de-comercio-e-industria-na-nova-imagem-e-comunicacao","status":"publish","type":"post","link":"https:\/\/tintafresca.net\/index.php\/2023\/12\/30\/nerlei-cci-integra-estatuto-de-camara-de-comercio-e-industria-na-nova-imagem-e-comunicacao\/","title":{"rendered":"Nerlei CCI integra estatuto de C\u00e2mara de Com\u00e9rcio e Ind\u00fastria na nova imagem e comunica\u00e7\u00e3o"},"content":{"rendered":"<p><img loading=\"lazy\" decoding=\"async\" class=\"alignleft wp-image-32753 size-full\" src=\"https:\/\/tintafresca.net\/wp-content\/uploads\/2023\/12\/Nerlei.png\" alt=\"\" width=\"295\" height=\"190\" \/>Em junho deste ano a Nerlei foi reconhecida como C\u00e2mara de Com\u00e9rcio e Ind\u00fastria. A par deste reconhecimento, a Associa\u00e7\u00e3o estava j\u00e1 a introduzir algumas altera\u00e7\u00f5es na sua comunica\u00e7\u00e3o, como forma de a modernizar e aproximar, ainda mais, dos seus p\u00fablicos-alvo.<\/p>\n<p>Juntando estas duas circunst\u00e2ncias e para salientar o novo estatuto de C\u00e2mara de Com\u00e9rcio e Ind\u00fastria procedeu-se \u00e0 altera\u00e7\u00e3o do log\u00f3tipo, que passou a incluir a designa\u00e7\u00e3o \u2018C\u00e2mara de Com\u00e9rcio e Ind\u00fastria\u2019, e \u00e0 designa\u00e7\u00e3o da NERLEI que passa a ser Nerlei CCI &#8211; Associa\u00e7\u00e3o Empresarial da Regi\u00e3o de Leiria\/C\u00e2mara de Com\u00e9rcio e Ind\u00fastria, abreviada em sigla Nerlei CCI.<\/p>\n<p>No \u00e2mbito destas mudan\u00e7as de log\u00f3tipo, designa\u00e7\u00e3o e tamb\u00e9m da nova imagem foram j\u00e1 atualizados os banners do site da Nerlei, com cores e mensagens alusivas a cada uma das \u00e1reas de interven\u00e7\u00e3o da Nerlei, e as capas e perfis das redes sociais, que integram novas mensagens de comunica\u00e7\u00e3o institucional que partem da ideia central de que \u201cSer Nerlei \u00e9 mais do que pertencer a uma associa\u00e7\u00e3o empresarial\u201d.<\/p>\n<p>Foram tamb\u00e9m desenvolvidas novas assinaturas de e-mail, que incluem a foto dos membros da equipa da Nerlei, procurando desta forma uma <u>maior proximidade<\/u> nos contactos por esta via.<\/p>\n<p>Por fim, foi tamb\u00e9m criada a nossa 5\u00aa Rede Social: o Instagram. Recorde-se que a Nerlei CCI tem j\u00e1 presen\u00e7a digital no seu website <a href=\"http:\/\/www.nerlei.pt\">www.nerlei.pt<\/a>, no Facebook, no Linkedin, no X, no Youtube e agora no Instagram.<\/p>\n<p><strong>\u00a0 \u00a0 Fonte: Nerlei<\/strong><\/p>\n","protected":false},"excerpt":{"rendered":"<p>Em junho deste ano a Nerlei foi reconhecida como C\u00e2mara de Com\u00e9rcio e Ind\u00fastria. A par deste reconhecimento, a Associa\u00e7\u00e3o estava j\u00e1 a introduzir algumas altera\u00e7\u00f5es na sua comunica\u00e7\u00e3o, como forma de a modernizar e aproximar, ainda mais, dos seus p\u00fablicos-alvo. Juntando estas duas circunst\u00e2ncias e para salientar o novo estatuto de C\u00e2mara de Com\u00e9rcio [&hellip;]<\/p>\n","protected":false},"author":2,"featured_media":32754,"comment_status":"open","ping_status":"open","sticky":false,"template":"","format":"standard","meta":{"footnotes":""},"categories":[7],"tags":[],"class_list":["post-32751","post","type-post","status-publish","format-standard","has-post-thumbnail","hentry","category-economia"],"_links":{"self":[{"href":"https:\/\/tintafresca.net\/index.php\/wp-json\/wp\/v2\/posts\/32751","targetHints":{"allow":["GET"]}}],"collection":[{"href":"https:\/\/tintafresca.net\/index.php\/wp-json\/wp\/v2\/posts"}],"about":[{"href":"https:\/\/tintafresca.net\/index.php\/wp-json\/wp\/v2\/types\/post"}],"author":[{"embeddable":true,"href":"https:\/\/tintafresca.net\/index.php\/wp-json\/wp\/v2\/users\/2"}],"replies":[{"embeddable":true,"href":"https:\/\/tintafresca.net\/index.php\/wp-json\/wp\/v2\/comments?post=32751"}],"version-history":[{"count":2,"href":"https:\/\/tintafresca.net\/index.php\/wp-json\/wp\/v2\/posts\/32751\/revisions"}],"predecessor-version":[{"id":32755,"href":"https:\/\/tintafresca.net\/index.php\/wp-json\/wp\/v2\/posts\/32751\/revisions\/32755"}],"wp:featuredmedia":[{"embeddable":true,"href":"https:\/\/tintafresca.net\/index.php\/wp-json\/wp\/v2\/media\/32754"}],"wp:attachment":[{"href":"https:\/\/tintafresca.net\/index.php\/wp-json\/wp\/v2\/media?parent=32751"}],"wp:term":[{"taxonomy":"category","embeddable":true,"href":"https:\/\/tintafresca.net\/index.php\/wp-json\/wp\/v2\/categories?post=32751"},{"taxonomy":"post_tag","embeddable":true,"href":"https:\/\/tintafresca.net\/index.php\/wp-json\/wp\/v2\/tags?post=32751"}],"curies":[{"name":"wp","href":"https:\/\/api.w.org\/{rel}","templated":true}]}}