{"id":32759,"date":"2023-12-30T17:28:05","date_gmt":"2023-12-30T17:28:05","guid":{"rendered":"https:\/\/tintafresca.net\/?p=32759"},"modified":"2023-12-31T15:57:53","modified_gmt":"2023-12-31T15:57:53","slug":"centro-hospitalar-de-leiria-apela-para-utentes-recorrerem-a-urgencia-apenas-em-casos-urgentes","status":"publish","type":"post","link":"https:\/\/tintafresca.net\/index.php\/2023\/12\/30\/centro-hospitalar-de-leiria-apela-para-utentes-recorrerem-a-urgencia-apenas-em-casos-urgentes\/","title":{"rendered":"Centro Hospitalar de Leiria apela para utentes recorrerem \u00e0 Urg\u00eancia apenas em casos urgentes"},"content":{"rendered":"<div id=\"attachment_10131\" style=\"width: 510px\" class=\"wp-caption alignleft\"><img loading=\"lazy\" decoding=\"async\" aria-describedby=\"caption-attachment-10131\" class=\"wp-image-10131 size-full\" src=\"https:\/\/tintafresca.net\/wp-content\/uploads\/2021\/10\/Hospital-de-Santo-Andre-Leiria10.jpg\" alt=\"\" width=\"500\" height=\"375\" srcset=\"https:\/\/tintafresca.net\/wp-content\/uploads\/2021\/10\/Hospital-de-Santo-Andre-Leiria10.jpg 500w, https:\/\/tintafresca.net\/wp-content\/uploads\/2021\/10\/Hospital-de-Santo-Andre-Leiria10-300x225.jpg 300w\" sizes=\"auto, (max-width: 500px) 100vw, 500px\" \/><p id=\"caption-attachment-10131\" class=\"wp-caption-text\">Hospital de Santo Andr\u00e9<\/p><\/div>\n<p>O Centro Hospitalar de Leiria (CHL) refor\u00e7ou, no dia 29 de dezembro, o apelo para que os utentes recorram primeiro aos Cuidados de Sa\u00fade Prim\u00e1rios, e venham \u00e0 Urg\u00eancia apenas em casos urgentes. Para dar resposta efetiva aos utentes que necessitam de cuidados de sa\u00fade, neste per\u00edodo gripal, durante a \u00e9poca de Ano Novo ser\u00e3o alargados os hor\u00e1rios entre os dias 30 de dezembro e 2 de janeiro, nos Cuidados de Sa\u00fade Prim\u00e1rios, evitando a elevada aflu\u00eancia que se tem sentido nas urg\u00eancias hospitalares.<\/p>\n<p>O CHL sensibiliza os utentes n\u00e3o urgentes para recorrerem \u00e0 linha SNS 24 (808 24 24 24), dispon\u00edvel para esclarecer as suas d\u00favidas e encaminh\u00e1-los se necess\u00e1rio, 24 horas por dia, todos os dias, bem como aos cuidados de sa\u00fade prim\u00e1rios, dirigindo-se ao seu Centro de Sa\u00fade para serem assistidos pelo seu m\u00e9dico de fam\u00edlia, ou pelo seu m\u00e9dico assistente, ou para serem observados na Consulta Aberta.<\/p>\n<p>Cada m\u00e9dico tem, no seu hor\u00e1rio, per\u00edodos di\u00e1rios de consulta n\u00e3o programada destinados, preferencialmente, a situa\u00e7\u00f5es de doen\u00e7a aguda dos seus utentes, como febre, tosse, v\u00f3mitos, diarreia e dor, por exemplo. O utente deve procurar primeiro esta alternativa onde ser\u00e1 atendido pela equipa de fam\u00edlia que melhor o conhece e o segue habitualmente. Caso haja necessidade, estes doentes ser\u00e3o encaminhados ao hospital, onde ter\u00e3o prioridade de atendimento dentro do seu grau de urg\u00eancia.<\/p>\n<p>Para prevenir as infe\u00e7\u00f5es respirat\u00f3rias, para al\u00e9m da vacina\u00e7\u00e3o contra a gripe, s\u00e3o essenciais a higiene das m\u00e3os, a etiqueta respirat\u00f3ria (tossir ou espirrar para um len\u00e7o descart\u00e1vel ou para o antebra\u00e7o) e no caso de estar infetado aconselha-se o distanciamento social e a utiliza\u00e7\u00e3o de m\u00e1scara.<\/p>\n<p>O Servi\u00e7o de Urg\u00eancia Geral do CHL continua a ter uma percentagem muito significativa de utentes n\u00e3o urgentes e doentes pouco urgentes, o que dificulta a resposta adequada aos doentes que efetivamente necessitam de cuidados de sa\u00fade. A ida \u00e0 Urg\u00eancia sem indica\u00e7\u00e3o m\u00e9dica e em casos n\u00e3o urgentes propicia a acumula\u00e7\u00e3o de pessoas nos servi\u00e7os, o que gera o aumento anormal dos tempos de espera.<\/p>\n<p><strong><u>Dia 30 de dezembro<\/u><\/strong><\/p>\n<p>Centro de Sa\u00fade da Batalha<br \/>\nUSF Condest\u00e1vel \u2013 Batalha, das 09h00 \u00e0s 13h00.<\/p>\n<p>Centro de Sa\u00fade Dr. Arnaldo Sampaio<br \/>\nServi\u00e7o de Atendimento Complementar das 09h00 \u00e0s 13h00.<\/p>\n<p>Centro de Sa\u00fade Dr. Gorj\u00e3o Henriques<br \/>\nServi\u00e7o de Atendimento Complementar das 09h00 \u00e0s 13h00.<\/p>\n<p>Centro de Sa\u00fade da Marinha Grande<br \/>\nServi\u00e7o de Atendimento Permanente das 00h00 \u00e0s 24h00.<\/p>\n<p>Centro de Sa\u00fade Porto de M\u00f3s<br \/>\nServi\u00e7o de Atendimento Complementar das 08h00 \u00e0s 14h00.<\/p>\n<p>Centro de Sa\u00fade de Our\u00e9m<br \/>\nServi\u00e7o de Atendimento Complementar das 09h00 \u00e0s 19h00.<\/p>\n<p>Centro de Sa\u00fade da Nazar\u00e9<br \/>\nServi\u00e7o de Atendimento Complementar das 14h00 \u00e0s 24h00.<\/p>\n<p><strong><u>Dias 31 de dezembro e 1 de janeiro<\/u><\/strong><\/p>\n<p>Centro de Sa\u00fade Dr. Arnaldo Sampaio<br \/>\nServi\u00e7o de Atendimento Complementar das 09h00 \u00e0s 13h00.<\/p>\n<p>Centro de Sa\u00fade Dr. Gorj\u00e3o Henriques<br \/>\nServi\u00e7o de Atendimento Complementar das 09h00 \u00e0s 13h00.<\/p>\n<p>Centro de Sa\u00fade da Marinha Grande<br \/>\nServi\u00e7o de Atendimento Permanente das 00h00 \u00e0s 24h00.<\/p>\n<p>Centro de Sa\u00fade Porto de M\u00f3s<br \/>\nServi\u00e7o de Atendimento Complementar das 08h00 \u00e0s 14h00.<\/p>\n<p>Centro de Sa\u00fade de Our\u00e9m<br \/>\nServi\u00e7o de Atendimento Complementar das 09h00 \u00e0s 19h00.<\/p>\n<p>Centro de Sa\u00fade da Nazar\u00e9<br \/>\nServi\u00e7o de Atendimento Complementar das 14h00 \u00e0s 24h00.<\/p>\n<p><strong><u>No dia 2 de janeiro<\/u><\/strong><\/p>\n<p>Centro de Sa\u00fade da Batalha<br \/>\nUSF Condest\u00e1vel \u2013 Batalha, das 09h00 \u00e0s 13h00<\/p>\n<p>Centro Sa\u00fade Dr. Arnaldo Sampaio<\/p>\n<ul>\n<li>USF Santiago das 09h00 \u00e0s 13h00;<\/li>\n<li>USF Martingil das 09:00 \u00e0s 13h00;<\/li>\n<li>USF Fonte do Rei (Maceira) das 09h00 \u00e0s 13h00;<\/li>\n<li>UCSP Campos do Lis (Polo dos Parceiros) das 09h00 \u00e0s 13h00;<\/li>\n<li>UCSP Norte (Polo de Monte Redondo) das 09:00 \u00e0s 13h00.<\/li>\n<\/ul>\n<p>Centro Sa\u00fade Dr. Gorj\u00e3o Henriques<\/p>\n<ul>\n<li>USF D. Diniz das 09h00 \u00e0s 13h00;<\/li>\n<li>USF Cidade do Lis das 09h00 \u00e0s 13h00;<\/li>\n<li>USF Polis das 09h00 \u00e0s 13h00;<\/li>\n<li>USF Leiria Nascente (Polo dos Pousos) das 09h00 \u00e0s 13h00;<\/li>\n<li>UCSP A Cidade e as Serras (Polo do Arrabal) das 09h00 \u00e0s 13h00;<\/li>\n<li>UCSP Flor do Lis (Polo do Souto da Carpalhosa) das 09h00 \u00e0s 13h00;<\/li>\n<li>UCSP Lapedo (Polo de Santa Euf\u00e9mia) das 09h00 \u00e0s 13h00.<\/li>\n<\/ul>\n<p>Centro de Sa\u00fade da Marinha Grande<\/p>\n<ul>\n<li>USF V\u00edtrius das 09h00 \u00e0s 13h00;<\/li>\n<li>USF Stephens das 09h00 \u00e0s 13h00;<\/li>\n<li>USF Semear das 09h00 \u00e0s 13h00;<\/li>\n<li>UCSP Atl\u00e2ntica das 09h00 \u00e0s 13h00;<\/li>\n<li>Servi\u00e7o de Atendimento Permanente das 20h00 \u00e0s 08h00.<\/li>\n<\/ul>\n<p>Centro de Sa\u00fade de Pombal<\/p>\n<ul>\n<li>USF Marqu\u00eas das 09h00 \u00e0s 13h00;<\/li>\n<li>USF S. Martinho das 09h00 \u00e0s 13h00;<\/li>\n<li>USF Pombal Oeste (Guia) das 09h00 \u00e0s 13h00;<\/li>\n<li>UCSP do Sic\u00f3 (Polo de Carnide) das 09h00 \u00e0s 13h00;<\/li>\n<li>UCSP do Vale do Arunca (Polo da Pelariga) das 09h00 \u00e0s 13:00.<\/li>\n<\/ul>\n<p>Centro de Sa\u00fade de Porto M\u00f3s<\/p>\n<ul>\n<li>USF Aire e Candeeiros (Sede) das 09:00 \u00e0s 13:00;<\/li>\n<li>USF Novos Horizontes (Polo Juncal) das 09h00 \u00e0s 13h00.<\/li>\n<\/ul>\n<p>Centro de Sa\u00fade de Our\u00e9m<\/p>\n<ul>\n<li>Servi\u00e7o de Atendimento Complementar das 09h00 \u00e0s 19h00.<\/li>\n<\/ul>\n<p>Centro de Sa\u00fade da Nazar\u00e9<\/p>\n<ul>\n<li>Servi\u00e7o de Atendimento Complementar das 14h00 \u00e0s 24h00.<\/li>\n<\/ul>\n<p><strong> \u00a0 Fonte: Midlandcom<\/strong><\/p>\n","protected":false},"excerpt":{"rendered":"<p>O Centro Hospitalar de Leiria (CHL) refor\u00e7ou, no dia 29 de dezembro, o apelo para que os utentes recorram primeiro aos Cuidados de Sa\u00fade Prim\u00e1rios, e venham \u00e0 Urg\u00eancia apenas em casos urgentes. Para dar resposta efetiva aos utentes que necessitam de cuidados de sa\u00fade, neste per\u00edodo gripal, durante a \u00e9poca de Ano Novo ser\u00e3o [&hellip;]<\/p>\n","protected":false},"author":2,"featured_media":29375,"comment_status":"open","ping_status":"open","sticky":false,"template":"","format":"standard","meta":{"footnotes":""},"categories":[6],"tags":[],"class_list":["post-32759","post","type-post","status-publish","format-standard","has-post-thumbnail","hentry","category-saude"],"_links":{"self":[{"href":"https:\/\/tintafresca.net\/index.php\/wp-json\/wp\/v2\/posts\/32759","targetHints":{"allow":["GET"]}}],"collection":[{"href":"https:\/\/tintafresca.net\/index.php\/wp-json\/wp\/v2\/posts"}],"about":[{"href":"https:\/\/tintafresca.net\/index.php\/wp-json\/wp\/v2\/types\/post"}],"author":[{"embeddable":true,"href":"https:\/\/tintafresca.net\/index.php\/wp-json\/wp\/v2\/users\/2"}],"replies":[{"embeddable":true,"href":"https:\/\/tintafresca.net\/index.php\/wp-json\/wp\/v2\/comments?post=32759"}],"version-history":[{"count":2,"href":"https:\/\/tintafresca.net\/index.php\/wp-json\/wp\/v2\/posts\/32759\/revisions"}],"predecessor-version":[{"id":32761,"href":"https:\/\/tintafresca.net\/index.php\/wp-json\/wp\/v2\/posts\/32759\/revisions\/32761"}],"wp:featuredmedia":[{"embeddable":true,"href":"https:\/\/tintafresca.net\/index.php\/wp-json\/wp\/v2\/media\/29375"}],"wp:attachment":[{"href":"https:\/\/tintafresca.net\/index.php\/wp-json\/wp\/v2\/media?parent=32759"}],"wp:term":[{"taxonomy":"category","embeddable":true,"href":"https:\/\/tintafresca.net\/index.php\/wp-json\/wp\/v2\/categories?post=32759"},{"taxonomy":"post_tag","embeddable":true,"href":"https:\/\/tintafresca.net\/index.php\/wp-json\/wp\/v2\/tags?post=32759"}],"curies":[{"name":"wp","href":"https:\/\/api.w.org\/{rel}","templated":true}]}}