{"id":32787,"date":"2024-01-01T10:54:21","date_gmt":"2024-01-01T10:54:21","guid":{"rendered":"https:\/\/tintafresca.net\/?p=32787"},"modified":"2024-01-01T10:54:21","modified_gmt":"2024-01-01T10:54:21","slug":"unidade-local-de-saude-do-oeste-inicia-atividade-em-1-de-janeiro-de-2024","status":"publish","type":"post","link":"https:\/\/tintafresca.net\/index.php\/2024\/01\/01\/unidade-local-de-saude-do-oeste-inicia-atividade-em-1-de-janeiro-de-2024\/","title":{"rendered":"Unidade Local de Sa\u00fade do Oeste inicia atividade em 1 de janeiro de 2024"},"content":{"rendered":"<p><img loading=\"lazy\" decoding=\"async\" class=\"alignleft wp-image-32789\" src=\"https:\/\/tintafresca.net\/wp-content\/uploads\/2024\/01\/ULS-OESTE.png\" alt=\"\" width=\"500\" height=\"82\" srcset=\"https:\/\/tintafresca.net\/wp-content\/uploads\/2024\/01\/ULS-OESTE.png 2682w, https:\/\/tintafresca.net\/wp-content\/uploads\/2024\/01\/ULS-OESTE-300x49.png 300w, https:\/\/tintafresca.net\/wp-content\/uploads\/2024\/01\/ULS-OESTE-1024x168.png 1024w, https:\/\/tintafresca.net\/wp-content\/uploads\/2024\/01\/ULS-OESTE-768x126.png 768w, https:\/\/tintafresca.net\/wp-content\/uploads\/2024\/01\/ULS-OESTE-1536x253.png 1536w, https:\/\/tintafresca.net\/wp-content\/uploads\/2024\/01\/ULS-OESTE-2048x337.png 2048w\" sizes=\"auto, (max-width: 500px) 100vw, 500px\" \/>A partir de 1 de janeiro de 2024 ser\u00e1 criada uma nova entidade \u2013 Unidade Local de Sa\u00fade do Oeste (ULSO) \u2013 que ir\u00e1 agregar o Centro Hospitalar do Oeste com o ACES Oeste Norte (Centros de Sa\u00fade do Bombarral, Caldas da Rainha, \u00d3bidos e Peniche) e o ACES Oeste Sul (com exce\u00e7\u00e3o do Centro de Sa\u00fade de Mafra).<\/p>\n<p>O Conselho de Administra\u00e7\u00e3o do Centro Hospitalar do Oeste, E.P.E. prev\u00ea que com a cria\u00e7\u00e3o da ULSO exista uma maior integra\u00e7\u00e3o de cuidados, maior capacidade de resposta e apoio \u00e0 popula\u00e7\u00e3o e que sejam potencializados ganhos em sa\u00fade para toda a popula\u00e7\u00e3o da regi\u00e3o Oeste.<\/p>\n<p>No decorrer dos \u00faltimos meses, o Conselho de Administra\u00e7\u00e3o do Centro Hospitalar do Oeste em conjunto com a Dire\u00e7\u00e3o Executiva do ACES Oeste Sul e com a Dire\u00e7\u00e3o Executiva do ACES Oeste Norte trabalharam em conjunto no processo de desenvolvimento da ULSO, com o objetivo de garantir que, no dia 1 de janeiro de 2024, exista uma estrutura apta a receber a nova din\u00e2mica e organiza\u00e7\u00e3o que ser\u00e1 nova para todos os Profissionais.<\/p>\n<p>Salienta-se que o processo de transi\u00e7\u00e3o para a nova entidade n\u00e3o implicar\u00e1 constrangimentos na presta\u00e7\u00e3o de cuidados, nem exigir\u00e1 por parte dos utentes, altera\u00e7\u00f5es no relacionamento com as v\u00e1rias Institui\u00e7\u00f5es que ir\u00e3o integrar esta nova Entidade.<\/p>\n<p>A popula\u00e7\u00e3o residente da \u00e1rea geogr\u00e1fica de influ\u00eancia da ULS do Oeste ser\u00e1 de 235.231 habitantes, distribu\u00eddos por aproximadamente 1.348 km<sup>2<\/sup>.<\/p>\n<p>Atualmente o Centro Hospitalar do Oeste integra os hospitais de Caldas da Rainha, Peniche e Torres Vedras, tendo uma \u00e1rea de influ\u00eancia constitu\u00edda pelas popula\u00e7\u00f5es dos concelhos de Caldas da Rainha, \u00d3bidos, Peniche, Bombarral, Torres Vedras, Cadaval e Lourinh\u00e3 e de parte dos concelhos de Alcoba\u00e7a (freguesias de Alfeizer\u00e3o, Benedita e S\u00e3o Martinho do Porto) e de Mafra (com exce\u00e7\u00e3o das freguesias de Malveira, Milharado, Santo Est\u00eav\u00e3o das Gal\u00e9s e Venda do Pinheiro), abrangendo 298.390 habitantes.<\/p>\n<p><strong>\u00a0 \u00a0Fonte: GC|CHO<\/strong><\/p>\n","protected":false},"excerpt":{"rendered":"<p>A partir de 1 de janeiro de 2024 ser\u00e1 criada uma nova entidade \u2013 Unidade Local de Sa\u00fade do Oeste (ULSO) \u2013 que ir\u00e1 agregar o Centro Hospitalar do Oeste com o ACES Oeste Norte (Centros de Sa\u00fade do Bombarral, Caldas da Rainha, \u00d3bidos e Peniche) e o ACES Oeste Sul (com exce\u00e7\u00e3o do Centro [&hellip;]<\/p>\n","protected":false},"author":2,"featured_media":32791,"comment_status":"open","ping_status":"open","sticky":false,"template":"","format":"standard","meta":{"footnotes":""},"categories":[6],"tags":[],"class_list":["post-32787","post","type-post","status-publish","format-standard","has-post-thumbnail","hentry","category-saude"],"_links":{"self":[{"href":"https:\/\/tintafresca.net\/index.php\/wp-json\/wp\/v2\/posts\/32787","targetHints":{"allow":["GET"]}}],"collection":[{"href":"https:\/\/tintafresca.net\/index.php\/wp-json\/wp\/v2\/posts"}],"about":[{"href":"https:\/\/tintafresca.net\/index.php\/wp-json\/wp\/v2\/types\/post"}],"author":[{"embeddable":true,"href":"https:\/\/tintafresca.net\/index.php\/wp-json\/wp\/v2\/users\/2"}],"replies":[{"embeddable":true,"href":"https:\/\/tintafresca.net\/index.php\/wp-json\/wp\/v2\/comments?post=32787"}],"version-history":[{"count":2,"href":"https:\/\/tintafresca.net\/index.php\/wp-json\/wp\/v2\/posts\/32787\/revisions"}],"predecessor-version":[{"id":32790,"href":"https:\/\/tintafresca.net\/index.php\/wp-json\/wp\/v2\/posts\/32787\/revisions\/32790"}],"wp:featuredmedia":[{"embeddable":true,"href":"https:\/\/tintafresca.net\/index.php\/wp-json\/wp\/v2\/media\/32791"}],"wp:attachment":[{"href":"https:\/\/tintafresca.net\/index.php\/wp-json\/wp\/v2\/media?parent=32787"}],"wp:term":[{"taxonomy":"category","embeddable":true,"href":"https:\/\/tintafresca.net\/index.php\/wp-json\/wp\/v2\/categories?post=32787"},{"taxonomy":"post_tag","embeddable":true,"href":"https:\/\/tintafresca.net\/index.php\/wp-json\/wp\/v2\/tags?post=32787"}],"curies":[{"name":"wp","href":"https:\/\/api.w.org\/{rel}","templated":true}]}}