{"id":32807,"date":"2024-01-02T21:18:51","date_gmt":"2024-01-02T21:18:51","guid":{"rendered":"https:\/\/tintafresca.net\/?p=32807"},"modified":"2024-01-02T21:25:50","modified_gmt":"2024-01-02T21:25:50","slug":"mariana-mortagua-reune-esta-quarta-feira-com-a-comissao-de-utentes-de-saude-de-porto-de-mos","status":"publish","type":"post","link":"https:\/\/tintafresca.net\/index.php\/2024\/01\/02\/mariana-mortagua-reune-esta-quarta-feira-com-a-comissao-de-utentes-de-saude-de-porto-de-mos\/","title":{"rendered":"Mariana Mort\u00e1gua re\u00fane esta quarta-feira com a Comiss\u00e3o de Utentes de Sa\u00fade de Porto de M\u00f3s"},"content":{"rendered":"<div id=\"attachment_32110\" style=\"width: 245px\" class=\"wp-caption alignleft\"><img loading=\"lazy\" decoding=\"async\" aria-describedby=\"caption-attachment-32110\" class=\"wp-image-32110 size-full\" src=\"https:\/\/tintafresca.net\/wp-content\/uploads\/2023\/11\/mariana-mortagua_010.jpg\" alt=\"\" width=\"235\" height=\"220\" \/><p id=\"caption-attachment-32110\" class=\"wp-caption-text\">Mariana Mort\u00e1gua<\/p><\/div>\n<p>A coordenadora nacional do Bloco de Esquerda, Mariana Mort\u00e1gua, e o cabe\u00e7a de lista \u00e0s elei\u00e7\u00f5es legislativas pelo c\u00edrculo eleitoral de Leiria, Rafael Henriques, re\u00fanem esta quarta-feira, dia 3 de janeiro, com a Comiss\u00e3o de Utentes de Sa\u00fade de Porto de M\u00f3s. A reuni\u00e3o ter\u00e1 in\u00edcio \u00e0s 10h30 no Centro de Sa\u00fade de Porto de M\u00f3s, onde a falta m\u00e9dicos est\u00e1 a afetar o normal funcionamento dos servi\u00e7os e o atendimento prestado \u00e0 popula\u00e7\u00e3o.<\/p>\n","protected":false},"excerpt":{"rendered":"<p>A coordenadora nacional do Bloco de Esquerda, Mariana Mort\u00e1gua, e o cabe\u00e7a de lista \u00e0s elei\u00e7\u00f5es legislativas pelo c\u00edrculo eleitoral de Leiria, Rafael Henriques, re\u00fanem esta quarta-feira, dia 3 de janeiro, com a Comiss\u00e3o de Utentes de Sa\u00fade de Porto de M\u00f3s. A reuni\u00e3o ter\u00e1 in\u00edcio \u00e0s 10h30 no Centro de Sa\u00fade de Porto de [&hellip;]<\/p>\n","protected":false},"author":2,"featured_media":32110,"comment_status":"open","ping_status":"open","sticky":false,"template":"","format":"standard","meta":{"footnotes":""},"categories":[6],"tags":[],"class_list":["post-32807","post","type-post","status-publish","format-standard","has-post-thumbnail","hentry","category-saude"],"_links":{"self":[{"href":"https:\/\/tintafresca.net\/index.php\/wp-json\/wp\/v2\/posts\/32807","targetHints":{"allow":["GET"]}}],"collection":[{"href":"https:\/\/tintafresca.net\/index.php\/wp-json\/wp\/v2\/posts"}],"about":[{"href":"https:\/\/tintafresca.net\/index.php\/wp-json\/wp\/v2\/types\/post"}],"author":[{"embeddable":true,"href":"https:\/\/tintafresca.net\/index.php\/wp-json\/wp\/v2\/users\/2"}],"replies":[{"embeddable":true,"href":"https:\/\/tintafresca.net\/index.php\/wp-json\/wp\/v2\/comments?post=32807"}],"version-history":[{"count":2,"href":"https:\/\/tintafresca.net\/index.php\/wp-json\/wp\/v2\/posts\/32807\/revisions"}],"predecessor-version":[{"id":32809,"href":"https:\/\/tintafresca.net\/index.php\/wp-json\/wp\/v2\/posts\/32807\/revisions\/32809"}],"wp:featuredmedia":[{"embeddable":true,"href":"https:\/\/tintafresca.net\/index.php\/wp-json\/wp\/v2\/media\/32110"}],"wp:attachment":[{"href":"https:\/\/tintafresca.net\/index.php\/wp-json\/wp\/v2\/media?parent=32807"}],"wp:term":[{"taxonomy":"category","embeddable":true,"href":"https:\/\/tintafresca.net\/index.php\/wp-json\/wp\/v2\/categories?post=32807"},{"taxonomy":"post_tag","embeddable":true,"href":"https:\/\/tintafresca.net\/index.php\/wp-json\/wp\/v2\/tags?post=32807"}],"curies":[{"name":"wp","href":"https:\/\/api.w.org\/{rel}","templated":true}]}}